{"id":12794,"date":"2026-09-02T15:20:07","date_gmt":"2026-09-02T18:20:07","guid":{"rendered":"https:\/\/radioatalaiafmerechim.com.br\/portal\/?p=12794"},"modified":"2026-09-02T15:20:08","modified_gmt":"2026-09-02T18:20:08","slug":"fort-atacadista-oferece-180-vagas-de-emprego-em-erechim","status":"publish","type":"post","link":"https:\/\/radioatalaiafmerechim.com.br\/portal\/fort-atacadista-oferece-180-vagas-de-emprego-em-erechim\/","title":{"rendered":"Fort Atacadista oferece 180 vagas de emprego em Erechim."},"content":{"rendered":"\n<p class=\"has-large-font-size wp-block-paragraph\">Sele\u00e7\u00e3o ser\u00e1 realizada de 9 a 11 de setembro no Sine para diversas fun\u00e7\u00f5es.<\/p>\n\n\n\n<p class=\"has-medium-font-size wp-block-paragraph\"><strong>N\u00e3o \u00e9 preciso ter experi\u00eancia<\/strong>.<br>O Fort Atacadista vai promover Feir\u00e3o de Empregos na pr\u00f3xima semana para sua primeira loja em Erechim. Para compor a equipe, a rede de atacarejos promove sele\u00e7\u00e3o para 180 vagas na ag\u00eancia Sine, localizada na Rua It\u00e1lia, 299. O atendimento ser\u00e1 de 9 a 11 de setembro, das 8h \u00e0s 16h. N\u00e3o \u00e9 necess\u00e1ria experi\u00eancia. Os candidatos devem comparecer ao local munidos de documento de identidade e curr\u00edculo.<br>S\u00e3o vagas para v\u00e1rias fun\u00e7\u00f5es, como operador de loja, auxiliar de carga e descarga, t\u00e9cnico de carnes, padeiro, conferente, auxiliar de perec\u00edveis, auxiliar de preven\u00e7\u00e3o, auxiliar de estacionamento, auxiliar de invent\u00e1rios e auxiliar de limpeza e conserva\u00e7\u00e3o, entre outras.<br>O Grupo Pereira, dono do Fort Atacadista, \u00e9 reconhecido pela inclus\u00e3o, com oportunidades para PCDs, estrangeiros, 50+ e para todos os g\u00eaneros. \u00c9 o primeiro varejista brasileiro a ser contemplado com o selo CAFE (Certified Age Friendly Employer), concedido pelo norte-americano Age Friendly Institute a empresas que promovem a contrata\u00e7\u00e3o e reten\u00e7\u00e3o de funcion\u00e1rios 50+.<br><strong>Benef\u00edcios para os colaboradores<\/strong>:<br>Al\u00e9m de oportunidade de recoloca\u00e7\u00e3o, os contratados ter\u00e3o acesso a um pacote completo de benef\u00edcios, que inclui:<br>-Seguro de vida<br>-Vale-transporte<br>-Alimenta\u00e7\u00e3o na empresa (caf\u00e9 da manh\u00e3, almo\u00e7o ou jantar)<br>-Conv\u00eanio com o Sesc e empresas parceiras nas \u00e1reas de lazer, educa\u00e7\u00e3o e sa\u00fade<br>-Descontos no Vuon Card (cart\u00e3o de cr\u00e9dito exclusivo para compras nas empresas do Grupo)<br>-Plano odontol\u00f3gico<br>-Programa Acolhe GP (suporte social gratuito com atendimento especializado)<br>-Universidade Corporativa<br>-Kit nascimento<br><strong>Sele\u00e7\u00e3o para o Fort Atacadista Erechim<\/strong><br><strong>Per\u00edodo<\/strong>: 9 a 11 de setembro<br><strong>Hor\u00e1rio<\/strong>: 8h \u00e0s 16h<br><strong>Local<\/strong>: Sine Erechim<br><strong>Endere\u00e7o<\/strong>: Rua It\u00e1lia, 299.<\/p>\n\n\n\n<p class=\"wp-block-paragraph\"><strong>Tatiana Casser Csordas<\/strong>\u00a0&lt;tatiana@milim.com.br><\/p>\n","protected":false},"excerpt":{"rendered":"<p>Sele\u00e7\u00e3o ser\u00e1 realizada de 9 a 11 de setembro no Sine para diversas fun\u00e7\u00f5es. N\u00e3o \u00e9 preciso ter experi\u00eancia.O Fort Atacadista vai promover Feir\u00e3o de Empregos na pr\u00f3xima semana para sua primeira loja em Erechim. Para compor a equipe, a rede de atacarejos promove sele\u00e7\u00e3o para 180 vagas na ag\u00eancia Sine, localizada na Rua It\u00e1lia,&#8230;<\/p>\n","protected":false},"author":4,"featured_media":12797,"comment_status":"open","ping_status":"open","sticky":false,"template":"","format":"standard","meta":{"pagelayer_contact_templates":[],"_pagelayer_content":"","footnotes":""},"categories":[49,26],"tags":[],"class_list":["post-12794","post","type-post","status-publish","format-standard","has-post-thumbnail","hentry","category-erechim-regiao","category-trabalho"],"yoast_head":"<!-- This site is optimized with the Yoast SEO plugin v28.3 - https:\/\/yoast.com\/product\/yoast-seo-wordpress\/ -->\n<title>Fort Atacadista oferece 180 vagas de emprego em Erechim. - R\u00e1dio Atalaia Fm Erechim<\/title>\n<meta name=\"robots\" content=\"index, follow, max-snippet:-1, max-image-preview:large, max-video-preview:-1\" \/>\n<link rel=\"canonical\" href=\"https:\/\/radioatalaiafmerechim.com.br\/portal\/fort-atacadista-oferece-180-vagas-de-emprego-em-erechim\/\" \/>\n<meta property=\"og:locale\" content=\"pt_PT\" \/>\n<meta property=\"og:type\" content=\"article\" \/>\n<meta property=\"og:title\" content=\"Fort Atacadista oferece 180 vagas de emprego em Erechim. - R\u00e1dio Atalaia Fm Erechim\" \/>\n<meta property=\"og:description\" content=\"Sele\u00e7\u00e3o ser\u00e1 realizada de 9 a 11 de setembro no Sine para diversas fun\u00e7\u00f5es. N\u00e3o \u00e9 preciso ter experi\u00eancia.O Fort Atacadista vai promover Feir\u00e3o de Empregos na pr\u00f3xima semana para sua primeira loja em Erechim. Para compor a equipe, a rede de atacarejos promove sele\u00e7\u00e3o para 180 vagas na ag\u00eancia Sine, localizada na Rua It\u00e1lia,...\" \/>\n<meta property=\"og:url\" content=\"https:\/\/radioatalaiafmerechim.com.br\/portal\/fort-atacadista-oferece-180-vagas-de-emprego-em-erechim\/\" \/>\n<meta property=\"og:site_name\" content=\"R\u00e1dio Atalaia Fm Erechim\" \/>\n<meta property=\"article:published_time\" content=\"2026-09-02T18:20:07+00:00\" \/>\n<meta property=\"article:modified_time\" content=\"2026-09-02T18:20:08+00:00\" \/>\n<meta property=\"og:image\" content=\"https:\/\/radioatalaiafmerechim.com.br\/portal\/wp-content\/uploads\/2026\/09\/fort.jpg\" \/>\n\t<meta property=\"og:image:width\" content=\"300\" \/>\n\t<meta property=\"og:image:height\" content=\"200\" \/>\n\t<meta property=\"og:image:type\" content=\"image\/jpeg\" \/>\n<meta name=\"author\" content=\"luiscarlosmattos44@gmail.com\" \/>\n<meta name=\"twitter:card\" content=\"summary_large_image\" \/>\n<meta name=\"twitter:label1\" content=\"Escrito por\" \/>\n\t<meta name=\"twitter:data1\" content=\"luiscarlosmattos44@gmail.com\" \/>\n\t<meta name=\"twitter:label2\" content=\"Tempo estimado de leitura\" \/>\n\t<meta name=\"twitter:data2\" content=\"2 minutos\" \/>\n<script type=\"application\/ld+json\" class=\"yoast-schema-graph\">{\"@context\":\"https:\\\/\\\/schema.org\",\"@graph\":[{\"@type\":\"Article\",\"@id\":\"https:\\\/\\\/radioatalaiafmerechim.com.br\\\/portal\\\/fort-atacadista-oferece-180-vagas-de-emprego-em-erechim\\\/#article\",\"isPartOf\":{\"@id\":\"https:\\\/\\\/radioatalaiafmerechim.com.br\\\/portal\\\/fort-atacadista-oferece-180-vagas-de-emprego-em-erechim\\\/\"},\"author\":{\"name\":\"luiscarlosmattos44@gmail.com\",\"@id\":\"https:\\\/\\\/radioatalaiafmerechim.com.br\\\/portal\\\/#\\\/schema\\\/person\\\/22dc9addc520b1490990ddb312f4244d\"},\"headline\":\"Fort Atacadista oferece 180 vagas de emprego em Erechim.\",\"datePublished\":\"2026-09-02T18:20:07+00:00\",\"dateModified\":\"2026-09-02T18:20:08+00:00\",\"mainEntityOfPage\":{\"@id\":\"https:\\\/\\\/radioatalaiafmerechim.com.br\\\/portal\\\/fort-atacadista-oferece-180-vagas-de-emprego-em-erechim\\\/\"},\"wordCount\":321,\"commentCount\":0,\"publisher\":{\"@id\":\"https:\\\/\\\/radioatalaiafmerechim.com.br\\\/portal\\\/#organization\"},\"image\":{\"@id\":\"https:\\\/\\\/radioatalaiafmerechim.com.br\\\/portal\\\/fort-atacadista-oferece-180-vagas-de-emprego-em-erechim\\\/#primaryimage\"},\"thumbnailUrl\":\"https:\\\/\\\/radioatalaiafmerechim.com.br\\\/portal\\\/wp-content\\\/uploads\\\/2026\\\/09\\\/fort.jpg\",\"articleSection\":[\"ERECHIM\\\/REGI\u00c3O\",\"TRABALHO\"],\"inLanguage\":\"pt-PT\",\"potentialAction\":[{\"@type\":\"CommentAction\",\"name\":\"Comment\",\"target\":[\"https:\\\/\\\/radioatalaiafmerechim.com.br\\\/portal\\\/fort-atacadista-oferece-180-vagas-de-emprego-em-erechim\\\/#respond\"]}]},{\"@type\":\"WebPage\",\"@id\":\"https:\\\/\\\/radioatalaiafmerechim.com.br\\\/portal\\\/fort-atacadista-oferece-180-vagas-de-emprego-em-erechim\\\/\",\"url\":\"https:\\\/\\\/radioatalaiafmerechim.com.br\\\/portal\\\/fort-atacadista-oferece-180-vagas-de-emprego-em-erechim\\\/\",\"name\":\"Fort Atacadista oferece 180 vagas de emprego em Erechim. - R\u00e1dio Atalaia Fm Erechim\",\"isPartOf\":{\"@id\":\"https:\\\/\\\/radioatalaiafmerechim.com.br\\\/portal\\\/#website\"},\"primaryImageOfPage\":{\"@id\":\"https:\\\/\\\/radioatalaiafmerechim.com.br\\\/portal\\\/fort-atacadista-oferece-180-vagas-de-emprego-em-erechim\\\/#primaryimage\"},\"image\":{\"@id\":\"https:\\\/\\\/radioatalaiafmerechim.com.br\\\/portal\\\/fort-atacadista-oferece-180-vagas-de-emprego-em-erechim\\\/#primaryimage\"},\"thumbnailUrl\":\"https:\\\/\\\/radioatalaiafmerechim.com.br\\\/portal\\\/wp-content\\\/uploads\\\/2026\\\/09\\\/fort.jpg\",\"datePublished\":\"2026-09-02T18:20:07+00:00\",\"dateModified\":\"2026-09-02T18:20:08+00:00\",\"breadcrumb\":{\"@id\":\"https:\\\/\\\/radioatalaiafmerechim.com.br\\\/portal\\\/fort-atacadista-oferece-180-vagas-de-emprego-em-erechim\\\/#breadcrumb\"},\"inLanguage\":\"pt-PT\",\"potentialAction\":[{\"@type\":\"ReadAction\",\"target\":[\"https:\\\/\\\/radioatalaiafmerechim.com.br\\\/portal\\\/fort-atacadista-oferece-180-vagas-de-emprego-em-erechim\\\/\"]}]},{\"@type\":\"ImageObject\",\"inLanguage\":\"pt-PT\",\"@id\":\"https:\\\/\\\/radioatalaiafmerechim.com.br\\\/portal\\\/fort-atacadista-oferece-180-vagas-de-emprego-em-erechim\\\/#primaryimage\",\"url\":\"https:\\\/\\\/radioatalaiafmerechim.com.br\\\/portal\\\/wp-content\\\/uploads\\\/2026\\\/09\\\/fort.jpg\",\"contentUrl\":\"https:\\\/\\\/radioatalaiafmerechim.com.br\\\/portal\\\/wp-content\\\/uploads\\\/2026\\\/09\\\/fort.jpg\",\"width\":300,\"height\":200},{\"@type\":\"BreadcrumbList\",\"@id\":\"https:\\\/\\\/radioatalaiafmerechim.com.br\\\/portal\\\/fort-atacadista-oferece-180-vagas-de-emprego-em-erechim\\\/#breadcrumb\",\"itemListElement\":[{\"@type\":\"ListItem\",\"position\":1,\"name\":\"In\u00edcio\",\"item\":\"https:\\\/\\\/radioatalaiafmerechim.com.br\\\/portal\\\/\"},{\"@type\":\"ListItem\",\"position\":2,\"name\":\"Fort Atacadista oferece 180 vagas de emprego em Erechim.\"}]},{\"@type\":\"WebSite\",\"@id\":\"https:\\\/\\\/radioatalaiafmerechim.com.br\\\/portal\\\/#website\",\"url\":\"https:\\\/\\\/radioatalaiafmerechim.com.br\\\/portal\\\/\",\"name\":\"R\u00e1dio Atalaia Fm Erechim\",\"description\":\"\",\"publisher\":{\"@id\":\"https:\\\/\\\/radioatalaiafmerechim.com.br\\\/portal\\\/#organization\"},\"potentialAction\":[{\"@type\":\"SearchAction\",\"target\":{\"@type\":\"EntryPoint\",\"urlTemplate\":\"https:\\\/\\\/radioatalaiafmerechim.com.br\\\/portal\\\/?s={search_term_string}\"},\"query-input\":{\"@type\":\"PropertyValueSpecification\",\"valueRequired\":true,\"valueName\":\"search_term_string\"}}],\"inLanguage\":\"pt-PT\"},{\"@type\":\"Organization\",\"@id\":\"https:\\\/\\\/radioatalaiafmerechim.com.br\\\/portal\\\/#organization\",\"name\":\"R\u00e1dio Atalaia Fm Erechim\",\"url\":\"https:\\\/\\\/radioatalaiafmerechim.com.br\\\/portal\\\/\",\"logo\":{\"@type\":\"ImageObject\",\"inLanguage\":\"pt-PT\",\"@id\":\"https:\\\/\\\/radioatalaiafmerechim.com.br\\\/portal\\\/#\\\/schema\\\/logo\\\/image\\\/\",\"url\":\"https:\\\/\\\/radioatalaiafmerechim.com.br\\\/portal\\\/wp-content\\\/uploads\\\/2026\\\/08\\\/WhatsApp-Image-2026-08-20-at-19.15.33-2.jpeg\",\"contentUrl\":\"https:\\\/\\\/radioatalaiafmerechim.com.br\\\/portal\\\/wp-content\\\/uploads\\\/2026\\\/08\\\/WhatsApp-Image-2026-08-20-at-19.15.33-2.jpeg\",\"width\":1536,\"height\":1024,\"caption\":\"R\u00e1dio Atalaia Fm Erechim\"},\"image\":{\"@id\":\"https:\\\/\\\/radioatalaiafmerechim.com.br\\\/portal\\\/#\\\/schema\\\/logo\\\/image\\\/\"}},{\"@type\":\"Person\",\"@id\":\"https:\\\/\\\/radioatalaiafmerechim.com.br\\\/portal\\\/#\\\/schema\\\/person\\\/22dc9addc520b1490990ddb312f4244d\",\"name\":\"luiscarlosmattos44@gmail.com\",\"image\":{\"@type\":\"ImageObject\",\"inLanguage\":\"pt-PT\",\"@id\":\"https:\\\/\\\/secure.gravatar.com\\\/avatar\\\/3165018682ad5ebeb6c6303c432e2424711519c66b404df31f016c3cbaffbeb2?s=96&d=mm&r=g\",\"url\":\"https:\\\/\\\/secure.gravatar.com\\\/avatar\\\/3165018682ad5ebeb6c6303c432e2424711519c66b404df31f016c3cbaffbeb2?s=96&d=mm&r=g\",\"contentUrl\":\"https:\\\/\\\/secure.gravatar.com\\\/avatar\\\/3165018682ad5ebeb6c6303c432e2424711519c66b404df31f016c3cbaffbeb2?s=96&d=mm&r=g\",\"caption\":\"luiscarlosmattos44@gmail.com\"},\"sameAs\":[\"https:\\\/\\\/radioatalaiafmerechim.com.br\\\/portal\\\/\"],\"url\":\"https:\\\/\\\/radioatalaiafmerechim.com.br\\\/portal\\\/author\\\/luiscarlosmattos\\\/\"}]}<\/script>\n<!-- \/ Yoast SEO plugin. -->","yoast_head_json":{"title":"Fort Atacadista oferece 180 vagas de emprego em Erechim. - R\u00e1dio Atalaia Fm Erechim","robots":{"index":"index","follow":"follow","max-snippet":"max-snippet:-1","max-image-preview":"max-image-preview:large","max-video-preview":"max-video-preview:-1"},"canonical":"https:\/\/radioatalaiafmerechim.com.br\/portal\/fort-atacadista-oferece-180-vagas-de-emprego-em-erechim\/","og_locale":"pt_PT","og_type":"article","og_title":"Fort Atacadista oferece 180 vagas de emprego em Erechim. - R\u00e1dio Atalaia Fm Erechim","og_description":"Sele\u00e7\u00e3o ser\u00e1 realizada de 9 a 11 de setembro no Sine para diversas fun\u00e7\u00f5es. N\u00e3o \u00e9 preciso ter experi\u00eancia.O Fort Atacadista vai promover Feir\u00e3o de Empregos na pr\u00f3xima semana para sua primeira loja em Erechim. Para compor a equipe, a rede de atacarejos promove sele\u00e7\u00e3o para 180 vagas na ag\u00eancia Sine, localizada na Rua It\u00e1lia,...","og_url":"https:\/\/radioatalaiafmerechim.com.br\/portal\/fort-atacadista-oferece-180-vagas-de-emprego-em-erechim\/","og_site_name":"R\u00e1dio Atalaia Fm Erechim","article_published_time":"2026-09-02T18:20:07+00:00","article_modified_time":"2026-09-02T18:20:08+00:00","og_image":[{"width":300,"height":200,"url":"https:\/\/radioatalaiafmerechim.com.br\/portal\/wp-content\/uploads\/2026\/09\/fort.jpg","type":"image\/jpeg"}],"author":"luiscarlosmattos44@gmail.com","twitter_card":"summary_large_image","twitter_misc":{"Escrito por":"luiscarlosmattos44@gmail.com","Tempo estimado de leitura":"2 minutos"},"schema":{"@context":"https:\/\/schema.org","@graph":[{"@type":"Article","@id":"https:\/\/radioatalaiafmerechim.com.br\/portal\/fort-atacadista-oferece-180-vagas-de-emprego-em-erechim\/#article","isPartOf":{"@id":"https:\/\/radioatalaiafmerechim.com.br\/portal\/fort-atacadista-oferece-180-vagas-de-emprego-em-erechim\/"},"author":{"name":"luiscarlosmattos44@gmail.com","@id":"https:\/\/radioatalaiafmerechim.com.br\/portal\/#\/schema\/person\/22dc9addc520b1490990ddb312f4244d"},"headline":"Fort Atacadista oferece 180 vagas de emprego em Erechim.","datePublished":"2026-09-02T18:20:07+00:00","dateModified":"2026-09-02T18:20:08+00:00","mainEntityOfPage":{"@id":"https:\/\/radioatalaiafmerechim.com.br\/portal\/fort-atacadista-oferece-180-vagas-de-emprego-em-erechim\/"},"wordCount":321,"commentCount":0,"publisher":{"@id":"https:\/\/radioatalaiafmerechim.com.br\/portal\/#organization"},"image":{"@id":"https:\/\/radioatalaiafmerechim.com.br\/portal\/fort-atacadista-oferece-180-vagas-de-emprego-em-erechim\/#primaryimage"},"thumbnailUrl":"https:\/\/radioatalaiafmerechim.com.br\/portal\/wp-content\/uploads\/2026\/09\/fort.jpg","articleSection":["ERECHIM\/REGI\u00c3O","TRABALHO"],"inLanguage":"pt-PT","potentialAction":[{"@type":"CommentAction","name":"Comment","target":["https:\/\/radioatalaiafmerechim.com.br\/portal\/fort-atacadista-oferece-180-vagas-de-emprego-em-erechim\/#respond"]}]},{"@type":"WebPage","@id":"https:\/\/radioatalaiafmerechim.com.br\/portal\/fort-atacadista-oferece-180-vagas-de-emprego-em-erechim\/","url":"https:\/\/radioatalaiafmerechim.com.br\/portal\/fort-atacadista-oferece-180-vagas-de-emprego-em-erechim\/","name":"Fort Atacadista oferece 180 vagas de emprego em Erechim. - R\u00e1dio Atalaia Fm Erechim","isPartOf":{"@id":"https:\/\/radioatalaiafmerechim.com.br\/portal\/#website"},"primaryImageOfPage":{"@id":"https:\/\/radioatalaiafmerechim.com.br\/portal\/fort-atacadista-oferece-180-vagas-de-emprego-em-erechim\/#primaryimage"},"image":{"@id":"https:\/\/radioatalaiafmerechim.com.br\/portal\/fort-atacadista-oferece-180-vagas-de-emprego-em-erechim\/#primaryimage"},"thumbnailUrl":"https:\/\/radioatalaiafmerechim.com.br\/portal\/wp-content\/uploads\/2026\/09\/fort.jpg","datePublished":"2026-09-02T18:20:07+00:00","dateModified":"2026-09-02T18:20:08+00:00","breadcrumb":{"@id":"https:\/\/radioatalaiafmerechim.com.br\/portal\/fort-atacadista-oferece-180-vagas-de-emprego-em-erechim\/#breadcrumb"},"inLanguage":"pt-PT","potentialAction":[{"@type":"ReadAction","target":["https:\/\/radioatalaiafmerechim.com.br\/portal\/fort-atacadista-oferece-180-vagas-de-emprego-em-erechim\/"]}]},{"@type":"ImageObject","inLanguage":"pt-PT","@id":"https:\/\/radioatalaiafmerechim.com.br\/portal\/fort-atacadista-oferece-180-vagas-de-emprego-em-erechim\/#primaryimage","url":"https:\/\/radioatalaiafmerechim.com.br\/portal\/wp-content\/uploads\/2026\/09\/fort.jpg","contentUrl":"https:\/\/radioatalaiafmerechim.com.br\/portal\/wp-content\/uploads\/2026\/09\/fort.jpg","width":300,"height":200},{"@type":"BreadcrumbList","@id":"https:\/\/radioatalaiafmerechim.com.br\/portal\/fort-atacadista-oferece-180-vagas-de-emprego-em-erechim\/#breadcrumb","itemListElement":[{"@type":"ListItem","position":1,"name":"In\u00edcio","item":"https:\/\/radioatalaiafmerechim.com.br\/portal\/"},{"@type":"ListItem","position":2,"name":"Fort Atacadista oferece 180 vagas de emprego em Erechim."}]},{"@type":"WebSite","@id":"https:\/\/radioatalaiafmerechim.com.br\/portal\/#website","url":"https:\/\/radioatalaiafmerechim.com.br\/portal\/","name":"R\u00e1dio Atalaia Fm Erechim","description":"","publisher":{"@id":"https:\/\/radioatalaiafmerechim.com.br\/portal\/#organization"},"potentialAction":[{"@type":"SearchAction","target":{"@type":"EntryPoint","urlTemplate":"https:\/\/radioatalaiafmerechim.com.br\/portal\/?s={search_term_string}"},"query-input":{"@type":"PropertyValueSpecification","valueRequired":true,"valueName":"search_term_string"}}],"inLanguage":"pt-PT"},{"@type":"Organization","@id":"https:\/\/radioatalaiafmerechim.com.br\/portal\/#organization","name":"R\u00e1dio Atalaia Fm Erechim","url":"https:\/\/radioatalaiafmerechim.com.br\/portal\/","logo":{"@type":"ImageObject","inLanguage":"pt-PT","@id":"https:\/\/radioatalaiafmerechim.com.br\/portal\/#\/schema\/logo\/image\/","url":"https:\/\/radioatalaiafmerechim.com.br\/portal\/wp-content\/uploads\/2026\/08\/WhatsApp-Image-2026-08-20-at-19.15.33-2.jpeg","contentUrl":"https:\/\/radioatalaiafmerechim.com.br\/portal\/wp-content\/uploads\/2026\/08\/WhatsApp-Image-2026-08-20-at-19.15.33-2.jpeg","width":1536,"height":1024,"caption":"R\u00e1dio Atalaia Fm Erechim"},"image":{"@id":"https:\/\/radioatalaiafmerechim.com.br\/portal\/#\/schema\/logo\/image\/"}},{"@type":"Person","@id":"https:\/\/radioatalaiafmerechim.com.br\/portal\/#\/schema\/person\/22dc9addc520b1490990ddb312f4244d","name":"luiscarlosmattos44@gmail.com","image":{"@type":"ImageObject","inLanguage":"pt-PT","@id":"https:\/\/secure.gravatar.com\/avatar\/3165018682ad5ebeb6c6303c432e2424711519c66b404df31f016c3cbaffbeb2?s=96&d=mm&r=g","url":"https:\/\/secure.gravatar.com\/avatar\/3165018682ad5ebeb6c6303c432e2424711519c66b404df31f016c3cbaffbeb2?s=96&d=mm&r=g","contentUrl":"https:\/\/secure.gravatar.com\/avatar\/3165018682ad5ebeb6c6303c432e2424711519c66b404df31f016c3cbaffbeb2?s=96&d=mm&r=g","caption":"luiscarlosmattos44@gmail.com"},"sameAs":["https:\/\/radioatalaiafmerechim.com.br\/portal\/"],"url":"https:\/\/radioatalaiafmerechim.com.br\/portal\/author\/luiscarlosmattos\/"}]}},"_links":{"self":[{"href":"https:\/\/radioatalaiafmerechim.com.br\/portal\/wp-json\/wp\/v2\/posts\/12794","targetHints":{"allow":["GET"]}}],"collection":[{"href":"https:\/\/radioatalaiafmerechim.com.br\/portal\/wp-json\/wp\/v2\/posts"}],"about":[{"href":"https:\/\/radioatalaiafmerechim.com.br\/portal\/wp-json\/wp\/v2\/types\/post"}],"author":[{"embeddable":true,"href":"https:\/\/radioatalaiafmerechim.com.br\/portal\/wp-json\/wp\/v2\/users\/4"}],"replies":[{"embeddable":true,"href":"https:\/\/radioatalaiafmerechim.com.br\/portal\/wp-json\/wp\/v2\/comments?post=12794"}],"version-history":[{"count":1,"href":"https:\/\/radioatalaiafmerechim.com.br\/portal\/wp-json\/wp\/v2\/posts\/12794\/revisions"}],"predecessor-version":[{"id":12798,"href":"https:\/\/radioatalaiafmerechim.com.br\/portal\/wp-json\/wp\/v2\/posts\/12794\/revisions\/12798"}],"wp:featuredmedia":[{"embeddable":true,"href":"https:\/\/radioatalaiafmerechim.com.br\/portal\/wp-json\/wp\/v2\/media\/12797"}],"wp:attachment":[{"href":"https:\/\/radioatalaiafmerechim.com.br\/portal\/wp-json\/wp\/v2\/media?parent=12794"}],"wp:term":[{"taxonomy":"category","embeddable":true,"href":"https:\/\/radioatalaiafmerechim.com.br\/portal\/wp-json\/wp\/v2\/categories?post=12794"},{"taxonomy":"post_tag","embeddable":true,"href":"https:\/\/radioatalaiafmerechim.com.br\/portal\/wp-json\/wp\/v2\/tags?post=12794"}],"curies":[{"name":"wp","href":"https:\/\/api.w.org\/{rel}","templated":true}]}}