{"id":12789,"date":"2026-09-02T15:03:01","date_gmt":"2026-09-02T18:03:01","guid":{"rendered":"https:\/\/radioatalaiafmerechim.com.br\/portal\/?p=12789"},"modified":"2026-09-02T15:03:03","modified_gmt":"2026-09-02T18:03:03","slug":"setembro-amarelo-como-a-literatura-pode-ajudar-criancas-a-reconhecer-emocoes","status":"publish","type":"post","link":"https:\/\/radioatalaiafmerechim.com.br\/portal\/setembro-amarelo-como-a-literatura-pode-ajudar-criancas-a-reconhecer-emocoes\/","title":{"rendered":"Setembro Amarelo: como a literatura pode ajudar crian\u00e7as a reconhecer emo\u00e7\u00f5es&#8230;"},"content":{"rendered":"\n<p class=\"has-medium-font-size wp-block-paragraph\">Medo, tristeza, ansiedade, frustra\u00e7\u00e3o e mudan\u00e7as na fam\u00edlia tamb\u00e9m fazem parte do universo infantil \u2014 mas nem sempre as crian\u00e7as conseguem encontrar palavras para explicar o que est\u00e3o sentindo. No Setembro Amarelo, m\u00eas de conscientiza\u00e7\u00e3o sobre a preven\u00e7\u00e3o do suic\u00eddio e valoriza\u00e7\u00e3o da vida, a conversa sobre sa\u00fade emocional pode come\u00e7ar desde cedo, inclusive por meio da literatura.<br>Para a escritora, narradora de hist\u00f3rias e biblioterapeuta luso-brasileira Clara Haddad, os livros podem funcionar como uma ponte entre crian\u00e7as e adultos. Ao acompanhar personagens que enfrentam medos, conflitos ou situa\u00e7\u00f5es dif\u00edceis, meninos e meninas podem reconhecer sentimentos e encontrar uma maneira mais segura de falar sobre aquilo que est\u00e3o vivendo.<br>\u201c<em>Falar sobre o que acontece com um personagem pode ser mais f\u00e1cil do que falar sobre si mesma<\/em>\u201d, explica Clara. Segundo ela, uma hist\u00f3ria pode ser o ponto de partida para que o adulto pergunte o que a crian\u00e7a achou daquela situa\u00e7\u00e3o, se j\u00e1 passou por algo parecido ou como se sentiria no lugar do personagem.<br><strong>A leitura tamb\u00e9m pode contribuir para mostrar que: &#8220;<\/strong><em>pedir ajuda n\u00e3o \u00e9 sinal de fraqueza<\/em><strong>&#8220;.<\/strong><\/p>\n\n\n\n<p class=\"has-medium-font-size wp-block-paragraph\"><strong>Literatura como espa\u00e7o de escuta<\/strong><\/p>\n\n\n\n<p class=\"has-medium-font-size wp-block-paragraph\">A leitura compartilhada entre pais e filhos pode criar naturalmente momentos de di\u00e1logo. Um personagem, uma ilustra\u00e7\u00e3o ou determinada situa\u00e7\u00e3o da narrativa pode ser suficiente para iniciar uma conversa sobre sentimentos, sem transformar o momento em uma aula ou interrogat\u00f3rio.<br>A obra parte de uma pergunta aparentemente simples \u2014 o que faz uma casa ser uma casa? \u2014 para construir uma narrativa sobre mem\u00f3ria, identidade, fam\u00edlia e pertencimento. Mais do que paredes e janelas, a casa apresentada no livro \u00e9 formada pelas pessoas, hist\u00f3rias, cheiros, sons e lembran\u00e7as que fazem algu\u00e9m se sentir acolhido.<br>Os livros n\u00e3o substituem acompanhamento psicol\u00f3gico ou psiqui\u00e1trico, mas podem contribuir para criar ambientes em que crian\u00e7as se sintam mais \u00e0 vontade para reconhecer emo\u00e7\u00f5es, fazer perguntas e falar sobre aquilo que sentem. Afinal, muitas vezes, uma hist\u00f3ria n\u00e3o oferece uma resposta pronta \u2014 mas pode ajudar a come\u00e7ar uma conversa.\/\/<strong>Thiago Paleari<\/strong>\u00a0&lt;thiago@amaisassessoria.com.br><\/p>\n\n\n\n<p class=\"wp-block-paragraph\"><\/p>\n","protected":false},"excerpt":{"rendered":"<p>Medo, tristeza, ansiedade, frustra\u00e7\u00e3o e mudan\u00e7as na fam\u00edlia tamb\u00e9m fazem parte do universo infantil \u2014 mas nem sempre as crian\u00e7as conseguem encontrar palavras para explicar o que est\u00e3o sentindo. No Setembro Amarelo, m\u00eas de conscientiza\u00e7\u00e3o sobre a preven\u00e7\u00e3o do suic\u00eddio e valoriza\u00e7\u00e3o da vida, a conversa sobre sa\u00fade emocional pode come\u00e7ar desde cedo, inclusive por&#8230;<\/p>\n","protected":false},"author":4,"featured_media":12792,"comment_status":"open","ping_status":"open","sticky":false,"template":"","format":"standard","meta":{"pagelayer_contact_templates":[],"_pagelayer_content":"","footnotes":""},"categories":[45],"tags":[],"class_list":["post-12789","post","type-post","status-publish","format-standard","has-post-thumbnail","hentry","category-arte-cultura-cinema"],"yoast_head":"<!-- This site is optimized with the Yoast SEO plugin v28.3 - https:\/\/yoast.com\/product\/yoast-seo-wordpress\/ -->\n<title>Setembro Amarelo: como a literatura pode ajudar crian\u00e7as a reconhecer emo\u00e7\u00f5es... - R\u00e1dio Atalaia Fm Erechim<\/title>\n<meta name=\"robots\" content=\"index, follow, max-snippet:-1, max-image-preview:large, max-video-preview:-1\" \/>\n<link rel=\"canonical\" href=\"https:\/\/radioatalaiafmerechim.com.br\/portal\/setembro-amarelo-como-a-literatura-pode-ajudar-criancas-a-reconhecer-emocoes\/\" \/>\n<meta property=\"og:locale\" content=\"pt_PT\" \/>\n<meta property=\"og:type\" content=\"article\" \/>\n<meta property=\"og:title\" content=\"Setembro Amarelo: como a literatura pode ajudar crian\u00e7as a reconhecer emo\u00e7\u00f5es... - R\u00e1dio Atalaia Fm Erechim\" \/>\n<meta property=\"og:description\" content=\"Medo, tristeza, ansiedade, frustra\u00e7\u00e3o e mudan\u00e7as na fam\u00edlia tamb\u00e9m fazem parte do universo infantil \u2014 mas nem sempre as crian\u00e7as conseguem encontrar palavras para explicar o que est\u00e3o sentindo. No Setembro Amarelo, m\u00eas de conscientiza\u00e7\u00e3o sobre a preven\u00e7\u00e3o do suic\u00eddio e valoriza\u00e7\u00e3o da vida, a conversa sobre sa\u00fade emocional pode come\u00e7ar desde cedo, inclusive por...\" \/>\n<meta property=\"og:url\" content=\"https:\/\/radioatalaiafmerechim.com.br\/portal\/setembro-amarelo-como-a-literatura-pode-ajudar-criancas-a-reconhecer-emocoes\/\" \/>\n<meta property=\"og:site_name\" content=\"R\u00e1dio Atalaia Fm Erechim\" \/>\n<meta property=\"article:published_time\" content=\"2026-09-02T18:03:01+00:00\" \/>\n<meta property=\"article:modified_time\" content=\"2026-09-02T18:03:03+00:00\" \/>\n<meta property=\"og:image\" content=\"https:\/\/radioatalaiafmerechim.com.br\/portal\/wp-content\/uploads\/2026\/09\/livro.jpg\" \/>\n\t<meta property=\"og:image:width\" content=\"120\" \/>\n\t<meta property=\"og:image:height\" content=\"180\" \/>\n\t<meta property=\"og:image:type\" content=\"image\/jpeg\" \/>\n<meta name=\"author\" content=\"luiscarlosmattos44@gmail.com\" \/>\n<meta name=\"twitter:card\" content=\"summary_large_image\" \/>\n<meta name=\"twitter:label1\" content=\"Escrito por\" \/>\n\t<meta name=\"twitter:data1\" content=\"luiscarlosmattos44@gmail.com\" \/>\n\t<meta name=\"twitter:label2\" content=\"Tempo estimado de leitura\" \/>\n\t<meta name=\"twitter:data2\" content=\"3 minutos\" \/>\n<script type=\"application\/ld+json\" class=\"yoast-schema-graph\">{\"@context\":\"https:\\\/\\\/schema.org\",\"@graph\":[{\"@type\":\"Article\",\"@id\":\"https:\\\/\\\/radioatalaiafmerechim.com.br\\\/portal\\\/setembro-amarelo-como-a-literatura-pode-ajudar-criancas-a-reconhecer-emocoes\\\/#article\",\"isPartOf\":{\"@id\":\"https:\\\/\\\/radioatalaiafmerechim.com.br\\\/portal\\\/setembro-amarelo-como-a-literatura-pode-ajudar-criancas-a-reconhecer-emocoes\\\/\"},\"author\":{\"name\":\"luiscarlosmattos44@gmail.com\",\"@id\":\"https:\\\/\\\/radioatalaiafmerechim.com.br\\\/portal\\\/#\\\/schema\\\/person\\\/22dc9addc520b1490990ddb312f4244d\"},\"headline\":\"Setembro Amarelo: como a literatura pode ajudar crian\u00e7as a reconhecer emo\u00e7\u00f5es&#8230;\",\"datePublished\":\"2026-09-02T18:03:01+00:00\",\"dateModified\":\"2026-09-02T18:03:03+00:00\",\"mainEntityOfPage\":{\"@id\":\"https:\\\/\\\/radioatalaiafmerechim.com.br\\\/portal\\\/setembro-amarelo-como-a-literatura-pode-ajudar-criancas-a-reconhecer-emocoes\\\/\"},\"wordCount\":385,\"commentCount\":0,\"publisher\":{\"@id\":\"https:\\\/\\\/radioatalaiafmerechim.com.br\\\/portal\\\/#organization\"},\"image\":{\"@id\":\"https:\\\/\\\/radioatalaiafmerechim.com.br\\\/portal\\\/setembro-amarelo-como-a-literatura-pode-ajudar-criancas-a-reconhecer-emocoes\\\/#primaryimage\"},\"thumbnailUrl\":\"https:\\\/\\\/radioatalaiafmerechim.com.br\\\/portal\\\/wp-content\\\/uploads\\\/2026\\\/09\\\/livro.jpg\",\"articleSection\":[\"ARTE \\\/CULTURA\\\/CINEMA\"],\"inLanguage\":\"pt-PT\",\"potentialAction\":[{\"@type\":\"CommentAction\",\"name\":\"Comment\",\"target\":[\"https:\\\/\\\/radioatalaiafmerechim.com.br\\\/portal\\\/setembro-amarelo-como-a-literatura-pode-ajudar-criancas-a-reconhecer-emocoes\\\/#respond\"]}]},{\"@type\":\"WebPage\",\"@id\":\"https:\\\/\\\/radioatalaiafmerechim.com.br\\\/portal\\\/setembro-amarelo-como-a-literatura-pode-ajudar-criancas-a-reconhecer-emocoes\\\/\",\"url\":\"https:\\\/\\\/radioatalaiafmerechim.com.br\\\/portal\\\/setembro-amarelo-como-a-literatura-pode-ajudar-criancas-a-reconhecer-emocoes\\\/\",\"name\":\"Setembro Amarelo: como a literatura pode ajudar crian\u00e7as a reconhecer emo\u00e7\u00f5es... - R\u00e1dio Atalaia Fm Erechim\",\"isPartOf\":{\"@id\":\"https:\\\/\\\/radioatalaiafmerechim.com.br\\\/portal\\\/#website\"},\"primaryImageOfPage\":{\"@id\":\"https:\\\/\\\/radioatalaiafmerechim.com.br\\\/portal\\\/setembro-amarelo-como-a-literatura-pode-ajudar-criancas-a-reconhecer-emocoes\\\/#primaryimage\"},\"image\":{\"@id\":\"https:\\\/\\\/radioatalaiafmerechim.com.br\\\/portal\\\/setembro-amarelo-como-a-literatura-pode-ajudar-criancas-a-reconhecer-emocoes\\\/#primaryimage\"},\"thumbnailUrl\":\"https:\\\/\\\/radioatalaiafmerechim.com.br\\\/portal\\\/wp-content\\\/uploads\\\/2026\\\/09\\\/livro.jpg\",\"datePublished\":\"2026-09-02T18:03:01+00:00\",\"dateModified\":\"2026-09-02T18:03:03+00:00\",\"breadcrumb\":{\"@id\":\"https:\\\/\\\/radioatalaiafmerechim.com.br\\\/portal\\\/setembro-amarelo-como-a-literatura-pode-ajudar-criancas-a-reconhecer-emocoes\\\/#breadcrumb\"},\"inLanguage\":\"pt-PT\",\"potentialAction\":[{\"@type\":\"ReadAction\",\"target\":[\"https:\\\/\\\/radioatalaiafmerechim.com.br\\\/portal\\\/setembro-amarelo-como-a-literatura-pode-ajudar-criancas-a-reconhecer-emocoes\\\/\"]}]},{\"@type\":\"ImageObject\",\"inLanguage\":\"pt-PT\",\"@id\":\"https:\\\/\\\/radioatalaiafmerechim.com.br\\\/portal\\\/setembro-amarelo-como-a-literatura-pode-ajudar-criancas-a-reconhecer-emocoes\\\/#primaryimage\",\"url\":\"https:\\\/\\\/radioatalaiafmerechim.com.br\\\/portal\\\/wp-content\\\/uploads\\\/2026\\\/09\\\/livro.jpg\",\"contentUrl\":\"https:\\\/\\\/radioatalaiafmerechim.com.br\\\/portal\\\/wp-content\\\/uploads\\\/2026\\\/09\\\/livro.jpg\",\"width\":120,\"height\":180},{\"@type\":\"BreadcrumbList\",\"@id\":\"https:\\\/\\\/radioatalaiafmerechim.com.br\\\/portal\\\/setembro-amarelo-como-a-literatura-pode-ajudar-criancas-a-reconhecer-emocoes\\\/#breadcrumb\",\"itemListElement\":[{\"@type\":\"ListItem\",\"position\":1,\"name\":\"In\u00edcio\",\"item\":\"https:\\\/\\\/radioatalaiafmerechim.com.br\\\/portal\\\/\"},{\"@type\":\"ListItem\",\"position\":2,\"name\":\"Setembro Amarelo: como a literatura pode ajudar crian\u00e7as a reconhecer emo\u00e7\u00f5es&#8230;\"}]},{\"@type\":\"WebSite\",\"@id\":\"https:\\\/\\\/radioatalaiafmerechim.com.br\\\/portal\\\/#website\",\"url\":\"https:\\\/\\\/radioatalaiafmerechim.com.br\\\/portal\\\/\",\"name\":\"R\u00e1dio Atalaia Fm Erechim\",\"description\":\"\",\"publisher\":{\"@id\":\"https:\\\/\\\/radioatalaiafmerechim.com.br\\\/portal\\\/#organization\"},\"potentialAction\":[{\"@type\":\"SearchAction\",\"target\":{\"@type\":\"EntryPoint\",\"urlTemplate\":\"https:\\\/\\\/radioatalaiafmerechim.com.br\\\/portal\\\/?s={search_term_string}\"},\"query-input\":{\"@type\":\"PropertyValueSpecification\",\"valueRequired\":true,\"valueName\":\"search_term_string\"}}],\"inLanguage\":\"pt-PT\"},{\"@type\":\"Organization\",\"@id\":\"https:\\\/\\\/radioatalaiafmerechim.com.br\\\/portal\\\/#organization\",\"name\":\"R\u00e1dio Atalaia Fm Erechim\",\"url\":\"https:\\\/\\\/radioatalaiafmerechim.com.br\\\/portal\\\/\",\"logo\":{\"@type\":\"ImageObject\",\"inLanguage\":\"pt-PT\",\"@id\":\"https:\\\/\\\/radioatalaiafmerechim.com.br\\\/portal\\\/#\\\/schema\\\/logo\\\/image\\\/\",\"url\":\"https:\\\/\\\/radioatalaiafmerechim.com.br\\\/portal\\\/wp-content\\\/uploads\\\/2026\\\/08\\\/WhatsApp-Image-2026-08-20-at-19.15.33-2.jpeg\",\"contentUrl\":\"https:\\\/\\\/radioatalaiafmerechim.com.br\\\/portal\\\/wp-content\\\/uploads\\\/2026\\\/08\\\/WhatsApp-Image-2026-08-20-at-19.15.33-2.jpeg\",\"width\":1536,\"height\":1024,\"caption\":\"R\u00e1dio Atalaia Fm Erechim\"},\"image\":{\"@id\":\"https:\\\/\\\/radioatalaiafmerechim.com.br\\\/portal\\\/#\\\/schema\\\/logo\\\/image\\\/\"}},{\"@type\":\"Person\",\"@id\":\"https:\\\/\\\/radioatalaiafmerechim.com.br\\\/portal\\\/#\\\/schema\\\/person\\\/22dc9addc520b1490990ddb312f4244d\",\"name\":\"luiscarlosmattos44@gmail.com\",\"image\":{\"@type\":\"ImageObject\",\"inLanguage\":\"pt-PT\",\"@id\":\"https:\\\/\\\/secure.gravatar.com\\\/avatar\\\/3165018682ad5ebeb6c6303c432e2424711519c66b404df31f016c3cbaffbeb2?s=96&d=mm&r=g\",\"url\":\"https:\\\/\\\/secure.gravatar.com\\\/avatar\\\/3165018682ad5ebeb6c6303c432e2424711519c66b404df31f016c3cbaffbeb2?s=96&d=mm&r=g\",\"contentUrl\":\"https:\\\/\\\/secure.gravatar.com\\\/avatar\\\/3165018682ad5ebeb6c6303c432e2424711519c66b404df31f016c3cbaffbeb2?s=96&d=mm&r=g\",\"caption\":\"luiscarlosmattos44@gmail.com\"},\"sameAs\":[\"https:\\\/\\\/radioatalaiafmerechim.com.br\\\/portal\\\/\"],\"url\":\"https:\\\/\\\/radioatalaiafmerechim.com.br\\\/portal\\\/author\\\/luiscarlosmattos\\\/\"}]}<\/script>\n<!-- \/ Yoast SEO plugin. -->","yoast_head_json":{"title":"Setembro Amarelo: como a literatura pode ajudar crian\u00e7as a reconhecer emo\u00e7\u00f5es... - R\u00e1dio Atalaia Fm Erechim","robots":{"index":"index","follow":"follow","max-snippet":"max-snippet:-1","max-image-preview":"max-image-preview:large","max-video-preview":"max-video-preview:-1"},"canonical":"https:\/\/radioatalaiafmerechim.com.br\/portal\/setembro-amarelo-como-a-literatura-pode-ajudar-criancas-a-reconhecer-emocoes\/","og_locale":"pt_PT","og_type":"article","og_title":"Setembro Amarelo: como a literatura pode ajudar crian\u00e7as a reconhecer emo\u00e7\u00f5es... - R\u00e1dio Atalaia Fm Erechim","og_description":"Medo, tristeza, ansiedade, frustra\u00e7\u00e3o e mudan\u00e7as na fam\u00edlia tamb\u00e9m fazem parte do universo infantil \u2014 mas nem sempre as crian\u00e7as conseguem encontrar palavras para explicar o que est\u00e3o sentindo. No Setembro Amarelo, m\u00eas de conscientiza\u00e7\u00e3o sobre a preven\u00e7\u00e3o do suic\u00eddio e valoriza\u00e7\u00e3o da vida, a conversa sobre sa\u00fade emocional pode come\u00e7ar desde cedo, inclusive por...","og_url":"https:\/\/radioatalaiafmerechim.com.br\/portal\/setembro-amarelo-como-a-literatura-pode-ajudar-criancas-a-reconhecer-emocoes\/","og_site_name":"R\u00e1dio Atalaia Fm Erechim","article_published_time":"2026-09-02T18:03:01+00:00","article_modified_time":"2026-09-02T18:03:03+00:00","og_image":[{"width":120,"height":180,"url":"https:\/\/radioatalaiafmerechim.com.br\/portal\/wp-content\/uploads\/2026\/09\/livro.jpg","type":"image\/jpeg"}],"author":"luiscarlosmattos44@gmail.com","twitter_card":"summary_large_image","twitter_misc":{"Escrito por":"luiscarlosmattos44@gmail.com","Tempo estimado de leitura":"3 minutos"},"schema":{"@context":"https:\/\/schema.org","@graph":[{"@type":"Article","@id":"https:\/\/radioatalaiafmerechim.com.br\/portal\/setembro-amarelo-como-a-literatura-pode-ajudar-criancas-a-reconhecer-emocoes\/#article","isPartOf":{"@id":"https:\/\/radioatalaiafmerechim.com.br\/portal\/setembro-amarelo-como-a-literatura-pode-ajudar-criancas-a-reconhecer-emocoes\/"},"author":{"name":"luiscarlosmattos44@gmail.com","@id":"https:\/\/radioatalaiafmerechim.com.br\/portal\/#\/schema\/person\/22dc9addc520b1490990ddb312f4244d"},"headline":"Setembro Amarelo: como a literatura pode ajudar crian\u00e7as a reconhecer emo\u00e7\u00f5es&#8230;","datePublished":"2026-09-02T18:03:01+00:00","dateModified":"2026-09-02T18:03:03+00:00","mainEntityOfPage":{"@id":"https:\/\/radioatalaiafmerechim.com.br\/portal\/setembro-amarelo-como-a-literatura-pode-ajudar-criancas-a-reconhecer-emocoes\/"},"wordCount":385,"commentCount":0,"publisher":{"@id":"https:\/\/radioatalaiafmerechim.com.br\/portal\/#organization"},"image":{"@id":"https:\/\/radioatalaiafmerechim.com.br\/portal\/setembro-amarelo-como-a-literatura-pode-ajudar-criancas-a-reconhecer-emocoes\/#primaryimage"},"thumbnailUrl":"https:\/\/radioatalaiafmerechim.com.br\/portal\/wp-content\/uploads\/2026\/09\/livro.jpg","articleSection":["ARTE \/CULTURA\/CINEMA"],"inLanguage":"pt-PT","potentialAction":[{"@type":"CommentAction","name":"Comment","target":["https:\/\/radioatalaiafmerechim.com.br\/portal\/setembro-amarelo-como-a-literatura-pode-ajudar-criancas-a-reconhecer-emocoes\/#respond"]}]},{"@type":"WebPage","@id":"https:\/\/radioatalaiafmerechim.com.br\/portal\/setembro-amarelo-como-a-literatura-pode-ajudar-criancas-a-reconhecer-emocoes\/","url":"https:\/\/radioatalaiafmerechim.com.br\/portal\/setembro-amarelo-como-a-literatura-pode-ajudar-criancas-a-reconhecer-emocoes\/","name":"Setembro Amarelo: como a literatura pode ajudar crian\u00e7as a reconhecer emo\u00e7\u00f5es... - R\u00e1dio Atalaia Fm Erechim","isPartOf":{"@id":"https:\/\/radioatalaiafmerechim.com.br\/portal\/#website"},"primaryImageOfPage":{"@id":"https:\/\/radioatalaiafmerechim.com.br\/portal\/setembro-amarelo-como-a-literatura-pode-ajudar-criancas-a-reconhecer-emocoes\/#primaryimage"},"image":{"@id":"https:\/\/radioatalaiafmerechim.com.br\/portal\/setembro-amarelo-como-a-literatura-pode-ajudar-criancas-a-reconhecer-emocoes\/#primaryimage"},"thumbnailUrl":"https:\/\/radioatalaiafmerechim.com.br\/portal\/wp-content\/uploads\/2026\/09\/livro.jpg","datePublished":"2026-09-02T18:03:01+00:00","dateModified":"2026-09-02T18:03:03+00:00","breadcrumb":{"@id":"https:\/\/radioatalaiafmerechim.com.br\/portal\/setembro-amarelo-como-a-literatura-pode-ajudar-criancas-a-reconhecer-emocoes\/#breadcrumb"},"inLanguage":"pt-PT","potentialAction":[{"@type":"ReadAction","target":["https:\/\/radioatalaiafmerechim.com.br\/portal\/setembro-amarelo-como-a-literatura-pode-ajudar-criancas-a-reconhecer-emocoes\/"]}]},{"@type":"ImageObject","inLanguage":"pt-PT","@id":"https:\/\/radioatalaiafmerechim.com.br\/portal\/setembro-amarelo-como-a-literatura-pode-ajudar-criancas-a-reconhecer-emocoes\/#primaryimage","url":"https:\/\/radioatalaiafmerechim.com.br\/portal\/wp-content\/uploads\/2026\/09\/livro.jpg","contentUrl":"https:\/\/radioatalaiafmerechim.com.br\/portal\/wp-content\/uploads\/2026\/09\/livro.jpg","width":120,"height":180},{"@type":"BreadcrumbList","@id":"https:\/\/radioatalaiafmerechim.com.br\/portal\/setembro-amarelo-como-a-literatura-pode-ajudar-criancas-a-reconhecer-emocoes\/#breadcrumb","itemListElement":[{"@type":"ListItem","position":1,"name":"In\u00edcio","item":"https:\/\/radioatalaiafmerechim.com.br\/portal\/"},{"@type":"ListItem","position":2,"name":"Setembro Amarelo: como a literatura pode ajudar crian\u00e7as a reconhecer emo\u00e7\u00f5es&#8230;"}]},{"@type":"WebSite","@id":"https:\/\/radioatalaiafmerechim.com.br\/portal\/#website","url":"https:\/\/radioatalaiafmerechim.com.br\/portal\/","name":"R\u00e1dio Atalaia Fm Erechim","description":"","publisher":{"@id":"https:\/\/radioatalaiafmerechim.com.br\/portal\/#organization"},"potentialAction":[{"@type":"SearchAction","target":{"@type":"EntryPoint","urlTemplate":"https:\/\/radioatalaiafmerechim.com.br\/portal\/?s={search_term_string}"},"query-input":{"@type":"PropertyValueSpecification","valueRequired":true,"valueName":"search_term_string"}}],"inLanguage":"pt-PT"},{"@type":"Organization","@id":"https:\/\/radioatalaiafmerechim.com.br\/portal\/#organization","name":"R\u00e1dio Atalaia Fm Erechim","url":"https:\/\/radioatalaiafmerechim.com.br\/portal\/","logo":{"@type":"ImageObject","inLanguage":"pt-PT","@id":"https:\/\/radioatalaiafmerechim.com.br\/portal\/#\/schema\/logo\/image\/","url":"https:\/\/radioatalaiafmerechim.com.br\/portal\/wp-content\/uploads\/2026\/08\/WhatsApp-Image-2026-08-20-at-19.15.33-2.jpeg","contentUrl":"https:\/\/radioatalaiafmerechim.com.br\/portal\/wp-content\/uploads\/2026\/08\/WhatsApp-Image-2026-08-20-at-19.15.33-2.jpeg","width":1536,"height":1024,"caption":"R\u00e1dio Atalaia Fm Erechim"},"image":{"@id":"https:\/\/radioatalaiafmerechim.com.br\/portal\/#\/schema\/logo\/image\/"}},{"@type":"Person","@id":"https:\/\/radioatalaiafmerechim.com.br\/portal\/#\/schema\/person\/22dc9addc520b1490990ddb312f4244d","name":"luiscarlosmattos44@gmail.com","image":{"@type":"ImageObject","inLanguage":"pt-PT","@id":"https:\/\/secure.gravatar.com\/avatar\/3165018682ad5ebeb6c6303c432e2424711519c66b404df31f016c3cbaffbeb2?s=96&d=mm&r=g","url":"https:\/\/secure.gravatar.com\/avatar\/3165018682ad5ebeb6c6303c432e2424711519c66b404df31f016c3cbaffbeb2?s=96&d=mm&r=g","contentUrl":"https:\/\/secure.gravatar.com\/avatar\/3165018682ad5ebeb6c6303c432e2424711519c66b404df31f016c3cbaffbeb2?s=96&d=mm&r=g","caption":"luiscarlosmattos44@gmail.com"},"sameAs":["https:\/\/radioatalaiafmerechim.com.br\/portal\/"],"url":"https:\/\/radioatalaiafmerechim.com.br\/portal\/author\/luiscarlosmattos\/"}]}},"_links":{"self":[{"href":"https:\/\/radioatalaiafmerechim.com.br\/portal\/wp-json\/wp\/v2\/posts\/12789","targetHints":{"allow":["GET"]}}],"collection":[{"href":"https:\/\/radioatalaiafmerechim.com.br\/portal\/wp-json\/wp\/v2\/posts"}],"about":[{"href":"https:\/\/radioatalaiafmerechim.com.br\/portal\/wp-json\/wp\/v2\/types\/post"}],"author":[{"embeddable":true,"href":"https:\/\/radioatalaiafmerechim.com.br\/portal\/wp-json\/wp\/v2\/users\/4"}],"replies":[{"embeddable":true,"href":"https:\/\/radioatalaiafmerechim.com.br\/portal\/wp-json\/wp\/v2\/comments?post=12789"}],"version-history":[{"count":1,"href":"https:\/\/radioatalaiafmerechim.com.br\/portal\/wp-json\/wp\/v2\/posts\/12789\/revisions"}],"predecessor-version":[{"id":12793,"href":"https:\/\/radioatalaiafmerechim.com.br\/portal\/wp-json\/wp\/v2\/posts\/12789\/revisions\/12793"}],"wp:featuredmedia":[{"embeddable":true,"href":"https:\/\/radioatalaiafmerechim.com.br\/portal\/wp-json\/wp\/v2\/media\/12792"}],"wp:attachment":[{"href":"https:\/\/radioatalaiafmerechim.com.br\/portal\/wp-json\/wp\/v2\/media?parent=12789"}],"wp:term":[{"taxonomy":"category","embeddable":true,"href":"https:\/\/radioatalaiafmerechim.com.br\/portal\/wp-json\/wp\/v2\/categories?post=12789"},{"taxonomy":"post_tag","embeddable":true,"href":"https:\/\/radioatalaiafmerechim.com.br\/portal\/wp-json\/wp\/v2\/tags?post=12789"}],"curies":[{"name":"wp","href":"https:\/\/api.w.org\/{rel}","templated":true}]}}