{"id":12382,"date":"2026-08-08T09:37:04","date_gmt":"2026-08-08T12:37:04","guid":{"rendered":"https:\/\/conexaoerechim.com.br\/?p=12382"},"modified":"2026-08-08T09:37:07","modified_gmt":"2026-08-08T12:37:07","slug":"dia-nacional-do-campo-limpo","status":"publish","type":"post","link":"https:\/\/radioatalaiafmerechim.com.br\/portal\/dia-nacional-do-campo-limpo\/","title":{"rendered":"Dia Nacional do Campo Limpo!"},"content":{"rendered":"\n<p class=\"has-medium-font-size wp-block-paragraph\">Do Sindicato Rural de Erechim ao treinamento dos revendedores na central, Carazinho refor\u00e7a os procedimentos corretos com as embalagens vazias de defensivos agr\u00edcolas no Dia Nacional do Campo Limpo (DNCL), reunindo produtores, revendas e entidades do setor na regi\u00e3o. Integrante do calend\u00e1rio oficial brasileiro, o DNCL \u00e9 a data que re\u00fane o pa\u00eds inteiro para celebrar os resultados da log\u00edstica reversa de embalagens vazias de defensivos agr\u00edcolas, atividade em que o Brasil \u00e9 refer\u00eancia mundial.<br>Os n\u00fameros ajudam a dimensionar o resultado desse trabalho. Em mais de duas d\u00e9cadas, o modelo brasileiro de log\u00edstica reversa j\u00e1 destinou de forma ambientalmente correta mais de 900 mil toneladas de embalagens vazias de defensivos agr\u00edcolas \u2014 s\u00f3 em 2025 foram 75.996 toneladas, o maior volume anual da hist\u00f3ria do Sistema Campo Limpo e alta de 11% sobre o ano anterior. <\/p>\n\n\n\n<p class=\"has-medium-font-size wp-block-paragraph\">Hoje, 100% das embalagens devolvidas t\u00eam destina\u00e7\u00e3o correta, com 92% encaminhadas \u00e0 reciclagem e transformadas em 38 artefatos homologados que voltam ao ciclo produtivo.<\/p>\n\n\n\n<p class=\"has-large-font-size wp-block-paragraph\">A contribui\u00e7\u00e3o regional para esse resultado \u00e9 expressiva. <\/p>\n\n\n\n<p class=\"has-medium-font-size wp-block-paragraph\">Em 2025, no Rio Grande do Sul foram destinadas 6.762 toneladas de embalagens vazias de defensivos agr\u00edcolas de forma ambientalmente correta, o equivalente a cerca de 9% do total nacional.<br>Neste ano, o DNCL re\u00fane mais de 223 a\u00e7\u00f5es em 21 estados ao longo da semana de 18 de agosto, refor\u00e7ando a atua\u00e7\u00e3o conjunta de agricultores, canais de distribui\u00e7\u00e3o, ind\u00fastria fabricante e poder p\u00fablico, a l\u00f3gica de que, quando cada elo faz a sua parte, o ciclo se completa e contribui para um destino melhor.<br><strong>Sistema Campo Limpo<\/strong><br>O Sistema Campo Limpo \u00e9 uma refer\u00eancia mundial em log\u00edstica reversa de embalagens vazias de defensivos agr\u00edcolas. Desde o in\u00edcio de sua opera\u00e7\u00e3o, em 2002, o Sistema j\u00e1 destinou de forma ambientalmente correta mais de 900 mil toneladas de embalagens vazias e sobras p\u00f3s-consumo em todo o Brasil.<br>A opera\u00e7\u00e3o \u00e9 baseada no princ\u00edpio da responsabilidade compartilhada entre os elos da cadeia produtiva \u2014 ind\u00fastria, canais de distribui\u00e7\u00e3o, agricultores \u2014 com o suporte e fiscaliza\u00e7\u00e3o do poder p\u00fablico.<\/p>\n\n\n\n<p class=\"wp-block-paragraph\"><strong>nathalie.campoy@lvba.com.br<\/strong><\/p>\n","protected":false},"excerpt":{"rendered":"<p>Do Sindicato Rural de Erechim ao treinamento dos revendedores na central, Carazinho refor\u00e7a os procedimentos corretos com as embalagens vazias de defensivos agr\u00edcolas no Dia Nacional do Campo Limpo (DNCL), reunindo produtores, revendas e entidades do setor na regi\u00e3o. Integrante do calend\u00e1rio oficial brasileiro, o DNCL \u00e9 a data que re\u00fane o pa\u00eds inteiro para&#8230;<\/p>\n","protected":false},"author":4,"featured_media":12385,"comment_status":"open","ping_status":"open","sticky":false,"template":"","format":"standard","meta":{"pagelayer_contact_templates":[],"_pagelayer_content":"","footnotes":""},"categories":[49,52],"tags":[],"class_list":["post-12382","post","type-post","status-publish","format-standard","has-post-thumbnail","hentry","category-erechim-regiao","category-negocios"],"yoast_head":"<!-- This site is optimized with the Yoast SEO plugin v28.3 - https:\/\/yoast.com\/product\/yoast-seo-wordpress\/ -->\n<title>Dia Nacional do Campo Limpo! - R\u00e1dio Atalaia Fm Erechim<\/title>\n<meta name=\"robots\" content=\"index, follow, max-snippet:-1, max-image-preview:large, max-video-preview:-1\" \/>\n<link rel=\"canonical\" href=\"https:\/\/radioatalaiafmerechim.com.br\/portal\/dia-nacional-do-campo-limpo\/\" \/>\n<meta property=\"og:locale\" content=\"pt_PT\" \/>\n<meta property=\"og:type\" content=\"article\" \/>\n<meta property=\"og:title\" content=\"Dia Nacional do Campo Limpo! - R\u00e1dio Atalaia Fm Erechim\" \/>\n<meta property=\"og:description\" content=\"Do Sindicato Rural de Erechim ao treinamento dos revendedores na central, Carazinho refor\u00e7a os procedimentos corretos com as embalagens vazias de defensivos agr\u00edcolas no Dia Nacional do Campo Limpo (DNCL), reunindo produtores, revendas e entidades do setor na regi\u00e3o. Integrante do calend\u00e1rio oficial brasileiro, o DNCL \u00e9 a data que re\u00fane o pa\u00eds inteiro para...\" \/>\n<meta property=\"og:url\" content=\"https:\/\/radioatalaiafmerechim.com.br\/portal\/dia-nacional-do-campo-limpo\/\" \/>\n<meta property=\"og:site_name\" content=\"R\u00e1dio Atalaia Fm Erechim\" \/>\n<meta property=\"article:published_time\" content=\"2026-08-08T12:37:04+00:00\" \/>\n<meta property=\"article:modified_time\" content=\"2026-08-08T12:37:07+00:00\" \/>\n<meta property=\"og:image\" content=\"https:\/\/conexaoerechim.com.br\/wp-content\/uploads\/2026\/08\/CAMPO.jpg\" \/>\n\t<meta property=\"og:image:width\" content=\"120\" \/>\n\t<meta property=\"og:image:height\" content=\"89\" \/>\n\t<meta property=\"og:image:type\" content=\"image\/jpeg\" \/>\n<meta name=\"author\" content=\"luiscarlosmattos44@gmail.com\" \/>\n<meta name=\"twitter:card\" content=\"summary_large_image\" \/>\n<meta name=\"twitter:label1\" content=\"Escrito por\" \/>\n\t<meta name=\"twitter:data1\" content=\"luiscarlosmattos44@gmail.com\" \/>\n\t<meta name=\"twitter:label2\" content=\"Tempo estimado de leitura\" \/>\n\t<meta name=\"twitter:data2\" content=\"3 minutos\" \/>\n<script type=\"application\/ld+json\" class=\"yoast-schema-graph\">{\"@context\":\"https:\\\/\\\/schema.org\",\"@graph\":[{\"@type\":\"Article\",\"@id\":\"https:\\\/\\\/radioatalaiafmerechim.com.br\\\/portal\\\/dia-nacional-do-campo-limpo\\\/#article\",\"isPartOf\":{\"@id\":\"https:\\\/\\\/radioatalaiafmerechim.com.br\\\/portal\\\/dia-nacional-do-campo-limpo\\\/\"},\"author\":{\"name\":\"luiscarlosmattos44@gmail.com\",\"@id\":\"https:\\\/\\\/radioatalaiafmerechim.com.br\\\/portal\\\/#\\\/schema\\\/person\\\/22dc9addc520b1490990ddb312f4244d\"},\"headline\":\"Dia Nacional do Campo Limpo!\",\"datePublished\":\"2026-08-08T12:37:04+00:00\",\"dateModified\":\"2026-08-08T12:37:07+00:00\",\"mainEntityOfPage\":{\"@id\":\"https:\\\/\\\/radioatalaiafmerechim.com.br\\\/portal\\\/dia-nacional-do-campo-limpo\\\/\"},\"wordCount\":359,\"commentCount\":0,\"publisher\":{\"@id\":\"https:\\\/\\\/radioatalaiafmerechim.com.br\\\/portal\\\/#organization\"},\"image\":{\"@id\":\"https:\\\/\\\/radioatalaiafmerechim.com.br\\\/portal\\\/dia-nacional-do-campo-limpo\\\/#primaryimage\"},\"thumbnailUrl\":\"https:\\\/\\\/radioatalaiafmerechim.com.br\\\/portal\\\/wp-content\\\/uploads\\\/2026\\\/08\\\/CAMPO.jpg\",\"articleSection\":[\"ERECHIM\\\/REGI\u00c3O\",\"NEG\u00d3CIOS\"],\"inLanguage\":\"pt-PT\",\"potentialAction\":[{\"@type\":\"CommentAction\",\"name\":\"Comment\",\"target\":[\"https:\\\/\\\/radioatalaiafmerechim.com.br\\\/portal\\\/dia-nacional-do-campo-limpo\\\/#respond\"]}]},{\"@type\":\"WebPage\",\"@id\":\"https:\\\/\\\/radioatalaiafmerechim.com.br\\\/portal\\\/dia-nacional-do-campo-limpo\\\/\",\"url\":\"https:\\\/\\\/radioatalaiafmerechim.com.br\\\/portal\\\/dia-nacional-do-campo-limpo\\\/\",\"name\":\"Dia Nacional do Campo Limpo! - R\u00e1dio Atalaia Fm Erechim\",\"isPartOf\":{\"@id\":\"https:\\\/\\\/radioatalaiafmerechim.com.br\\\/portal\\\/#website\"},\"primaryImageOfPage\":{\"@id\":\"https:\\\/\\\/radioatalaiafmerechim.com.br\\\/portal\\\/dia-nacional-do-campo-limpo\\\/#primaryimage\"},\"image\":{\"@id\":\"https:\\\/\\\/radioatalaiafmerechim.com.br\\\/portal\\\/dia-nacional-do-campo-limpo\\\/#primaryimage\"},\"thumbnailUrl\":\"https:\\\/\\\/radioatalaiafmerechim.com.br\\\/portal\\\/wp-content\\\/uploads\\\/2026\\\/08\\\/CAMPO.jpg\",\"datePublished\":\"2026-08-08T12:37:04+00:00\",\"dateModified\":\"2026-08-08T12:37:07+00:00\",\"breadcrumb\":{\"@id\":\"https:\\\/\\\/radioatalaiafmerechim.com.br\\\/portal\\\/dia-nacional-do-campo-limpo\\\/#breadcrumb\"},\"inLanguage\":\"pt-PT\",\"potentialAction\":[{\"@type\":\"ReadAction\",\"target\":[\"https:\\\/\\\/radioatalaiafmerechim.com.br\\\/portal\\\/dia-nacional-do-campo-limpo\\\/\"]}]},{\"@type\":\"ImageObject\",\"inLanguage\":\"pt-PT\",\"@id\":\"https:\\\/\\\/radioatalaiafmerechim.com.br\\\/portal\\\/dia-nacional-do-campo-limpo\\\/#primaryimage\",\"url\":\"https:\\\/\\\/radioatalaiafmerechim.com.br\\\/portal\\\/wp-content\\\/uploads\\\/2026\\\/08\\\/CAMPO.jpg\",\"contentUrl\":\"https:\\\/\\\/radioatalaiafmerechim.com.br\\\/portal\\\/wp-content\\\/uploads\\\/2026\\\/08\\\/CAMPO.jpg\",\"width\":120,\"height\":89},{\"@type\":\"BreadcrumbList\",\"@id\":\"https:\\\/\\\/radioatalaiafmerechim.com.br\\\/portal\\\/dia-nacional-do-campo-limpo\\\/#breadcrumb\",\"itemListElement\":[{\"@type\":\"ListItem\",\"position\":1,\"name\":\"In\u00edcio\",\"item\":\"https:\\\/\\\/radioatalaiafmerechim.com.br\\\/portal\\\/\"},{\"@type\":\"ListItem\",\"position\":2,\"name\":\"Dia Nacional do Campo Limpo!\"}]},{\"@type\":\"WebSite\",\"@id\":\"https:\\\/\\\/radioatalaiafmerechim.com.br\\\/portal\\\/#website\",\"url\":\"https:\\\/\\\/radioatalaiafmerechim.com.br\\\/portal\\\/\",\"name\":\"R\u00e1dio Atalaia Fm Erechim\",\"description\":\"\",\"publisher\":{\"@id\":\"https:\\\/\\\/radioatalaiafmerechim.com.br\\\/portal\\\/#organization\"},\"potentialAction\":[{\"@type\":\"SearchAction\",\"target\":{\"@type\":\"EntryPoint\",\"urlTemplate\":\"https:\\\/\\\/radioatalaiafmerechim.com.br\\\/portal\\\/?s={search_term_string}\"},\"query-input\":{\"@type\":\"PropertyValueSpecification\",\"valueRequired\":true,\"valueName\":\"search_term_string\"}}],\"inLanguage\":\"pt-PT\"},{\"@type\":\"Organization\",\"@id\":\"https:\\\/\\\/radioatalaiafmerechim.com.br\\\/portal\\\/#organization\",\"name\":\"R\u00e1dio Atalaia Fm Erechim\",\"url\":\"https:\\\/\\\/radioatalaiafmerechim.com.br\\\/portal\\\/\",\"logo\":{\"@type\":\"ImageObject\",\"inLanguage\":\"pt-PT\",\"@id\":\"https:\\\/\\\/radioatalaiafmerechim.com.br\\\/portal\\\/#\\\/schema\\\/logo\\\/image\\\/\",\"url\":\"https:\\\/\\\/radioatalaiafmerechim.com.br\\\/portal\\\/wp-content\\\/uploads\\\/2026\\\/08\\\/WhatsApp-Image-2026-08-20-at-19.15.33-2.jpeg\",\"contentUrl\":\"https:\\\/\\\/radioatalaiafmerechim.com.br\\\/portal\\\/wp-content\\\/uploads\\\/2026\\\/08\\\/WhatsApp-Image-2026-08-20-at-19.15.33-2.jpeg\",\"width\":1536,\"height\":1024,\"caption\":\"R\u00e1dio Atalaia Fm Erechim\"},\"image\":{\"@id\":\"https:\\\/\\\/radioatalaiafmerechim.com.br\\\/portal\\\/#\\\/schema\\\/logo\\\/image\\\/\"}},{\"@type\":\"Person\",\"@id\":\"https:\\\/\\\/radioatalaiafmerechim.com.br\\\/portal\\\/#\\\/schema\\\/person\\\/22dc9addc520b1490990ddb312f4244d\",\"name\":\"luiscarlosmattos44@gmail.com\",\"image\":{\"@type\":\"ImageObject\",\"inLanguage\":\"pt-PT\",\"@id\":\"https:\\\/\\\/secure.gravatar.com\\\/avatar\\\/3165018682ad5ebeb6c6303c432e2424711519c66b404df31f016c3cbaffbeb2?s=96&d=mm&r=g\",\"url\":\"https:\\\/\\\/secure.gravatar.com\\\/avatar\\\/3165018682ad5ebeb6c6303c432e2424711519c66b404df31f016c3cbaffbeb2?s=96&d=mm&r=g\",\"contentUrl\":\"https:\\\/\\\/secure.gravatar.com\\\/avatar\\\/3165018682ad5ebeb6c6303c432e2424711519c66b404df31f016c3cbaffbeb2?s=96&d=mm&r=g\",\"caption\":\"luiscarlosmattos44@gmail.com\"},\"sameAs\":[\"https:\\\/\\\/radioatalaiafmerechim.com.br\\\/portal\\\/\"],\"url\":\"https:\\\/\\\/radioatalaiafmerechim.com.br\\\/portal\\\/author\\\/luiscarlosmattos\\\/\"}]}<\/script>\n<!-- \/ Yoast SEO plugin. -->","yoast_head_json":{"title":"Dia Nacional do Campo Limpo! - R\u00e1dio Atalaia Fm Erechim","robots":{"index":"index","follow":"follow","max-snippet":"max-snippet:-1","max-image-preview":"max-image-preview:large","max-video-preview":"max-video-preview:-1"},"canonical":"https:\/\/radioatalaiafmerechim.com.br\/portal\/dia-nacional-do-campo-limpo\/","og_locale":"pt_PT","og_type":"article","og_title":"Dia Nacional do Campo Limpo! - R\u00e1dio Atalaia Fm Erechim","og_description":"Do Sindicato Rural de Erechim ao treinamento dos revendedores na central, Carazinho refor\u00e7a os procedimentos corretos com as embalagens vazias de defensivos agr\u00edcolas no Dia Nacional do Campo Limpo (DNCL), reunindo produtores, revendas e entidades do setor na regi\u00e3o. Integrante do calend\u00e1rio oficial brasileiro, o DNCL \u00e9 a data que re\u00fane o pa\u00eds inteiro para...","og_url":"https:\/\/radioatalaiafmerechim.com.br\/portal\/dia-nacional-do-campo-limpo\/","og_site_name":"R\u00e1dio Atalaia Fm Erechim","article_published_time":"2026-08-08T12:37:04+00:00","article_modified_time":"2026-08-08T12:37:07+00:00","og_image":[{"width":120,"height":89,"url":"https:\/\/conexaoerechim.com.br\/wp-content\/uploads\/2026\/08\/CAMPO.jpg","type":"image\/jpeg"}],"author":"luiscarlosmattos44@gmail.com","twitter_card":"summary_large_image","twitter_misc":{"Escrito por":"luiscarlosmattos44@gmail.com","Tempo estimado de leitura":"3 minutos"},"schema":{"@context":"https:\/\/schema.org","@graph":[{"@type":"Article","@id":"https:\/\/radioatalaiafmerechim.com.br\/portal\/dia-nacional-do-campo-limpo\/#article","isPartOf":{"@id":"https:\/\/radioatalaiafmerechim.com.br\/portal\/dia-nacional-do-campo-limpo\/"},"author":{"name":"luiscarlosmattos44@gmail.com","@id":"https:\/\/radioatalaiafmerechim.com.br\/portal\/#\/schema\/person\/22dc9addc520b1490990ddb312f4244d"},"headline":"Dia Nacional do Campo Limpo!","datePublished":"2026-08-08T12:37:04+00:00","dateModified":"2026-08-08T12:37:07+00:00","mainEntityOfPage":{"@id":"https:\/\/radioatalaiafmerechim.com.br\/portal\/dia-nacional-do-campo-limpo\/"},"wordCount":359,"commentCount":0,"publisher":{"@id":"https:\/\/radioatalaiafmerechim.com.br\/portal\/#organization"},"image":{"@id":"https:\/\/radioatalaiafmerechim.com.br\/portal\/dia-nacional-do-campo-limpo\/#primaryimage"},"thumbnailUrl":"https:\/\/radioatalaiafmerechim.com.br\/portal\/wp-content\/uploads\/2026\/08\/CAMPO.jpg","articleSection":["ERECHIM\/REGI\u00c3O","NEG\u00d3CIOS"],"inLanguage":"pt-PT","potentialAction":[{"@type":"CommentAction","name":"Comment","target":["https:\/\/radioatalaiafmerechim.com.br\/portal\/dia-nacional-do-campo-limpo\/#respond"]}]},{"@type":"WebPage","@id":"https:\/\/radioatalaiafmerechim.com.br\/portal\/dia-nacional-do-campo-limpo\/","url":"https:\/\/radioatalaiafmerechim.com.br\/portal\/dia-nacional-do-campo-limpo\/","name":"Dia Nacional do Campo Limpo! - R\u00e1dio Atalaia Fm Erechim","isPartOf":{"@id":"https:\/\/radioatalaiafmerechim.com.br\/portal\/#website"},"primaryImageOfPage":{"@id":"https:\/\/radioatalaiafmerechim.com.br\/portal\/dia-nacional-do-campo-limpo\/#primaryimage"},"image":{"@id":"https:\/\/radioatalaiafmerechim.com.br\/portal\/dia-nacional-do-campo-limpo\/#primaryimage"},"thumbnailUrl":"https:\/\/radioatalaiafmerechim.com.br\/portal\/wp-content\/uploads\/2026\/08\/CAMPO.jpg","datePublished":"2026-08-08T12:37:04+00:00","dateModified":"2026-08-08T12:37:07+00:00","breadcrumb":{"@id":"https:\/\/radioatalaiafmerechim.com.br\/portal\/dia-nacional-do-campo-limpo\/#breadcrumb"},"inLanguage":"pt-PT","potentialAction":[{"@type":"ReadAction","target":["https:\/\/radioatalaiafmerechim.com.br\/portal\/dia-nacional-do-campo-limpo\/"]}]},{"@type":"ImageObject","inLanguage":"pt-PT","@id":"https:\/\/radioatalaiafmerechim.com.br\/portal\/dia-nacional-do-campo-limpo\/#primaryimage","url":"https:\/\/radioatalaiafmerechim.com.br\/portal\/wp-content\/uploads\/2026\/08\/CAMPO.jpg","contentUrl":"https:\/\/radioatalaiafmerechim.com.br\/portal\/wp-content\/uploads\/2026\/08\/CAMPO.jpg","width":120,"height":89},{"@type":"BreadcrumbList","@id":"https:\/\/radioatalaiafmerechim.com.br\/portal\/dia-nacional-do-campo-limpo\/#breadcrumb","itemListElement":[{"@type":"ListItem","position":1,"name":"In\u00edcio","item":"https:\/\/radioatalaiafmerechim.com.br\/portal\/"},{"@type":"ListItem","position":2,"name":"Dia Nacional do Campo Limpo!"}]},{"@type":"WebSite","@id":"https:\/\/radioatalaiafmerechim.com.br\/portal\/#website","url":"https:\/\/radioatalaiafmerechim.com.br\/portal\/","name":"R\u00e1dio Atalaia Fm Erechim","description":"","publisher":{"@id":"https:\/\/radioatalaiafmerechim.com.br\/portal\/#organization"},"potentialAction":[{"@type":"SearchAction","target":{"@type":"EntryPoint","urlTemplate":"https:\/\/radioatalaiafmerechim.com.br\/portal\/?s={search_term_string}"},"query-input":{"@type":"PropertyValueSpecification","valueRequired":true,"valueName":"search_term_string"}}],"inLanguage":"pt-PT"},{"@type":"Organization","@id":"https:\/\/radioatalaiafmerechim.com.br\/portal\/#organization","name":"R\u00e1dio Atalaia Fm Erechim","url":"https:\/\/radioatalaiafmerechim.com.br\/portal\/","logo":{"@type":"ImageObject","inLanguage":"pt-PT","@id":"https:\/\/radioatalaiafmerechim.com.br\/portal\/#\/schema\/logo\/image\/","url":"https:\/\/radioatalaiafmerechim.com.br\/portal\/wp-content\/uploads\/2026\/08\/WhatsApp-Image-2026-08-20-at-19.15.33-2.jpeg","contentUrl":"https:\/\/radioatalaiafmerechim.com.br\/portal\/wp-content\/uploads\/2026\/08\/WhatsApp-Image-2026-08-20-at-19.15.33-2.jpeg","width":1536,"height":1024,"caption":"R\u00e1dio Atalaia Fm Erechim"},"image":{"@id":"https:\/\/radioatalaiafmerechim.com.br\/portal\/#\/schema\/logo\/image\/"}},{"@type":"Person","@id":"https:\/\/radioatalaiafmerechim.com.br\/portal\/#\/schema\/person\/22dc9addc520b1490990ddb312f4244d","name":"luiscarlosmattos44@gmail.com","image":{"@type":"ImageObject","inLanguage":"pt-PT","@id":"https:\/\/secure.gravatar.com\/avatar\/3165018682ad5ebeb6c6303c432e2424711519c66b404df31f016c3cbaffbeb2?s=96&d=mm&r=g","url":"https:\/\/secure.gravatar.com\/avatar\/3165018682ad5ebeb6c6303c432e2424711519c66b404df31f016c3cbaffbeb2?s=96&d=mm&r=g","contentUrl":"https:\/\/secure.gravatar.com\/avatar\/3165018682ad5ebeb6c6303c432e2424711519c66b404df31f016c3cbaffbeb2?s=96&d=mm&r=g","caption":"luiscarlosmattos44@gmail.com"},"sameAs":["https:\/\/radioatalaiafmerechim.com.br\/portal\/"],"url":"https:\/\/radioatalaiafmerechim.com.br\/portal\/author\/luiscarlosmattos\/"}]}},"_links":{"self":[{"href":"https:\/\/radioatalaiafmerechim.com.br\/portal\/wp-json\/wp\/v2\/posts\/12382","targetHints":{"allow":["GET"]}}],"collection":[{"href":"https:\/\/radioatalaiafmerechim.com.br\/portal\/wp-json\/wp\/v2\/posts"}],"about":[{"href":"https:\/\/radioatalaiafmerechim.com.br\/portal\/wp-json\/wp\/v2\/types\/post"}],"author":[{"embeddable":true,"href":"https:\/\/radioatalaiafmerechim.com.br\/portal\/wp-json\/wp\/v2\/users\/4"}],"replies":[{"embeddable":true,"href":"https:\/\/radioatalaiafmerechim.com.br\/portal\/wp-json\/wp\/v2\/comments?post=12382"}],"version-history":[{"count":1,"href":"https:\/\/radioatalaiafmerechim.com.br\/portal\/wp-json\/wp\/v2\/posts\/12382\/revisions"}],"predecessor-version":[{"id":12386,"href":"https:\/\/radioatalaiafmerechim.com.br\/portal\/wp-json\/wp\/v2\/posts\/12382\/revisions\/12386"}],"wp:featuredmedia":[{"embeddable":true,"href":"https:\/\/radioatalaiafmerechim.com.br\/portal\/wp-json\/wp\/v2\/media\/12385"}],"wp:attachment":[{"href":"https:\/\/radioatalaiafmerechim.com.br\/portal\/wp-json\/wp\/v2\/media?parent=12382"}],"wp:term":[{"taxonomy":"category","embeddable":true,"href":"https:\/\/radioatalaiafmerechim.com.br\/portal\/wp-json\/wp\/v2\/categories?post=12382"},{"taxonomy":"post_tag","embeddable":true,"href":"https:\/\/radioatalaiafmerechim.com.br\/portal\/wp-json\/wp\/v2\/tags?post=12382"}],"curies":[{"name":"wp","href":"https:\/\/api.w.org\/{rel}","templated":true}]}}