{"id":12377,"date":"2026-08-08T09:11:53","date_gmt":"2026-08-08T12:11:53","guid":{"rendered":"https:\/\/conexaoerechim.com.br\/?p=12377"},"modified":"2026-08-08T09:11:54","modified_gmt":"2026-08-08T12:11:54","slug":"sociedade-biblica-do-brasil-da-inicio-a-construcao-historica","status":"publish","type":"post","link":"https:\/\/radioatalaiafmerechim.com.br\/portal\/sociedade-biblica-do-brasil-da-inicio-a-construcao-historica\/","title":{"rendered":"Sociedade B\u00edblica do Brasil:  D\u00e1 in\u00edcio \u00e0 Constru\u00e7\u00e3o Hist\u00f3rica."},"content":{"rendered":"\n<p class=\"has-medium-font-size wp-block-paragraph\">A Sociedade B\u00edblica do Brasil (SBB) acaba de dar um importante passo rumo \u00e0 realiza\u00e7\u00e3o da Cidade da B\u00edblia com a oficializa\u00e7\u00e3o da aquisi\u00e7\u00e3o da \u00e1rea onde o novo complexo ser\u00e1 erguido.<br>O futuro empreendimento ocupar\u00e1 uma \u00e1rea situada no km 42 da Rodovia Castello Branco, no munic\u00edpio de Santana de Parna\u00edba (SP). De acordo com a SBB, a localiza\u00e7\u00e3o foi definida estrategicamente para acompanhar o crescimento institucional e ampliar sua capacidade de produ\u00e7\u00e3o, distribui\u00e7\u00e3o e promo\u00e7\u00e3o do acesso \u00e0s Sagradas Escrituras nos pr\u00f3ximos anos.<br>Fundada em 1948, a Sociedade B\u00edblica do Brasil considera a Cidade da B\u00edblia um dos marcos mais significativos de sua trajet\u00f3ria recente. Para al\u00e9m da amplia\u00e7\u00e3o de sua infraestrutura operacional, o novo complexo pretende consolidar um centro dedicado ao fortalecimento da causa b\u00edblica, viabilizando que igrejas e comunidades no Brasil e no exterior tenham acesso cada vez mais amplo \u00e0 Palavra de Deus. <strong>Comunh\u00e3o<\/strong>.\/\/<strong>https:\/\/goodprime.co\/<\/strong><\/p>\n\n\n\n<p class=\"wp-block-paragraph\"><\/p>\n","protected":false},"excerpt":{"rendered":"<p>A Sociedade B\u00edblica do Brasil (SBB) acaba de dar um importante passo rumo \u00e0 realiza\u00e7\u00e3o da Cidade da B\u00edblia com a oficializa\u00e7\u00e3o da aquisi\u00e7\u00e3o da \u00e1rea onde o novo complexo ser\u00e1 erguido.O futuro empreendimento ocupar\u00e1 uma \u00e1rea situada no km 42 da Rodovia Castello Branco, no munic\u00edpio de Santana de Parna\u00edba (SP). De acordo com&#8230;<\/p>\n","protected":false},"author":4,"featured_media":12380,"comment_status":"open","ping_status":"open","sticky":false,"template":"","format":"standard","meta":{"pagelayer_contact_templates":[],"_pagelayer_content":"","footnotes":""},"categories":[47,50],"tags":[],"class_list":["post-12377","post","type-post","status-publish","format-standard","has-post-thumbnail","hentry","category-brasil","category-noticias"],"yoast_head":"<!-- This site is optimized with the Yoast SEO plugin v28.3 - https:\/\/yoast.com\/product\/yoast-seo-wordpress\/ -->\n<title>Sociedade B\u00edblica do Brasil: D\u00e1 in\u00edcio \u00e0 Constru\u00e7\u00e3o Hist\u00f3rica. - R\u00e1dio Atalaia Fm Erechim<\/title>\n<meta name=\"robots\" content=\"index, follow, max-snippet:-1, max-image-preview:large, max-video-preview:-1\" \/>\n<link rel=\"canonical\" href=\"https:\/\/radioatalaiafmerechim.com.br\/portal\/sociedade-biblica-do-brasil-da-inicio-a-construcao-historica\/\" \/>\n<meta property=\"og:locale\" content=\"pt_PT\" \/>\n<meta property=\"og:type\" content=\"article\" \/>\n<meta property=\"og:title\" content=\"Sociedade B\u00edblica do Brasil: D\u00e1 in\u00edcio \u00e0 Constru\u00e7\u00e3o Hist\u00f3rica. - R\u00e1dio Atalaia Fm Erechim\" \/>\n<meta property=\"og:description\" content=\"A Sociedade B\u00edblica do Brasil (SBB) acaba de dar um importante passo rumo \u00e0 realiza\u00e7\u00e3o da Cidade da B\u00edblia com a oficializa\u00e7\u00e3o da aquisi\u00e7\u00e3o da \u00e1rea onde o novo complexo ser\u00e1 erguido.O futuro empreendimento ocupar\u00e1 uma \u00e1rea situada no km 42 da Rodovia Castello Branco, no munic\u00edpio de Santana de Parna\u00edba (SP). De acordo com...\" \/>\n<meta property=\"og:url\" content=\"https:\/\/radioatalaiafmerechim.com.br\/portal\/sociedade-biblica-do-brasil-da-inicio-a-construcao-historica\/\" \/>\n<meta property=\"og:site_name\" content=\"R\u00e1dio Atalaia Fm Erechim\" \/>\n<meta property=\"article:published_time\" content=\"2026-08-08T12:11:53+00:00\" \/>\n<meta property=\"article:modified_time\" content=\"2026-08-08T12:11:54+00:00\" \/>\n<meta property=\"og:image\" content=\"https:\/\/conexaoerechim.com.br\/wp-content\/uploads\/2026\/08\/default.webp\" \/>\n\t<meta property=\"og:image:width\" content=\"1212\" \/>\n\t<meta property=\"og:image:height\" content=\"909\" \/>\n\t<meta property=\"og:image:type\" content=\"image\/webp\" \/>\n<meta name=\"author\" content=\"luiscarlosmattos44@gmail.com\" \/>\n<meta name=\"twitter:card\" content=\"summary_large_image\" \/>\n<meta name=\"twitter:label1\" content=\"Escrito por\" \/>\n\t<meta name=\"twitter:data1\" content=\"luiscarlosmattos44@gmail.com\" \/>\n\t<meta name=\"twitter:label2\" content=\"Tempo estimado de leitura\" \/>\n\t<meta name=\"twitter:data2\" content=\"2 minutos\" \/>\n<script type=\"application\/ld+json\" class=\"yoast-schema-graph\">{\"@context\":\"https:\\\/\\\/schema.org\",\"@graph\":[{\"@type\":\"Article\",\"@id\":\"https:\\\/\\\/radioatalaiafmerechim.com.br\\\/portal\\\/sociedade-biblica-do-brasil-da-inicio-a-construcao-historica\\\/#article\",\"isPartOf\":{\"@id\":\"https:\\\/\\\/radioatalaiafmerechim.com.br\\\/portal\\\/sociedade-biblica-do-brasil-da-inicio-a-construcao-historica\\\/\"},\"author\":{\"name\":\"luiscarlosmattos44@gmail.com\",\"@id\":\"https:\\\/\\\/radioatalaiafmerechim.com.br\\\/portal\\\/#\\\/schema\\\/person\\\/22dc9addc520b1490990ddb312f4244d\"},\"headline\":\"Sociedade B\u00edblica do Brasil: D\u00e1 in\u00edcio \u00e0 Constru\u00e7\u00e3o Hist\u00f3rica.\",\"datePublished\":\"2026-08-08T12:11:53+00:00\",\"dateModified\":\"2026-08-08T12:11:54+00:00\",\"mainEntityOfPage\":{\"@id\":\"https:\\\/\\\/radioatalaiafmerechim.com.br\\\/portal\\\/sociedade-biblica-do-brasil-da-inicio-a-construcao-historica\\\/\"},\"wordCount\":179,\"commentCount\":0,\"publisher\":{\"@id\":\"https:\\\/\\\/radioatalaiafmerechim.com.br\\\/portal\\\/#organization\"},\"image\":{\"@id\":\"https:\\\/\\\/radioatalaiafmerechim.com.br\\\/portal\\\/sociedade-biblica-do-brasil-da-inicio-a-construcao-historica\\\/#primaryimage\"},\"thumbnailUrl\":\"https:\\\/\\\/radioatalaiafmerechim.com.br\\\/portal\\\/wp-content\\\/uploads\\\/2026\\\/08\\\/default.webp\",\"articleSection\":[\"BRASIL\",\"NOTICIAS\"],\"inLanguage\":\"pt-PT\",\"potentialAction\":[{\"@type\":\"CommentAction\",\"name\":\"Comment\",\"target\":[\"https:\\\/\\\/radioatalaiafmerechim.com.br\\\/portal\\\/sociedade-biblica-do-brasil-da-inicio-a-construcao-historica\\\/#respond\"]}]},{\"@type\":\"WebPage\",\"@id\":\"https:\\\/\\\/radioatalaiafmerechim.com.br\\\/portal\\\/sociedade-biblica-do-brasil-da-inicio-a-construcao-historica\\\/\",\"url\":\"https:\\\/\\\/radioatalaiafmerechim.com.br\\\/portal\\\/sociedade-biblica-do-brasil-da-inicio-a-construcao-historica\\\/\",\"name\":\"Sociedade B\u00edblica do Brasil: D\u00e1 in\u00edcio \u00e0 Constru\u00e7\u00e3o Hist\u00f3rica. - R\u00e1dio Atalaia Fm Erechim\",\"isPartOf\":{\"@id\":\"https:\\\/\\\/radioatalaiafmerechim.com.br\\\/portal\\\/#website\"},\"primaryImageOfPage\":{\"@id\":\"https:\\\/\\\/radioatalaiafmerechim.com.br\\\/portal\\\/sociedade-biblica-do-brasil-da-inicio-a-construcao-historica\\\/#primaryimage\"},\"image\":{\"@id\":\"https:\\\/\\\/radioatalaiafmerechim.com.br\\\/portal\\\/sociedade-biblica-do-brasil-da-inicio-a-construcao-historica\\\/#primaryimage\"},\"thumbnailUrl\":\"https:\\\/\\\/radioatalaiafmerechim.com.br\\\/portal\\\/wp-content\\\/uploads\\\/2026\\\/08\\\/default.webp\",\"datePublished\":\"2026-08-08T12:11:53+00:00\",\"dateModified\":\"2026-08-08T12:11:54+00:00\",\"breadcrumb\":{\"@id\":\"https:\\\/\\\/radioatalaiafmerechim.com.br\\\/portal\\\/sociedade-biblica-do-brasil-da-inicio-a-construcao-historica\\\/#breadcrumb\"},\"inLanguage\":\"pt-PT\",\"potentialAction\":[{\"@type\":\"ReadAction\",\"target\":[\"https:\\\/\\\/radioatalaiafmerechim.com.br\\\/portal\\\/sociedade-biblica-do-brasil-da-inicio-a-construcao-historica\\\/\"]}]},{\"@type\":\"ImageObject\",\"inLanguage\":\"pt-PT\",\"@id\":\"https:\\\/\\\/radioatalaiafmerechim.com.br\\\/portal\\\/sociedade-biblica-do-brasil-da-inicio-a-construcao-historica\\\/#primaryimage\",\"url\":\"https:\\\/\\\/radioatalaiafmerechim.com.br\\\/portal\\\/wp-content\\\/uploads\\\/2026\\\/08\\\/default.webp\",\"contentUrl\":\"https:\\\/\\\/radioatalaiafmerechim.com.br\\\/portal\\\/wp-content\\\/uploads\\\/2026\\\/08\\\/default.webp\",\"width\":1212,\"height\":909},{\"@type\":\"BreadcrumbList\",\"@id\":\"https:\\\/\\\/radioatalaiafmerechim.com.br\\\/portal\\\/sociedade-biblica-do-brasil-da-inicio-a-construcao-historica\\\/#breadcrumb\",\"itemListElement\":[{\"@type\":\"ListItem\",\"position\":1,\"name\":\"In\u00edcio\",\"item\":\"https:\\\/\\\/radioatalaiafmerechim.com.br\\\/portal\\\/\"},{\"@type\":\"ListItem\",\"position\":2,\"name\":\"Sociedade B\u00edblica do Brasil: D\u00e1 in\u00edcio \u00e0 Constru\u00e7\u00e3o Hist\u00f3rica.\"}]},{\"@type\":\"WebSite\",\"@id\":\"https:\\\/\\\/radioatalaiafmerechim.com.br\\\/portal\\\/#website\",\"url\":\"https:\\\/\\\/radioatalaiafmerechim.com.br\\\/portal\\\/\",\"name\":\"R\u00e1dio Atalaia Fm Erechim\",\"description\":\"\",\"publisher\":{\"@id\":\"https:\\\/\\\/radioatalaiafmerechim.com.br\\\/portal\\\/#organization\"},\"potentialAction\":[{\"@type\":\"SearchAction\",\"target\":{\"@type\":\"EntryPoint\",\"urlTemplate\":\"https:\\\/\\\/radioatalaiafmerechim.com.br\\\/portal\\\/?s={search_term_string}\"},\"query-input\":{\"@type\":\"PropertyValueSpecification\",\"valueRequired\":true,\"valueName\":\"search_term_string\"}}],\"inLanguage\":\"pt-PT\"},{\"@type\":\"Organization\",\"@id\":\"https:\\\/\\\/radioatalaiafmerechim.com.br\\\/portal\\\/#organization\",\"name\":\"R\u00e1dio Atalaia Fm Erechim\",\"url\":\"https:\\\/\\\/radioatalaiafmerechim.com.br\\\/portal\\\/\",\"logo\":{\"@type\":\"ImageObject\",\"inLanguage\":\"pt-PT\",\"@id\":\"https:\\\/\\\/radioatalaiafmerechim.com.br\\\/portal\\\/#\\\/schema\\\/logo\\\/image\\\/\",\"url\":\"https:\\\/\\\/radioatalaiafmerechim.com.br\\\/portal\\\/wp-content\\\/uploads\\\/2026\\\/08\\\/WhatsApp-Image-2026-08-20-at-19.15.33-2.jpeg\",\"contentUrl\":\"https:\\\/\\\/radioatalaiafmerechim.com.br\\\/portal\\\/wp-content\\\/uploads\\\/2026\\\/08\\\/WhatsApp-Image-2026-08-20-at-19.15.33-2.jpeg\",\"width\":1536,\"height\":1024,\"caption\":\"R\u00e1dio Atalaia Fm Erechim\"},\"image\":{\"@id\":\"https:\\\/\\\/radioatalaiafmerechim.com.br\\\/portal\\\/#\\\/schema\\\/logo\\\/image\\\/\"}},{\"@type\":\"Person\",\"@id\":\"https:\\\/\\\/radioatalaiafmerechim.com.br\\\/portal\\\/#\\\/schema\\\/person\\\/22dc9addc520b1490990ddb312f4244d\",\"name\":\"luiscarlosmattos44@gmail.com\",\"image\":{\"@type\":\"ImageObject\",\"inLanguage\":\"pt-PT\",\"@id\":\"https:\\\/\\\/secure.gravatar.com\\\/avatar\\\/3165018682ad5ebeb6c6303c432e2424711519c66b404df31f016c3cbaffbeb2?s=96&d=mm&r=g\",\"url\":\"https:\\\/\\\/secure.gravatar.com\\\/avatar\\\/3165018682ad5ebeb6c6303c432e2424711519c66b404df31f016c3cbaffbeb2?s=96&d=mm&r=g\",\"contentUrl\":\"https:\\\/\\\/secure.gravatar.com\\\/avatar\\\/3165018682ad5ebeb6c6303c432e2424711519c66b404df31f016c3cbaffbeb2?s=96&d=mm&r=g\",\"caption\":\"luiscarlosmattos44@gmail.com\"},\"sameAs\":[\"https:\\\/\\\/radioatalaiafmerechim.com.br\\\/portal\\\/\"],\"url\":\"https:\\\/\\\/radioatalaiafmerechim.com.br\\\/portal\\\/author\\\/luiscarlosmattos\\\/\"}]}<\/script>\n<!-- \/ Yoast SEO plugin. -->","yoast_head_json":{"title":"Sociedade B\u00edblica do Brasil: D\u00e1 in\u00edcio \u00e0 Constru\u00e7\u00e3o Hist\u00f3rica. - R\u00e1dio Atalaia Fm Erechim","robots":{"index":"index","follow":"follow","max-snippet":"max-snippet:-1","max-image-preview":"max-image-preview:large","max-video-preview":"max-video-preview:-1"},"canonical":"https:\/\/radioatalaiafmerechim.com.br\/portal\/sociedade-biblica-do-brasil-da-inicio-a-construcao-historica\/","og_locale":"pt_PT","og_type":"article","og_title":"Sociedade B\u00edblica do Brasil: D\u00e1 in\u00edcio \u00e0 Constru\u00e7\u00e3o Hist\u00f3rica. - R\u00e1dio Atalaia Fm Erechim","og_description":"A Sociedade B\u00edblica do Brasil (SBB) acaba de dar um importante passo rumo \u00e0 realiza\u00e7\u00e3o da Cidade da B\u00edblia com a oficializa\u00e7\u00e3o da aquisi\u00e7\u00e3o da \u00e1rea onde o novo complexo ser\u00e1 erguido.O futuro empreendimento ocupar\u00e1 uma \u00e1rea situada no km 42 da Rodovia Castello Branco, no munic\u00edpio de Santana de Parna\u00edba (SP). De acordo com...","og_url":"https:\/\/radioatalaiafmerechim.com.br\/portal\/sociedade-biblica-do-brasil-da-inicio-a-construcao-historica\/","og_site_name":"R\u00e1dio Atalaia Fm Erechim","article_published_time":"2026-08-08T12:11:53+00:00","article_modified_time":"2026-08-08T12:11:54+00:00","og_image":[{"width":1212,"height":909,"url":"https:\/\/conexaoerechim.com.br\/wp-content\/uploads\/2026\/08\/default.webp","type":"image\/webp"}],"author":"luiscarlosmattos44@gmail.com","twitter_card":"summary_large_image","twitter_misc":{"Escrito por":"luiscarlosmattos44@gmail.com","Tempo estimado de leitura":"2 minutos"},"schema":{"@context":"https:\/\/schema.org","@graph":[{"@type":"Article","@id":"https:\/\/radioatalaiafmerechim.com.br\/portal\/sociedade-biblica-do-brasil-da-inicio-a-construcao-historica\/#article","isPartOf":{"@id":"https:\/\/radioatalaiafmerechim.com.br\/portal\/sociedade-biblica-do-brasil-da-inicio-a-construcao-historica\/"},"author":{"name":"luiscarlosmattos44@gmail.com","@id":"https:\/\/radioatalaiafmerechim.com.br\/portal\/#\/schema\/person\/22dc9addc520b1490990ddb312f4244d"},"headline":"Sociedade B\u00edblica do Brasil: D\u00e1 in\u00edcio \u00e0 Constru\u00e7\u00e3o Hist\u00f3rica.","datePublished":"2026-08-08T12:11:53+00:00","dateModified":"2026-08-08T12:11:54+00:00","mainEntityOfPage":{"@id":"https:\/\/radioatalaiafmerechim.com.br\/portal\/sociedade-biblica-do-brasil-da-inicio-a-construcao-historica\/"},"wordCount":179,"commentCount":0,"publisher":{"@id":"https:\/\/radioatalaiafmerechim.com.br\/portal\/#organization"},"image":{"@id":"https:\/\/radioatalaiafmerechim.com.br\/portal\/sociedade-biblica-do-brasil-da-inicio-a-construcao-historica\/#primaryimage"},"thumbnailUrl":"https:\/\/radioatalaiafmerechim.com.br\/portal\/wp-content\/uploads\/2026\/08\/default.webp","articleSection":["BRASIL","NOTICIAS"],"inLanguage":"pt-PT","potentialAction":[{"@type":"CommentAction","name":"Comment","target":["https:\/\/radioatalaiafmerechim.com.br\/portal\/sociedade-biblica-do-brasil-da-inicio-a-construcao-historica\/#respond"]}]},{"@type":"WebPage","@id":"https:\/\/radioatalaiafmerechim.com.br\/portal\/sociedade-biblica-do-brasil-da-inicio-a-construcao-historica\/","url":"https:\/\/radioatalaiafmerechim.com.br\/portal\/sociedade-biblica-do-brasil-da-inicio-a-construcao-historica\/","name":"Sociedade B\u00edblica do Brasil: D\u00e1 in\u00edcio \u00e0 Constru\u00e7\u00e3o Hist\u00f3rica. - R\u00e1dio Atalaia Fm Erechim","isPartOf":{"@id":"https:\/\/radioatalaiafmerechim.com.br\/portal\/#website"},"primaryImageOfPage":{"@id":"https:\/\/radioatalaiafmerechim.com.br\/portal\/sociedade-biblica-do-brasil-da-inicio-a-construcao-historica\/#primaryimage"},"image":{"@id":"https:\/\/radioatalaiafmerechim.com.br\/portal\/sociedade-biblica-do-brasil-da-inicio-a-construcao-historica\/#primaryimage"},"thumbnailUrl":"https:\/\/radioatalaiafmerechim.com.br\/portal\/wp-content\/uploads\/2026\/08\/default.webp","datePublished":"2026-08-08T12:11:53+00:00","dateModified":"2026-08-08T12:11:54+00:00","breadcrumb":{"@id":"https:\/\/radioatalaiafmerechim.com.br\/portal\/sociedade-biblica-do-brasil-da-inicio-a-construcao-historica\/#breadcrumb"},"inLanguage":"pt-PT","potentialAction":[{"@type":"ReadAction","target":["https:\/\/radioatalaiafmerechim.com.br\/portal\/sociedade-biblica-do-brasil-da-inicio-a-construcao-historica\/"]}]},{"@type":"ImageObject","inLanguage":"pt-PT","@id":"https:\/\/radioatalaiafmerechim.com.br\/portal\/sociedade-biblica-do-brasil-da-inicio-a-construcao-historica\/#primaryimage","url":"https:\/\/radioatalaiafmerechim.com.br\/portal\/wp-content\/uploads\/2026\/08\/default.webp","contentUrl":"https:\/\/radioatalaiafmerechim.com.br\/portal\/wp-content\/uploads\/2026\/08\/default.webp","width":1212,"height":909},{"@type":"BreadcrumbList","@id":"https:\/\/radioatalaiafmerechim.com.br\/portal\/sociedade-biblica-do-brasil-da-inicio-a-construcao-historica\/#breadcrumb","itemListElement":[{"@type":"ListItem","position":1,"name":"In\u00edcio","item":"https:\/\/radioatalaiafmerechim.com.br\/portal\/"},{"@type":"ListItem","position":2,"name":"Sociedade B\u00edblica do Brasil: D\u00e1 in\u00edcio \u00e0 Constru\u00e7\u00e3o Hist\u00f3rica."}]},{"@type":"WebSite","@id":"https:\/\/radioatalaiafmerechim.com.br\/portal\/#website","url":"https:\/\/radioatalaiafmerechim.com.br\/portal\/","name":"R\u00e1dio Atalaia Fm Erechim","description":"","publisher":{"@id":"https:\/\/radioatalaiafmerechim.com.br\/portal\/#organization"},"potentialAction":[{"@type":"SearchAction","target":{"@type":"EntryPoint","urlTemplate":"https:\/\/radioatalaiafmerechim.com.br\/portal\/?s={search_term_string}"},"query-input":{"@type":"PropertyValueSpecification","valueRequired":true,"valueName":"search_term_string"}}],"inLanguage":"pt-PT"},{"@type":"Organization","@id":"https:\/\/radioatalaiafmerechim.com.br\/portal\/#organization","name":"R\u00e1dio Atalaia Fm Erechim","url":"https:\/\/radioatalaiafmerechim.com.br\/portal\/","logo":{"@type":"ImageObject","inLanguage":"pt-PT","@id":"https:\/\/radioatalaiafmerechim.com.br\/portal\/#\/schema\/logo\/image\/","url":"https:\/\/radioatalaiafmerechim.com.br\/portal\/wp-content\/uploads\/2026\/08\/WhatsApp-Image-2026-08-20-at-19.15.33-2.jpeg","contentUrl":"https:\/\/radioatalaiafmerechim.com.br\/portal\/wp-content\/uploads\/2026\/08\/WhatsApp-Image-2026-08-20-at-19.15.33-2.jpeg","width":1536,"height":1024,"caption":"R\u00e1dio Atalaia Fm Erechim"},"image":{"@id":"https:\/\/radioatalaiafmerechim.com.br\/portal\/#\/schema\/logo\/image\/"}},{"@type":"Person","@id":"https:\/\/radioatalaiafmerechim.com.br\/portal\/#\/schema\/person\/22dc9addc520b1490990ddb312f4244d","name":"luiscarlosmattos44@gmail.com","image":{"@type":"ImageObject","inLanguage":"pt-PT","@id":"https:\/\/secure.gravatar.com\/avatar\/3165018682ad5ebeb6c6303c432e2424711519c66b404df31f016c3cbaffbeb2?s=96&d=mm&r=g","url":"https:\/\/secure.gravatar.com\/avatar\/3165018682ad5ebeb6c6303c432e2424711519c66b404df31f016c3cbaffbeb2?s=96&d=mm&r=g","contentUrl":"https:\/\/secure.gravatar.com\/avatar\/3165018682ad5ebeb6c6303c432e2424711519c66b404df31f016c3cbaffbeb2?s=96&d=mm&r=g","caption":"luiscarlosmattos44@gmail.com"},"sameAs":["https:\/\/radioatalaiafmerechim.com.br\/portal\/"],"url":"https:\/\/radioatalaiafmerechim.com.br\/portal\/author\/luiscarlosmattos\/"}]}},"_links":{"self":[{"href":"https:\/\/radioatalaiafmerechim.com.br\/portal\/wp-json\/wp\/v2\/posts\/12377","targetHints":{"allow":["GET"]}}],"collection":[{"href":"https:\/\/radioatalaiafmerechim.com.br\/portal\/wp-json\/wp\/v2\/posts"}],"about":[{"href":"https:\/\/radioatalaiafmerechim.com.br\/portal\/wp-json\/wp\/v2\/types\/post"}],"author":[{"embeddable":true,"href":"https:\/\/radioatalaiafmerechim.com.br\/portal\/wp-json\/wp\/v2\/users\/4"}],"replies":[{"embeddable":true,"href":"https:\/\/radioatalaiafmerechim.com.br\/portal\/wp-json\/wp\/v2\/comments?post=12377"}],"version-history":[{"count":1,"href":"https:\/\/radioatalaiafmerechim.com.br\/portal\/wp-json\/wp\/v2\/posts\/12377\/revisions"}],"predecessor-version":[{"id":12381,"href":"https:\/\/radioatalaiafmerechim.com.br\/portal\/wp-json\/wp\/v2\/posts\/12377\/revisions\/12381"}],"wp:featuredmedia":[{"embeddable":true,"href":"https:\/\/radioatalaiafmerechim.com.br\/portal\/wp-json\/wp\/v2\/media\/12380"}],"wp:attachment":[{"href":"https:\/\/radioatalaiafmerechim.com.br\/portal\/wp-json\/wp\/v2\/media?parent=12377"}],"wp:term":[{"taxonomy":"category","embeddable":true,"href":"https:\/\/radioatalaiafmerechim.com.br\/portal\/wp-json\/wp\/v2\/categories?post=12377"},{"taxonomy":"post_tag","embeddable":true,"href":"https:\/\/radioatalaiafmerechim.com.br\/portal\/wp-json\/wp\/v2\/tags?post=12377"}],"curies":[{"name":"wp","href":"https:\/\/api.w.org\/{rel}","templated":true}]}}