{"id":12372,"date":"2026-08-08T08:54:01","date_gmt":"2026-08-08T11:54:01","guid":{"rendered":"https:\/\/conexaoerechim.com.br\/?p=12372"},"modified":"2026-08-08T08:54:03","modified_gmt":"2026-08-08T11:54:03","slug":"dia-nacional-de-combate-ao-colesterol","status":"publish","type":"post","link":"https:\/\/radioatalaiafmerechim.com.br\/portal\/dia-nacional-de-combate-ao-colesterol\/","title":{"rendered":"Dia Nacional de Combate ao Colesterol."},"content":{"rendered":"\n<h2 class=\"wp-block-heading has-medium-font-size\">O Dia Nacional de Combate ao Colesterol \u00e9 celebrado anualmente em 8 de agosto.<\/h2>\n\n\n\n<p class=\"has-medium-font-size wp-block-paragraph\"> E tem como objetivo alertar a popula\u00e7\u00e3o sobre a import\u00e2ncia da preven\u00e7\u00e3o, do diagn\u00f3stico precoce e do controlo dos n\u00edveis de colesterol no sangue.<br><strong>O que \u00e9 o colestero<\/strong>l?<br>O colesterol \u00e9 uma subst\u00e2ncia gordurosa produzida naturalmente pelo organismo e tamb\u00e9m obtida atrav\u00e9s da alimenta\u00e7\u00e3o. Ele \u00e9 essencial para diversas fun\u00e7\u00f5es do corpo, como a produ\u00e7\u00e3o de hormonas, vitamina D e componentes das membranas das c\u00e9lulas.<\/p>\n\n\n\n<p class=\"has-medium-font-size wp-block-paragraph\">O problema surge quando os seus n\u00edveis ficam desequilibrados, sobretudo devido a h\u00e1bitos de vida pouco saud\u00e1veis.<br>Existem dois tipos principais de colesterol:<br>LDL (colesterol &#8220;mau&#8221;), que em excesso pode acumular-se nas art\u00e9rias;<br>HDL (colesterol &#8220;bom&#8221;), que ajuda a remover o excesso de colesterol da circula\u00e7\u00e3o.<br><strong>Por que o colesterol elevado \u00e9 perigoso<\/strong>?<br>Quando h\u00e1 excesso de colesterol LDL no sangue, podem formar-se placas de gordura nas paredes das art\u00e9rias, reduzindo ou bloqueando a circula\u00e7\u00e3o sangu\u00ednea. Esse processo, conhecido como aterosclerose, pode provocar complica\u00e7\u00f5es graves, como:<br>Infarto do mioc\u00e1rdio;<br>-Acidente vascular cerebral (AVC);<br>-Angina.<br>-Como o colesterol alto raramente provoca sintomas, muitas pessoas s\u00f3 descobrem o problema ap\u00f3s um exame de sangue ou quando ocorre alguma complica\u00e7\u00e3o.<br><strong>Como prevenir o colesterol alto<\/strong>?<br>A preven\u00e7\u00e3o passa principalmente pela ado\u00e7\u00e3o de h\u00e1bitos saud\u00e1veis no dia a dia.<br><strong>Entre as principais recomenda\u00e7\u00f5es est\u00e3o:<\/strong><br>manter uma alimenta\u00e7\u00e3o equilibrada, rica em frutas, legumes, verduras, cereais integrais e fibras;<br>reduzir o consumo de alimentos ultraprocessados, frituras e gorduras saturadas;<br>praticar atividade f\u00edsica regularmente;-\/\/<strong>https:\/\/www.calendarr.com\/brasil\/<\/strong><\/p>\n\n\n\n<p class=\"wp-block-paragraph\"><\/p>\n","protected":false},"excerpt":{"rendered":"<p>O Dia Nacional de Combate ao Colesterol \u00e9 celebrado anualmente em 8 de agosto. E tem como objetivo alertar a popula\u00e7\u00e3o sobre a import\u00e2ncia da preven\u00e7\u00e3o, do diagn\u00f3stico precoce e do controlo dos n\u00edveis de colesterol no sangue.O que \u00e9 o colesterol?O colesterol \u00e9 uma subst\u00e2ncia gordurosa produzida naturalmente pelo organismo e tamb\u00e9m obtida atrav\u00e9s&#8230;<\/p>\n","protected":false},"author":4,"featured_media":12375,"comment_status":"open","ping_status":"open","sticky":false,"template":"","format":"standard","meta":{"pagelayer_contact_templates":[],"_pagelayer_content":"","footnotes":""},"categories":[61],"tags":[],"class_list":["post-12372","post","type-post","status-publish","format-standard","has-post-thumbnail","hentry","category-historia"],"yoast_head":"<!-- This site is optimized with the Yoast SEO plugin v28.3 - https:\/\/yoast.com\/product\/yoast-seo-wordpress\/ -->\n<title>Dia Nacional de Combate ao Colesterol. - R\u00e1dio Atalaia Fm Erechim<\/title>\n<meta name=\"robots\" content=\"index, follow, max-snippet:-1, max-image-preview:large, max-video-preview:-1\" \/>\n<link rel=\"canonical\" href=\"https:\/\/radioatalaiafmerechim.com.br\/portal\/dia-nacional-de-combate-ao-colesterol\/\" \/>\n<meta property=\"og:locale\" content=\"pt_PT\" \/>\n<meta property=\"og:type\" content=\"article\" \/>\n<meta property=\"og:title\" content=\"Dia Nacional de Combate ao Colesterol. - R\u00e1dio Atalaia Fm Erechim\" \/>\n<meta property=\"og:description\" content=\"O Dia Nacional de Combate ao Colesterol \u00e9 celebrado anualmente em 8 de agosto. E tem como objetivo alertar a popula\u00e7\u00e3o sobre a import\u00e2ncia da preven\u00e7\u00e3o, do diagn\u00f3stico precoce e do controlo dos n\u00edveis de colesterol no sangue.O que \u00e9 o colesterol?O colesterol \u00e9 uma subst\u00e2ncia gordurosa produzida naturalmente pelo organismo e tamb\u00e9m obtida atrav\u00e9s...\" \/>\n<meta property=\"og:url\" content=\"https:\/\/radioatalaiafmerechim.com.br\/portal\/dia-nacional-de-combate-ao-colesterol\/\" \/>\n<meta property=\"og:site_name\" content=\"R\u00e1dio Atalaia Fm Erechim\" \/>\n<meta property=\"article:published_time\" content=\"2026-08-08T11:54:01+00:00\" \/>\n<meta property=\"article:modified_time\" content=\"2026-08-08T11:54:03+00:00\" \/>\n<meta property=\"og:image\" content=\"https:\/\/conexaoerechim.com.br\/wp-content\/uploads\/2026\/08\/dia-nacional-de-combate-ao-colesterol.webp\" \/>\n\t<meta property=\"og:image:width\" content=\"1400\" \/>\n\t<meta property=\"og:image:height\" content=\"1050\" \/>\n\t<meta property=\"og:image:type\" content=\"image\/webp\" \/>\n<meta name=\"author\" content=\"luiscarlosmattos44@gmail.com\" \/>\n<meta name=\"twitter:card\" content=\"summary_large_image\" \/>\n<meta name=\"twitter:label1\" content=\"Escrito por\" \/>\n\t<meta name=\"twitter:data1\" content=\"luiscarlosmattos44@gmail.com\" \/>\n\t<meta name=\"twitter:label2\" content=\"Tempo estimado de leitura\" \/>\n\t<meta name=\"twitter:data2\" content=\"2 minutos\" \/>\n<script type=\"application\/ld+json\" class=\"yoast-schema-graph\">{\"@context\":\"https:\\\/\\\/schema.org\",\"@graph\":[{\"@type\":\"Article\",\"@id\":\"https:\\\/\\\/radioatalaiafmerechim.com.br\\\/portal\\\/dia-nacional-de-combate-ao-colesterol\\\/#article\",\"isPartOf\":{\"@id\":\"https:\\\/\\\/radioatalaiafmerechim.com.br\\\/portal\\\/dia-nacional-de-combate-ao-colesterol\\\/\"},\"author\":{\"name\":\"luiscarlosmattos44@gmail.com\",\"@id\":\"https:\\\/\\\/radioatalaiafmerechim.com.br\\\/portal\\\/#\\\/schema\\\/person\\\/22dc9addc520b1490990ddb312f4244d\"},\"headline\":\"Dia Nacional de Combate ao Colesterol.\",\"datePublished\":\"2026-08-08T11:54:01+00:00\",\"dateModified\":\"2026-08-08T11:54:03+00:00\",\"mainEntityOfPage\":{\"@id\":\"https:\\\/\\\/radioatalaiafmerechim.com.br\\\/portal\\\/dia-nacional-de-combate-ao-colesterol\\\/\"},\"wordCount\":285,\"commentCount\":0,\"publisher\":{\"@id\":\"https:\\\/\\\/radioatalaiafmerechim.com.br\\\/portal\\\/#organization\"},\"image\":{\"@id\":\"https:\\\/\\\/radioatalaiafmerechim.com.br\\\/portal\\\/dia-nacional-de-combate-ao-colesterol\\\/#primaryimage\"},\"thumbnailUrl\":\"https:\\\/\\\/radioatalaiafmerechim.com.br\\\/portal\\\/wp-content\\\/uploads\\\/2026\\\/08\\\/dia-nacional-de-combate-ao-colesterol.webp\",\"articleSection\":[\"HIST\u00d3RIA\"],\"inLanguage\":\"pt-PT\",\"potentialAction\":[{\"@type\":\"CommentAction\",\"name\":\"Comment\",\"target\":[\"https:\\\/\\\/radioatalaiafmerechim.com.br\\\/portal\\\/dia-nacional-de-combate-ao-colesterol\\\/#respond\"]}]},{\"@type\":\"WebPage\",\"@id\":\"https:\\\/\\\/radioatalaiafmerechim.com.br\\\/portal\\\/dia-nacional-de-combate-ao-colesterol\\\/\",\"url\":\"https:\\\/\\\/radioatalaiafmerechim.com.br\\\/portal\\\/dia-nacional-de-combate-ao-colesterol\\\/\",\"name\":\"Dia Nacional de Combate ao Colesterol. - R\u00e1dio Atalaia Fm Erechim\",\"isPartOf\":{\"@id\":\"https:\\\/\\\/radioatalaiafmerechim.com.br\\\/portal\\\/#website\"},\"primaryImageOfPage\":{\"@id\":\"https:\\\/\\\/radioatalaiafmerechim.com.br\\\/portal\\\/dia-nacional-de-combate-ao-colesterol\\\/#primaryimage\"},\"image\":{\"@id\":\"https:\\\/\\\/radioatalaiafmerechim.com.br\\\/portal\\\/dia-nacional-de-combate-ao-colesterol\\\/#primaryimage\"},\"thumbnailUrl\":\"https:\\\/\\\/radioatalaiafmerechim.com.br\\\/portal\\\/wp-content\\\/uploads\\\/2026\\\/08\\\/dia-nacional-de-combate-ao-colesterol.webp\",\"datePublished\":\"2026-08-08T11:54:01+00:00\",\"dateModified\":\"2026-08-08T11:54:03+00:00\",\"breadcrumb\":{\"@id\":\"https:\\\/\\\/radioatalaiafmerechim.com.br\\\/portal\\\/dia-nacional-de-combate-ao-colesterol\\\/#breadcrumb\"},\"inLanguage\":\"pt-PT\",\"potentialAction\":[{\"@type\":\"ReadAction\",\"target\":[\"https:\\\/\\\/radioatalaiafmerechim.com.br\\\/portal\\\/dia-nacional-de-combate-ao-colesterol\\\/\"]}]},{\"@type\":\"ImageObject\",\"inLanguage\":\"pt-PT\",\"@id\":\"https:\\\/\\\/radioatalaiafmerechim.com.br\\\/portal\\\/dia-nacional-de-combate-ao-colesterol\\\/#primaryimage\",\"url\":\"https:\\\/\\\/radioatalaiafmerechim.com.br\\\/portal\\\/wp-content\\\/uploads\\\/2026\\\/08\\\/dia-nacional-de-combate-ao-colesterol.webp\",\"contentUrl\":\"https:\\\/\\\/radioatalaiafmerechim.com.br\\\/portal\\\/wp-content\\\/uploads\\\/2026\\\/08\\\/dia-nacional-de-combate-ao-colesterol.webp\",\"width\":1400,\"height\":1050},{\"@type\":\"BreadcrumbList\",\"@id\":\"https:\\\/\\\/radioatalaiafmerechim.com.br\\\/portal\\\/dia-nacional-de-combate-ao-colesterol\\\/#breadcrumb\",\"itemListElement\":[{\"@type\":\"ListItem\",\"position\":1,\"name\":\"In\u00edcio\",\"item\":\"https:\\\/\\\/radioatalaiafmerechim.com.br\\\/portal\\\/\"},{\"@type\":\"ListItem\",\"position\":2,\"name\":\"Dia Nacional de Combate ao Colesterol.\"}]},{\"@type\":\"WebSite\",\"@id\":\"https:\\\/\\\/radioatalaiafmerechim.com.br\\\/portal\\\/#website\",\"url\":\"https:\\\/\\\/radioatalaiafmerechim.com.br\\\/portal\\\/\",\"name\":\"R\u00e1dio Atalaia Fm Erechim\",\"description\":\"\",\"publisher\":{\"@id\":\"https:\\\/\\\/radioatalaiafmerechim.com.br\\\/portal\\\/#organization\"},\"potentialAction\":[{\"@type\":\"SearchAction\",\"target\":{\"@type\":\"EntryPoint\",\"urlTemplate\":\"https:\\\/\\\/radioatalaiafmerechim.com.br\\\/portal\\\/?s={search_term_string}\"},\"query-input\":{\"@type\":\"PropertyValueSpecification\",\"valueRequired\":true,\"valueName\":\"search_term_string\"}}],\"inLanguage\":\"pt-PT\"},{\"@type\":\"Organization\",\"@id\":\"https:\\\/\\\/radioatalaiafmerechim.com.br\\\/portal\\\/#organization\",\"name\":\"R\u00e1dio Atalaia Fm Erechim\",\"url\":\"https:\\\/\\\/radioatalaiafmerechim.com.br\\\/portal\\\/\",\"logo\":{\"@type\":\"ImageObject\",\"inLanguage\":\"pt-PT\",\"@id\":\"https:\\\/\\\/radioatalaiafmerechim.com.br\\\/portal\\\/#\\\/schema\\\/logo\\\/image\\\/\",\"url\":\"https:\\\/\\\/radioatalaiafmerechim.com.br\\\/portal\\\/wp-content\\\/uploads\\\/2026\\\/08\\\/WhatsApp-Image-2026-08-20-at-19.15.33-2.jpeg\",\"contentUrl\":\"https:\\\/\\\/radioatalaiafmerechim.com.br\\\/portal\\\/wp-content\\\/uploads\\\/2026\\\/08\\\/WhatsApp-Image-2026-08-20-at-19.15.33-2.jpeg\",\"width\":1536,\"height\":1024,\"caption\":\"R\u00e1dio Atalaia Fm Erechim\"},\"image\":{\"@id\":\"https:\\\/\\\/radioatalaiafmerechim.com.br\\\/portal\\\/#\\\/schema\\\/logo\\\/image\\\/\"}},{\"@type\":\"Person\",\"@id\":\"https:\\\/\\\/radioatalaiafmerechim.com.br\\\/portal\\\/#\\\/schema\\\/person\\\/22dc9addc520b1490990ddb312f4244d\",\"name\":\"luiscarlosmattos44@gmail.com\",\"image\":{\"@type\":\"ImageObject\",\"inLanguage\":\"pt-PT\",\"@id\":\"https:\\\/\\\/secure.gravatar.com\\\/avatar\\\/3165018682ad5ebeb6c6303c432e2424711519c66b404df31f016c3cbaffbeb2?s=96&d=mm&r=g\",\"url\":\"https:\\\/\\\/secure.gravatar.com\\\/avatar\\\/3165018682ad5ebeb6c6303c432e2424711519c66b404df31f016c3cbaffbeb2?s=96&d=mm&r=g\",\"contentUrl\":\"https:\\\/\\\/secure.gravatar.com\\\/avatar\\\/3165018682ad5ebeb6c6303c432e2424711519c66b404df31f016c3cbaffbeb2?s=96&d=mm&r=g\",\"caption\":\"luiscarlosmattos44@gmail.com\"},\"sameAs\":[\"https:\\\/\\\/radioatalaiafmerechim.com.br\\\/portal\\\/\"],\"url\":\"https:\\\/\\\/radioatalaiafmerechim.com.br\\\/portal\\\/author\\\/luiscarlosmattos\\\/\"}]}<\/script>\n<!-- \/ Yoast SEO plugin. -->","yoast_head_json":{"title":"Dia Nacional de Combate ao Colesterol. - R\u00e1dio Atalaia Fm Erechim","robots":{"index":"index","follow":"follow","max-snippet":"max-snippet:-1","max-image-preview":"max-image-preview:large","max-video-preview":"max-video-preview:-1"},"canonical":"https:\/\/radioatalaiafmerechim.com.br\/portal\/dia-nacional-de-combate-ao-colesterol\/","og_locale":"pt_PT","og_type":"article","og_title":"Dia Nacional de Combate ao Colesterol. - R\u00e1dio Atalaia Fm Erechim","og_description":"O Dia Nacional de Combate ao Colesterol \u00e9 celebrado anualmente em 8 de agosto. E tem como objetivo alertar a popula\u00e7\u00e3o sobre a import\u00e2ncia da preven\u00e7\u00e3o, do diagn\u00f3stico precoce e do controlo dos n\u00edveis de colesterol no sangue.O que \u00e9 o colesterol?O colesterol \u00e9 uma subst\u00e2ncia gordurosa produzida naturalmente pelo organismo e tamb\u00e9m obtida atrav\u00e9s...","og_url":"https:\/\/radioatalaiafmerechim.com.br\/portal\/dia-nacional-de-combate-ao-colesterol\/","og_site_name":"R\u00e1dio Atalaia Fm Erechim","article_published_time":"2026-08-08T11:54:01+00:00","article_modified_time":"2026-08-08T11:54:03+00:00","og_image":[{"width":1400,"height":1050,"url":"https:\/\/conexaoerechim.com.br\/wp-content\/uploads\/2026\/08\/dia-nacional-de-combate-ao-colesterol.webp","type":"image\/webp"}],"author":"luiscarlosmattos44@gmail.com","twitter_card":"summary_large_image","twitter_misc":{"Escrito por":"luiscarlosmattos44@gmail.com","Tempo estimado de leitura":"2 minutos"},"schema":{"@context":"https:\/\/schema.org","@graph":[{"@type":"Article","@id":"https:\/\/radioatalaiafmerechim.com.br\/portal\/dia-nacional-de-combate-ao-colesterol\/#article","isPartOf":{"@id":"https:\/\/radioatalaiafmerechim.com.br\/portal\/dia-nacional-de-combate-ao-colesterol\/"},"author":{"name":"luiscarlosmattos44@gmail.com","@id":"https:\/\/radioatalaiafmerechim.com.br\/portal\/#\/schema\/person\/22dc9addc520b1490990ddb312f4244d"},"headline":"Dia Nacional de Combate ao Colesterol.","datePublished":"2026-08-08T11:54:01+00:00","dateModified":"2026-08-08T11:54:03+00:00","mainEntityOfPage":{"@id":"https:\/\/radioatalaiafmerechim.com.br\/portal\/dia-nacional-de-combate-ao-colesterol\/"},"wordCount":285,"commentCount":0,"publisher":{"@id":"https:\/\/radioatalaiafmerechim.com.br\/portal\/#organization"},"image":{"@id":"https:\/\/radioatalaiafmerechim.com.br\/portal\/dia-nacional-de-combate-ao-colesterol\/#primaryimage"},"thumbnailUrl":"https:\/\/radioatalaiafmerechim.com.br\/portal\/wp-content\/uploads\/2026\/08\/dia-nacional-de-combate-ao-colesterol.webp","articleSection":["HIST\u00d3RIA"],"inLanguage":"pt-PT","potentialAction":[{"@type":"CommentAction","name":"Comment","target":["https:\/\/radioatalaiafmerechim.com.br\/portal\/dia-nacional-de-combate-ao-colesterol\/#respond"]}]},{"@type":"WebPage","@id":"https:\/\/radioatalaiafmerechim.com.br\/portal\/dia-nacional-de-combate-ao-colesterol\/","url":"https:\/\/radioatalaiafmerechim.com.br\/portal\/dia-nacional-de-combate-ao-colesterol\/","name":"Dia Nacional de Combate ao Colesterol. - R\u00e1dio Atalaia Fm Erechim","isPartOf":{"@id":"https:\/\/radioatalaiafmerechim.com.br\/portal\/#website"},"primaryImageOfPage":{"@id":"https:\/\/radioatalaiafmerechim.com.br\/portal\/dia-nacional-de-combate-ao-colesterol\/#primaryimage"},"image":{"@id":"https:\/\/radioatalaiafmerechim.com.br\/portal\/dia-nacional-de-combate-ao-colesterol\/#primaryimage"},"thumbnailUrl":"https:\/\/radioatalaiafmerechim.com.br\/portal\/wp-content\/uploads\/2026\/08\/dia-nacional-de-combate-ao-colesterol.webp","datePublished":"2026-08-08T11:54:01+00:00","dateModified":"2026-08-08T11:54:03+00:00","breadcrumb":{"@id":"https:\/\/radioatalaiafmerechim.com.br\/portal\/dia-nacional-de-combate-ao-colesterol\/#breadcrumb"},"inLanguage":"pt-PT","potentialAction":[{"@type":"ReadAction","target":["https:\/\/radioatalaiafmerechim.com.br\/portal\/dia-nacional-de-combate-ao-colesterol\/"]}]},{"@type":"ImageObject","inLanguage":"pt-PT","@id":"https:\/\/radioatalaiafmerechim.com.br\/portal\/dia-nacional-de-combate-ao-colesterol\/#primaryimage","url":"https:\/\/radioatalaiafmerechim.com.br\/portal\/wp-content\/uploads\/2026\/08\/dia-nacional-de-combate-ao-colesterol.webp","contentUrl":"https:\/\/radioatalaiafmerechim.com.br\/portal\/wp-content\/uploads\/2026\/08\/dia-nacional-de-combate-ao-colesterol.webp","width":1400,"height":1050},{"@type":"BreadcrumbList","@id":"https:\/\/radioatalaiafmerechim.com.br\/portal\/dia-nacional-de-combate-ao-colesterol\/#breadcrumb","itemListElement":[{"@type":"ListItem","position":1,"name":"In\u00edcio","item":"https:\/\/radioatalaiafmerechim.com.br\/portal\/"},{"@type":"ListItem","position":2,"name":"Dia Nacional de Combate ao Colesterol."}]},{"@type":"WebSite","@id":"https:\/\/radioatalaiafmerechim.com.br\/portal\/#website","url":"https:\/\/radioatalaiafmerechim.com.br\/portal\/","name":"R\u00e1dio Atalaia Fm Erechim","description":"","publisher":{"@id":"https:\/\/radioatalaiafmerechim.com.br\/portal\/#organization"},"potentialAction":[{"@type":"SearchAction","target":{"@type":"EntryPoint","urlTemplate":"https:\/\/radioatalaiafmerechim.com.br\/portal\/?s={search_term_string}"},"query-input":{"@type":"PropertyValueSpecification","valueRequired":true,"valueName":"search_term_string"}}],"inLanguage":"pt-PT"},{"@type":"Organization","@id":"https:\/\/radioatalaiafmerechim.com.br\/portal\/#organization","name":"R\u00e1dio Atalaia Fm Erechim","url":"https:\/\/radioatalaiafmerechim.com.br\/portal\/","logo":{"@type":"ImageObject","inLanguage":"pt-PT","@id":"https:\/\/radioatalaiafmerechim.com.br\/portal\/#\/schema\/logo\/image\/","url":"https:\/\/radioatalaiafmerechim.com.br\/portal\/wp-content\/uploads\/2026\/08\/WhatsApp-Image-2026-08-20-at-19.15.33-2.jpeg","contentUrl":"https:\/\/radioatalaiafmerechim.com.br\/portal\/wp-content\/uploads\/2026\/08\/WhatsApp-Image-2026-08-20-at-19.15.33-2.jpeg","width":1536,"height":1024,"caption":"R\u00e1dio Atalaia Fm Erechim"},"image":{"@id":"https:\/\/radioatalaiafmerechim.com.br\/portal\/#\/schema\/logo\/image\/"}},{"@type":"Person","@id":"https:\/\/radioatalaiafmerechim.com.br\/portal\/#\/schema\/person\/22dc9addc520b1490990ddb312f4244d","name":"luiscarlosmattos44@gmail.com","image":{"@type":"ImageObject","inLanguage":"pt-PT","@id":"https:\/\/secure.gravatar.com\/avatar\/3165018682ad5ebeb6c6303c432e2424711519c66b404df31f016c3cbaffbeb2?s=96&d=mm&r=g","url":"https:\/\/secure.gravatar.com\/avatar\/3165018682ad5ebeb6c6303c432e2424711519c66b404df31f016c3cbaffbeb2?s=96&d=mm&r=g","contentUrl":"https:\/\/secure.gravatar.com\/avatar\/3165018682ad5ebeb6c6303c432e2424711519c66b404df31f016c3cbaffbeb2?s=96&d=mm&r=g","caption":"luiscarlosmattos44@gmail.com"},"sameAs":["https:\/\/radioatalaiafmerechim.com.br\/portal\/"],"url":"https:\/\/radioatalaiafmerechim.com.br\/portal\/author\/luiscarlosmattos\/"}]}},"_links":{"self":[{"href":"https:\/\/radioatalaiafmerechim.com.br\/portal\/wp-json\/wp\/v2\/posts\/12372","targetHints":{"allow":["GET"]}}],"collection":[{"href":"https:\/\/radioatalaiafmerechim.com.br\/portal\/wp-json\/wp\/v2\/posts"}],"about":[{"href":"https:\/\/radioatalaiafmerechim.com.br\/portal\/wp-json\/wp\/v2\/types\/post"}],"author":[{"embeddable":true,"href":"https:\/\/radioatalaiafmerechim.com.br\/portal\/wp-json\/wp\/v2\/users\/4"}],"replies":[{"embeddable":true,"href":"https:\/\/radioatalaiafmerechim.com.br\/portal\/wp-json\/wp\/v2\/comments?post=12372"}],"version-history":[{"count":1,"href":"https:\/\/radioatalaiafmerechim.com.br\/portal\/wp-json\/wp\/v2\/posts\/12372\/revisions"}],"predecessor-version":[{"id":12376,"href":"https:\/\/radioatalaiafmerechim.com.br\/portal\/wp-json\/wp\/v2\/posts\/12372\/revisions\/12376"}],"wp:featuredmedia":[{"embeddable":true,"href":"https:\/\/radioatalaiafmerechim.com.br\/portal\/wp-json\/wp\/v2\/media\/12375"}],"wp:attachment":[{"href":"https:\/\/radioatalaiafmerechim.com.br\/portal\/wp-json\/wp\/v2\/media?parent=12372"}],"wp:term":[{"taxonomy":"category","embeddable":true,"href":"https:\/\/radioatalaiafmerechim.com.br\/portal\/wp-json\/wp\/v2\/categories?post=12372"},{"taxonomy":"post_tag","embeddable":true,"href":"https:\/\/radioatalaiafmerechim.com.br\/portal\/wp-json\/wp\/v2\/tags?post=12372"}],"curies":[{"name":"wp","href":"https:\/\/api.w.org\/{rel}","templated":true}]}}