{"id":12347,"date":"2026-08-06T18:23:00","date_gmt":"2026-08-06T21:23:00","guid":{"rendered":"https:\/\/conexaoerechim.com.br\/?p=12347"},"modified":"2026-08-06T18:23:02","modified_gmt":"2026-08-06T21:23:02","slug":"a-palavra-me-libertoudiz-ex-cacadora-de-fantasmas","status":"publish","type":"post","link":"https:\/\/radioatalaiafmerechim.com.br\/portal\/a-palavra-me-libertoudiz-ex-cacadora-de-fantasmas\/","title":{"rendered":"\u00a0\u2018A Palavra me libertou\u2019:Diz Ex-ca\u00e7adora de fantasmas."},"content":{"rendered":"\n<p class=\"has-large-font-size wp-block-paragraph\">Ap\u00f3s anos envolvida com investiga\u00e7\u00f5es paranormais e bruxaria, Kristina Costanza foi liberta ao ler a B\u00edblia e se render a Jesus.<\/p>\n\n\n\n<p class=\"has-medium-font-size wp-block-paragraph\">Aos 14 anos, ela teve a primeira experi\u00eancia sobrenatural ao ouvir uma voz sussurrar em seu ouvido. Apesar do medo, a experi\u00eancia despertou sua curiosidade.<br>&#8220;Eu queria descobrir mais\u201d, disse ela \u00e0 CBN News. Nesse per\u00edodo, Kristina passou a se envolver com pr\u00e1ticas ocultistas para ter contato com os esp\u00edritos que estava ouvindo.<br>\u2018Ca\u00e7ando fantasmas\u2019<br>Kristina conheceu outras pessoas ligadas ao ocultismo e passou a atuar como &#8220;ca\u00e7adora de fantasmas&#8221;. Pouco tempo depois, ela criou uma equipe formada apenas por mulheres, que ganhou reconhecimento nesse meio.<br>Al\u00e9m de usar equipamentos para investigar supostas atividades paranormais, ela passou a fazer feiti\u00e7os e praticar bruxaria.<br>\u201cEu estava mergulhando de cabe\u00e7a nisso tudo. Eu ia a conven\u00e7\u00f5es e tamb\u00e9m organizava eventos\u201d, contou ela.<br>Com o tempo, Kristina come\u00e7ou a enfrentar problemas emocionais, f\u00edsicos e espirituais: \u201cFui me afundando cada vez mais. Eu come\u00e7ava a sentir que estava sendo seguida at\u00e9 em casa. Eu via coisas estranhas na minha casa. Eu estava ficando cada vez mais deprimida e ansiosa\u201d.<br>Na \u00e9poca, ela chegou a apresentar um programa voltado para investiga\u00e7\u00f5es de atividades demon\u00edacas e acreditava estar se comunicando com esp\u00edritos de pessoas falecidas.<br>Hoje, ap\u00f3s sua convers\u00e3o, ela afirmou que sua compreens\u00e3o sobre aquelas experi\u00eancias mudou completamente.<br>\u201cTenho certeza absoluta de que eram todos dem\u00f4nios. Uma das muitas passagens b\u00edblicas que me despertaram foi descobrir que Satan\u00e1s pode se disfar\u00e7ar de anjo de luz, tudo fez sentido\u201d, declarou ela.<\/p>\n\n\n\n<p class=\"has-medium-font-size wp-block-paragraph\"><a href=\"https:\/\/www.guiame.com.br\">https:\/\/www.guiame.com.br<\/a><\/p>\n\n\n\n<p class=\"wp-block-paragraph\"><\/p>\n","protected":false},"excerpt":{"rendered":"<p>Ap\u00f3s anos envolvida com investiga\u00e7\u00f5es paranormais e bruxaria, Kristina Costanza foi liberta ao ler a B\u00edblia e se render a Jesus. Aos 14 anos, ela teve a primeira experi\u00eancia sobrenatural ao ouvir uma voz sussurrar em seu ouvido. Apesar do medo, a experi\u00eancia despertou sua curiosidade.&#8220;Eu queria descobrir mais\u201d, disse ela \u00e0 CBN News. Nesse&#8230;<\/p>\n","protected":false},"author":4,"featured_media":12350,"comment_status":"open","ping_status":"open","sticky":false,"template":"","format":"standard","meta":{"pagelayer_contact_templates":[],"_pagelayer_content":"","footnotes":""},"categories":[50],"tags":[],"class_list":["post-12347","post","type-post","status-publish","format-standard","has-post-thumbnail","hentry","category-noticias"],"yoast_head":"<!-- This site is optimized with the Yoast SEO plugin v28.3 - https:\/\/yoast.com\/product\/yoast-seo-wordpress\/ -->\n<title>\u00a0\u2018A Palavra me libertou\u2019:Diz Ex-ca\u00e7adora de fantasmas. - R\u00e1dio Atalaia Fm Erechim<\/title>\n<meta name=\"robots\" content=\"index, follow, max-snippet:-1, max-image-preview:large, max-video-preview:-1\" \/>\n<link rel=\"canonical\" href=\"https:\/\/radioatalaiafmerechim.com.br\/portal\/a-palavra-me-libertoudiz-ex-cacadora-de-fantasmas\/\" \/>\n<meta property=\"og:locale\" content=\"pt_PT\" \/>\n<meta property=\"og:type\" content=\"article\" \/>\n<meta property=\"og:title\" content=\"\u00a0\u2018A Palavra me libertou\u2019:Diz Ex-ca\u00e7adora de fantasmas. - R\u00e1dio Atalaia Fm Erechim\" \/>\n<meta property=\"og:description\" content=\"Ap\u00f3s anos envolvida com investiga\u00e7\u00f5es paranormais e bruxaria, Kristina Costanza foi liberta ao ler a B\u00edblia e se render a Jesus. Aos 14 anos, ela teve a primeira experi\u00eancia sobrenatural ao ouvir uma voz sussurrar em seu ouvido. Apesar do medo, a experi\u00eancia despertou sua curiosidade.&#8220;Eu queria descobrir mais\u201d, disse ela \u00e0 CBN News. Nesse...\" \/>\n<meta property=\"og:url\" content=\"https:\/\/radioatalaiafmerechim.com.br\/portal\/a-palavra-me-libertoudiz-ex-cacadora-de-fantasmas\/\" \/>\n<meta property=\"og:site_name\" content=\"R\u00e1dio Atalaia Fm Erechim\" \/>\n<meta property=\"article:published_time\" content=\"2026-08-06T21:23:00+00:00\" \/>\n<meta property=\"article:modified_time\" content=\"2026-08-06T21:23:02+00:00\" \/>\n<meta property=\"og:image\" content=\"https:\/\/conexaoerechim.com.br\/wp-content\/uploads\/2026\/08\/Ex-Bruxa.webp\" \/>\n\t<meta property=\"og:image:width\" content=\"840\" \/>\n\t<meta property=\"og:image:height\" content=\"500\" \/>\n\t<meta property=\"og:image:type\" content=\"image\/webp\" \/>\n<meta name=\"author\" content=\"luiscarlosmattos44@gmail.com\" \/>\n<meta name=\"twitter:card\" content=\"summary_large_image\" \/>\n<meta name=\"twitter:label1\" content=\"Escrito por\" \/>\n\t<meta name=\"twitter:data1\" content=\"luiscarlosmattos44@gmail.com\" \/>\n\t<meta name=\"twitter:label2\" content=\"Tempo estimado de leitura\" \/>\n\t<meta name=\"twitter:data2\" content=\"2 minutos\" \/>\n<script type=\"application\/ld+json\" class=\"yoast-schema-graph\">{\"@context\":\"https:\\\/\\\/schema.org\",\"@graph\":[{\"@type\":\"Article\",\"@id\":\"https:\\\/\\\/radioatalaiafmerechim.com.br\\\/portal\\\/a-palavra-me-libertoudiz-ex-cacadora-de-fantasmas\\\/#article\",\"isPartOf\":{\"@id\":\"https:\\\/\\\/radioatalaiafmerechim.com.br\\\/portal\\\/a-palavra-me-libertoudiz-ex-cacadora-de-fantasmas\\\/\"},\"author\":{\"name\":\"luiscarlosmattos44@gmail.com\",\"@id\":\"https:\\\/\\\/radioatalaiafmerechim.com.br\\\/portal\\\/#\\\/schema\\\/person\\\/22dc9addc520b1490990ddb312f4244d\"},\"headline\":\"\u00a0\u2018A Palavra me libertou\u2019:Diz Ex-ca\u00e7adora de fantasmas.\",\"datePublished\":\"2026-08-06T21:23:00+00:00\",\"dateModified\":\"2026-08-06T21:23:02+00:00\",\"mainEntityOfPage\":{\"@id\":\"https:\\\/\\\/radioatalaiafmerechim.com.br\\\/portal\\\/a-palavra-me-libertoudiz-ex-cacadora-de-fantasmas\\\/\"},\"wordCount\":297,\"commentCount\":0,\"publisher\":{\"@id\":\"https:\\\/\\\/radioatalaiafmerechim.com.br\\\/portal\\\/#organization\"},\"image\":{\"@id\":\"https:\\\/\\\/radioatalaiafmerechim.com.br\\\/portal\\\/a-palavra-me-libertoudiz-ex-cacadora-de-fantasmas\\\/#primaryimage\"},\"thumbnailUrl\":\"https:\\\/\\\/radioatalaiafmerechim.com.br\\\/portal\\\/wp-content\\\/uploads\\\/2026\\\/08\\\/Ex-Bruxa.webp\",\"articleSection\":[\"NOTICIAS\"],\"inLanguage\":\"pt-PT\",\"potentialAction\":[{\"@type\":\"CommentAction\",\"name\":\"Comment\",\"target\":[\"https:\\\/\\\/radioatalaiafmerechim.com.br\\\/portal\\\/a-palavra-me-libertoudiz-ex-cacadora-de-fantasmas\\\/#respond\"]}]},{\"@type\":\"WebPage\",\"@id\":\"https:\\\/\\\/radioatalaiafmerechim.com.br\\\/portal\\\/a-palavra-me-libertoudiz-ex-cacadora-de-fantasmas\\\/\",\"url\":\"https:\\\/\\\/radioatalaiafmerechim.com.br\\\/portal\\\/a-palavra-me-libertoudiz-ex-cacadora-de-fantasmas\\\/\",\"name\":\"\u00a0\u2018A Palavra me libertou\u2019:Diz Ex-ca\u00e7adora de fantasmas. - R\u00e1dio Atalaia Fm Erechim\",\"isPartOf\":{\"@id\":\"https:\\\/\\\/radioatalaiafmerechim.com.br\\\/portal\\\/#website\"},\"primaryImageOfPage\":{\"@id\":\"https:\\\/\\\/radioatalaiafmerechim.com.br\\\/portal\\\/a-palavra-me-libertoudiz-ex-cacadora-de-fantasmas\\\/#primaryimage\"},\"image\":{\"@id\":\"https:\\\/\\\/radioatalaiafmerechim.com.br\\\/portal\\\/a-palavra-me-libertoudiz-ex-cacadora-de-fantasmas\\\/#primaryimage\"},\"thumbnailUrl\":\"https:\\\/\\\/radioatalaiafmerechim.com.br\\\/portal\\\/wp-content\\\/uploads\\\/2026\\\/08\\\/Ex-Bruxa.webp\",\"datePublished\":\"2026-08-06T21:23:00+00:00\",\"dateModified\":\"2026-08-06T21:23:02+00:00\",\"breadcrumb\":{\"@id\":\"https:\\\/\\\/radioatalaiafmerechim.com.br\\\/portal\\\/a-palavra-me-libertoudiz-ex-cacadora-de-fantasmas\\\/#breadcrumb\"},\"inLanguage\":\"pt-PT\",\"potentialAction\":[{\"@type\":\"ReadAction\",\"target\":[\"https:\\\/\\\/radioatalaiafmerechim.com.br\\\/portal\\\/a-palavra-me-libertoudiz-ex-cacadora-de-fantasmas\\\/\"]}]},{\"@type\":\"ImageObject\",\"inLanguage\":\"pt-PT\",\"@id\":\"https:\\\/\\\/radioatalaiafmerechim.com.br\\\/portal\\\/a-palavra-me-libertoudiz-ex-cacadora-de-fantasmas\\\/#primaryimage\",\"url\":\"https:\\\/\\\/radioatalaiafmerechim.com.br\\\/portal\\\/wp-content\\\/uploads\\\/2026\\\/08\\\/Ex-Bruxa.webp\",\"contentUrl\":\"https:\\\/\\\/radioatalaiafmerechim.com.br\\\/portal\\\/wp-content\\\/uploads\\\/2026\\\/08\\\/Ex-Bruxa.webp\",\"width\":840,\"height\":500},{\"@type\":\"BreadcrumbList\",\"@id\":\"https:\\\/\\\/radioatalaiafmerechim.com.br\\\/portal\\\/a-palavra-me-libertoudiz-ex-cacadora-de-fantasmas\\\/#breadcrumb\",\"itemListElement\":[{\"@type\":\"ListItem\",\"position\":1,\"name\":\"In\u00edcio\",\"item\":\"https:\\\/\\\/radioatalaiafmerechim.com.br\\\/portal\\\/\"},{\"@type\":\"ListItem\",\"position\":2,\"name\":\"\u00a0\u2018A Palavra me libertou\u2019:Diz Ex-ca\u00e7adora de fantasmas.\"}]},{\"@type\":\"WebSite\",\"@id\":\"https:\\\/\\\/radioatalaiafmerechim.com.br\\\/portal\\\/#website\",\"url\":\"https:\\\/\\\/radioatalaiafmerechim.com.br\\\/portal\\\/\",\"name\":\"R\u00e1dio Atalaia Fm Erechim\",\"description\":\"\",\"publisher\":{\"@id\":\"https:\\\/\\\/radioatalaiafmerechim.com.br\\\/portal\\\/#organization\"},\"potentialAction\":[{\"@type\":\"SearchAction\",\"target\":{\"@type\":\"EntryPoint\",\"urlTemplate\":\"https:\\\/\\\/radioatalaiafmerechim.com.br\\\/portal\\\/?s={search_term_string}\"},\"query-input\":{\"@type\":\"PropertyValueSpecification\",\"valueRequired\":true,\"valueName\":\"search_term_string\"}}],\"inLanguage\":\"pt-PT\"},{\"@type\":\"Organization\",\"@id\":\"https:\\\/\\\/radioatalaiafmerechim.com.br\\\/portal\\\/#organization\",\"name\":\"R\u00e1dio Atalaia Fm Erechim\",\"url\":\"https:\\\/\\\/radioatalaiafmerechim.com.br\\\/portal\\\/\",\"logo\":{\"@type\":\"ImageObject\",\"inLanguage\":\"pt-PT\",\"@id\":\"https:\\\/\\\/radioatalaiafmerechim.com.br\\\/portal\\\/#\\\/schema\\\/logo\\\/image\\\/\",\"url\":\"https:\\\/\\\/radioatalaiafmerechim.com.br\\\/portal\\\/wp-content\\\/uploads\\\/2026\\\/08\\\/WhatsApp-Image-2026-08-20-at-19.15.33-2.jpeg\",\"contentUrl\":\"https:\\\/\\\/radioatalaiafmerechim.com.br\\\/portal\\\/wp-content\\\/uploads\\\/2026\\\/08\\\/WhatsApp-Image-2026-08-20-at-19.15.33-2.jpeg\",\"width\":1536,\"height\":1024,\"caption\":\"R\u00e1dio Atalaia Fm Erechim\"},\"image\":{\"@id\":\"https:\\\/\\\/radioatalaiafmerechim.com.br\\\/portal\\\/#\\\/schema\\\/logo\\\/image\\\/\"}},{\"@type\":\"Person\",\"@id\":\"https:\\\/\\\/radioatalaiafmerechim.com.br\\\/portal\\\/#\\\/schema\\\/person\\\/22dc9addc520b1490990ddb312f4244d\",\"name\":\"luiscarlosmattos44@gmail.com\",\"image\":{\"@type\":\"ImageObject\",\"inLanguage\":\"pt-PT\",\"@id\":\"https:\\\/\\\/secure.gravatar.com\\\/avatar\\\/3165018682ad5ebeb6c6303c432e2424711519c66b404df31f016c3cbaffbeb2?s=96&d=mm&r=g\",\"url\":\"https:\\\/\\\/secure.gravatar.com\\\/avatar\\\/3165018682ad5ebeb6c6303c432e2424711519c66b404df31f016c3cbaffbeb2?s=96&d=mm&r=g\",\"contentUrl\":\"https:\\\/\\\/secure.gravatar.com\\\/avatar\\\/3165018682ad5ebeb6c6303c432e2424711519c66b404df31f016c3cbaffbeb2?s=96&d=mm&r=g\",\"caption\":\"luiscarlosmattos44@gmail.com\"},\"sameAs\":[\"https:\\\/\\\/radioatalaiafmerechim.com.br\\\/portal\\\/\"],\"url\":\"https:\\\/\\\/radioatalaiafmerechim.com.br\\\/portal\\\/author\\\/luiscarlosmattos\\\/\"}]}<\/script>\n<!-- \/ Yoast SEO plugin. -->","yoast_head_json":{"title":"\u00a0\u2018A Palavra me libertou\u2019:Diz Ex-ca\u00e7adora de fantasmas. - R\u00e1dio Atalaia Fm Erechim","robots":{"index":"index","follow":"follow","max-snippet":"max-snippet:-1","max-image-preview":"max-image-preview:large","max-video-preview":"max-video-preview:-1"},"canonical":"https:\/\/radioatalaiafmerechim.com.br\/portal\/a-palavra-me-libertoudiz-ex-cacadora-de-fantasmas\/","og_locale":"pt_PT","og_type":"article","og_title":"\u00a0\u2018A Palavra me libertou\u2019:Diz Ex-ca\u00e7adora de fantasmas. - R\u00e1dio Atalaia Fm Erechim","og_description":"Ap\u00f3s anos envolvida com investiga\u00e7\u00f5es paranormais e bruxaria, Kristina Costanza foi liberta ao ler a B\u00edblia e se render a Jesus. Aos 14 anos, ela teve a primeira experi\u00eancia sobrenatural ao ouvir uma voz sussurrar em seu ouvido. Apesar do medo, a experi\u00eancia despertou sua curiosidade.&#8220;Eu queria descobrir mais\u201d, disse ela \u00e0 CBN News. Nesse...","og_url":"https:\/\/radioatalaiafmerechim.com.br\/portal\/a-palavra-me-libertoudiz-ex-cacadora-de-fantasmas\/","og_site_name":"R\u00e1dio Atalaia Fm Erechim","article_published_time":"2026-08-06T21:23:00+00:00","article_modified_time":"2026-08-06T21:23:02+00:00","og_image":[{"width":840,"height":500,"url":"https:\/\/conexaoerechim.com.br\/wp-content\/uploads\/2026\/08\/Ex-Bruxa.webp","type":"image\/webp"}],"author":"luiscarlosmattos44@gmail.com","twitter_card":"summary_large_image","twitter_misc":{"Escrito por":"luiscarlosmattos44@gmail.com","Tempo estimado de leitura":"2 minutos"},"schema":{"@context":"https:\/\/schema.org","@graph":[{"@type":"Article","@id":"https:\/\/radioatalaiafmerechim.com.br\/portal\/a-palavra-me-libertoudiz-ex-cacadora-de-fantasmas\/#article","isPartOf":{"@id":"https:\/\/radioatalaiafmerechim.com.br\/portal\/a-palavra-me-libertoudiz-ex-cacadora-de-fantasmas\/"},"author":{"name":"luiscarlosmattos44@gmail.com","@id":"https:\/\/radioatalaiafmerechim.com.br\/portal\/#\/schema\/person\/22dc9addc520b1490990ddb312f4244d"},"headline":"\u00a0\u2018A Palavra me libertou\u2019:Diz Ex-ca\u00e7adora de fantasmas.","datePublished":"2026-08-06T21:23:00+00:00","dateModified":"2026-08-06T21:23:02+00:00","mainEntityOfPage":{"@id":"https:\/\/radioatalaiafmerechim.com.br\/portal\/a-palavra-me-libertoudiz-ex-cacadora-de-fantasmas\/"},"wordCount":297,"commentCount":0,"publisher":{"@id":"https:\/\/radioatalaiafmerechim.com.br\/portal\/#organization"},"image":{"@id":"https:\/\/radioatalaiafmerechim.com.br\/portal\/a-palavra-me-libertoudiz-ex-cacadora-de-fantasmas\/#primaryimage"},"thumbnailUrl":"https:\/\/radioatalaiafmerechim.com.br\/portal\/wp-content\/uploads\/2026\/08\/Ex-Bruxa.webp","articleSection":["NOTICIAS"],"inLanguage":"pt-PT","potentialAction":[{"@type":"CommentAction","name":"Comment","target":["https:\/\/radioatalaiafmerechim.com.br\/portal\/a-palavra-me-libertoudiz-ex-cacadora-de-fantasmas\/#respond"]}]},{"@type":"WebPage","@id":"https:\/\/radioatalaiafmerechim.com.br\/portal\/a-palavra-me-libertoudiz-ex-cacadora-de-fantasmas\/","url":"https:\/\/radioatalaiafmerechim.com.br\/portal\/a-palavra-me-libertoudiz-ex-cacadora-de-fantasmas\/","name":"\u00a0\u2018A Palavra me libertou\u2019:Diz Ex-ca\u00e7adora de fantasmas. - R\u00e1dio Atalaia Fm Erechim","isPartOf":{"@id":"https:\/\/radioatalaiafmerechim.com.br\/portal\/#website"},"primaryImageOfPage":{"@id":"https:\/\/radioatalaiafmerechim.com.br\/portal\/a-palavra-me-libertoudiz-ex-cacadora-de-fantasmas\/#primaryimage"},"image":{"@id":"https:\/\/radioatalaiafmerechim.com.br\/portal\/a-palavra-me-libertoudiz-ex-cacadora-de-fantasmas\/#primaryimage"},"thumbnailUrl":"https:\/\/radioatalaiafmerechim.com.br\/portal\/wp-content\/uploads\/2026\/08\/Ex-Bruxa.webp","datePublished":"2026-08-06T21:23:00+00:00","dateModified":"2026-08-06T21:23:02+00:00","breadcrumb":{"@id":"https:\/\/radioatalaiafmerechim.com.br\/portal\/a-palavra-me-libertoudiz-ex-cacadora-de-fantasmas\/#breadcrumb"},"inLanguage":"pt-PT","potentialAction":[{"@type":"ReadAction","target":["https:\/\/radioatalaiafmerechim.com.br\/portal\/a-palavra-me-libertoudiz-ex-cacadora-de-fantasmas\/"]}]},{"@type":"ImageObject","inLanguage":"pt-PT","@id":"https:\/\/radioatalaiafmerechim.com.br\/portal\/a-palavra-me-libertoudiz-ex-cacadora-de-fantasmas\/#primaryimage","url":"https:\/\/radioatalaiafmerechim.com.br\/portal\/wp-content\/uploads\/2026\/08\/Ex-Bruxa.webp","contentUrl":"https:\/\/radioatalaiafmerechim.com.br\/portal\/wp-content\/uploads\/2026\/08\/Ex-Bruxa.webp","width":840,"height":500},{"@type":"BreadcrumbList","@id":"https:\/\/radioatalaiafmerechim.com.br\/portal\/a-palavra-me-libertoudiz-ex-cacadora-de-fantasmas\/#breadcrumb","itemListElement":[{"@type":"ListItem","position":1,"name":"In\u00edcio","item":"https:\/\/radioatalaiafmerechim.com.br\/portal\/"},{"@type":"ListItem","position":2,"name":"\u00a0\u2018A Palavra me libertou\u2019:Diz Ex-ca\u00e7adora de fantasmas."}]},{"@type":"WebSite","@id":"https:\/\/radioatalaiafmerechim.com.br\/portal\/#website","url":"https:\/\/radioatalaiafmerechim.com.br\/portal\/","name":"R\u00e1dio Atalaia Fm Erechim","description":"","publisher":{"@id":"https:\/\/radioatalaiafmerechim.com.br\/portal\/#organization"},"potentialAction":[{"@type":"SearchAction","target":{"@type":"EntryPoint","urlTemplate":"https:\/\/radioatalaiafmerechim.com.br\/portal\/?s={search_term_string}"},"query-input":{"@type":"PropertyValueSpecification","valueRequired":true,"valueName":"search_term_string"}}],"inLanguage":"pt-PT"},{"@type":"Organization","@id":"https:\/\/radioatalaiafmerechim.com.br\/portal\/#organization","name":"R\u00e1dio Atalaia Fm Erechim","url":"https:\/\/radioatalaiafmerechim.com.br\/portal\/","logo":{"@type":"ImageObject","inLanguage":"pt-PT","@id":"https:\/\/radioatalaiafmerechim.com.br\/portal\/#\/schema\/logo\/image\/","url":"https:\/\/radioatalaiafmerechim.com.br\/portal\/wp-content\/uploads\/2026\/08\/WhatsApp-Image-2026-08-20-at-19.15.33-2.jpeg","contentUrl":"https:\/\/radioatalaiafmerechim.com.br\/portal\/wp-content\/uploads\/2026\/08\/WhatsApp-Image-2026-08-20-at-19.15.33-2.jpeg","width":1536,"height":1024,"caption":"R\u00e1dio Atalaia Fm Erechim"},"image":{"@id":"https:\/\/radioatalaiafmerechim.com.br\/portal\/#\/schema\/logo\/image\/"}},{"@type":"Person","@id":"https:\/\/radioatalaiafmerechim.com.br\/portal\/#\/schema\/person\/22dc9addc520b1490990ddb312f4244d","name":"luiscarlosmattos44@gmail.com","image":{"@type":"ImageObject","inLanguage":"pt-PT","@id":"https:\/\/secure.gravatar.com\/avatar\/3165018682ad5ebeb6c6303c432e2424711519c66b404df31f016c3cbaffbeb2?s=96&d=mm&r=g","url":"https:\/\/secure.gravatar.com\/avatar\/3165018682ad5ebeb6c6303c432e2424711519c66b404df31f016c3cbaffbeb2?s=96&d=mm&r=g","contentUrl":"https:\/\/secure.gravatar.com\/avatar\/3165018682ad5ebeb6c6303c432e2424711519c66b404df31f016c3cbaffbeb2?s=96&d=mm&r=g","caption":"luiscarlosmattos44@gmail.com"},"sameAs":["https:\/\/radioatalaiafmerechim.com.br\/portal\/"],"url":"https:\/\/radioatalaiafmerechim.com.br\/portal\/author\/luiscarlosmattos\/"}]}},"_links":{"self":[{"href":"https:\/\/radioatalaiafmerechim.com.br\/portal\/wp-json\/wp\/v2\/posts\/12347","targetHints":{"allow":["GET"]}}],"collection":[{"href":"https:\/\/radioatalaiafmerechim.com.br\/portal\/wp-json\/wp\/v2\/posts"}],"about":[{"href":"https:\/\/radioatalaiafmerechim.com.br\/portal\/wp-json\/wp\/v2\/types\/post"}],"author":[{"embeddable":true,"href":"https:\/\/radioatalaiafmerechim.com.br\/portal\/wp-json\/wp\/v2\/users\/4"}],"replies":[{"embeddable":true,"href":"https:\/\/radioatalaiafmerechim.com.br\/portal\/wp-json\/wp\/v2\/comments?post=12347"}],"version-history":[{"count":1,"href":"https:\/\/radioatalaiafmerechim.com.br\/portal\/wp-json\/wp\/v2\/posts\/12347\/revisions"}],"predecessor-version":[{"id":12351,"href":"https:\/\/radioatalaiafmerechim.com.br\/portal\/wp-json\/wp\/v2\/posts\/12347\/revisions\/12351"}],"wp:featuredmedia":[{"embeddable":true,"href":"https:\/\/radioatalaiafmerechim.com.br\/portal\/wp-json\/wp\/v2\/media\/12350"}],"wp:attachment":[{"href":"https:\/\/radioatalaiafmerechim.com.br\/portal\/wp-json\/wp\/v2\/media?parent=12347"}],"wp:term":[{"taxonomy":"category","embeddable":true,"href":"https:\/\/radioatalaiafmerechim.com.br\/portal\/wp-json\/wp\/v2\/categories?post=12347"},{"taxonomy":"post_tag","embeddable":true,"href":"https:\/\/radioatalaiafmerechim.com.br\/portal\/wp-json\/wp\/v2\/tags?post=12347"}],"curies":[{"name":"wp","href":"https:\/\/api.w.org\/{rel}","templated":true}]}}