{"id":12334,"date":"2026-08-06T10:26:37","date_gmt":"2026-08-06T13:26:37","guid":{"rendered":"https:\/\/conexaoerechim.com.br\/?p=12334"},"modified":"2026-08-06T10:26:38","modified_gmt":"2026-08-06T13:26:38","slug":"dia-nacional-dos-profissionais-da-educacao","status":"publish","type":"post","link":"https:\/\/radioatalaiafmerechim.com.br\/portal\/dia-nacional-dos-profissionais-da-educacao\/","title":{"rendered":"Dia Nacional dos Profissionais da Educa\u00e7\u00e3o."},"content":{"rendered":"\n<p class=\"has-medium-font-size wp-block-paragraph\">A data homenageia todos aqueles que contribuem diariamente para o funcionamento das institui\u00e7\u00f5es de ensino e para a forma\u00e7\u00e3o de milh\u00f5es de estudantes em todo o Brasil.<br>Institu\u00edda pela Lei n\u00ba 13.054, de 22 de dezembro de 2014, a comemora\u00e7\u00e3o reconhece que a educa\u00e7\u00e3o de qualidade \u00e9 resultado do trabalho conjunto de diversos profissionais, dentro e fora da sala de aula.<br><strong>Quem s\u00e3o os profissionais da educa\u00e7\u00e3o<\/strong>?<br>Quando se fala em educa\u00e7\u00e3o, \u00e9 comum pensar apenas nos professores. No entanto, o ambiente escolar depende do trabalho de muitos outros profissionais que desempenham fun\u00e7\u00f5es essenciais para garantir o bom funcionamento das escolas.<br><strong>Entre eles est\u00e3o:<\/strong><br>&#8211;<em>professores.<\/em><br>&#8211;<em>Diretores e coordenadores pedag\u00f3gicos<\/em>.<br>&#8211;<em>Orientadores, inspetores e supervisores educacionais<\/em>.<br>Cada um destes profissionais contribui para criar um ambiente seguro, organizado e acolhedor, favorecendo o processo de ensino e aprendizagem.<br>A import\u00e2ncia da valoriza\u00e7\u00e3o desses profissionais<br>A qualidade da educa\u00e7\u00e3o est\u00e1 diretamente ligada \u00e0 valoriza\u00e7\u00e3o dos profissionais que atuam nas escolas. Investimentos em forma\u00e7\u00e3o cont\u00ednua, boas condi\u00e7\u00f5es de trabalho, remunera\u00e7\u00e3o adequada e reconhecimento social s\u00e3o fundamentais para fortalecer o sistema educativo.<\/p>\n\n\n\n<p class=\"wp-block-paragraph\"><a href=\"https:\/\/www.calendarr.com\/brasil\"><strong>https:\/\/www.calendarr.com\/brasil<\/strong><\/a><\/p>\n\n\n\n<p class=\"wp-block-paragraph\"><\/p>\n","protected":false},"excerpt":{"rendered":"<p>A data homenageia todos aqueles que contribuem diariamente para o funcionamento das institui\u00e7\u00f5es de ensino e para a forma\u00e7\u00e3o de milh\u00f5es de estudantes em todo o Brasil.Institu\u00edda pela Lei n\u00ba 13.054, de 22 de dezembro de 2014, a comemora\u00e7\u00e3o reconhece que a educa\u00e7\u00e3o de qualidade \u00e9 resultado do trabalho conjunto de diversos profissionais, dentro e&#8230;<\/p>\n","protected":false},"author":4,"featured_media":12337,"comment_status":"open","ping_status":"open","sticky":false,"template":"","format":"standard","meta":{"pagelayer_contact_templates":[],"_pagelayer_content":"","footnotes":""},"categories":[59,61],"tags":[],"class_list":["post-12334","post","type-post","status-publish","format-standard","has-post-thumbnail","hentry","category-educacao","category-historia"],"yoast_head":"<!-- This site is optimized with the Yoast SEO plugin v28.3 - https:\/\/yoast.com\/product\/yoast-seo-wordpress\/ -->\n<title>Dia Nacional dos Profissionais da Educa\u00e7\u00e3o. - R\u00e1dio Atalaia Fm Erechim<\/title>\n<meta name=\"robots\" content=\"index, follow, max-snippet:-1, max-image-preview:large, max-video-preview:-1\" \/>\n<link rel=\"canonical\" href=\"https:\/\/radioatalaiafmerechim.com.br\/portal\/dia-nacional-dos-profissionais-da-educacao\/\" \/>\n<meta property=\"og:locale\" content=\"pt_PT\" \/>\n<meta property=\"og:type\" content=\"article\" \/>\n<meta property=\"og:title\" content=\"Dia Nacional dos Profissionais da Educa\u00e7\u00e3o. - R\u00e1dio Atalaia Fm Erechim\" \/>\n<meta property=\"og:description\" content=\"A data homenageia todos aqueles que contribuem diariamente para o funcionamento das institui\u00e7\u00f5es de ensino e para a forma\u00e7\u00e3o de milh\u00f5es de estudantes em todo o Brasil.Institu\u00edda pela Lei n\u00ba 13.054, de 22 de dezembro de 2014, a comemora\u00e7\u00e3o reconhece que a educa\u00e7\u00e3o de qualidade \u00e9 resultado do trabalho conjunto de diversos profissionais, dentro e...\" \/>\n<meta property=\"og:url\" content=\"https:\/\/radioatalaiafmerechim.com.br\/portal\/dia-nacional-dos-profissionais-da-educacao\/\" \/>\n<meta property=\"og:site_name\" content=\"R\u00e1dio Atalaia Fm Erechim\" \/>\n<meta property=\"article:published_time\" content=\"2026-08-06T13:26:37+00:00\" \/>\n<meta property=\"article:modified_time\" content=\"2026-08-06T13:26:38+00:00\" \/>\n<meta property=\"og:image\" content=\"https:\/\/conexaoerechim.com.br\/wp-content\/uploads\/2026\/08\/dia-nacional-dos-profissionais-da-educacao.webp\" \/>\n\t<meta property=\"og:image:width\" content=\"500\" \/>\n\t<meta property=\"og:image:height\" content=\"375\" \/>\n\t<meta property=\"og:image:type\" content=\"image\/webp\" \/>\n<meta name=\"author\" content=\"luiscarlosmattos44@gmail.com\" \/>\n<meta name=\"twitter:card\" content=\"summary_large_image\" \/>\n<meta name=\"twitter:label1\" content=\"Escrito por\" \/>\n\t<meta name=\"twitter:data1\" content=\"luiscarlosmattos44@gmail.com\" \/>\n\t<meta name=\"twitter:label2\" content=\"Tempo estimado de leitura\" \/>\n\t<meta name=\"twitter:data2\" content=\"2 minutos\" \/>\n<script type=\"application\/ld+json\" class=\"yoast-schema-graph\">{\"@context\":\"https:\\\/\\\/schema.org\",\"@graph\":[{\"@type\":\"Article\",\"@id\":\"https:\\\/\\\/radioatalaiafmerechim.com.br\\\/portal\\\/dia-nacional-dos-profissionais-da-educacao\\\/#article\",\"isPartOf\":{\"@id\":\"https:\\\/\\\/radioatalaiafmerechim.com.br\\\/portal\\\/dia-nacional-dos-profissionais-da-educacao\\\/\"},\"author\":{\"name\":\"luiscarlosmattos44@gmail.com\",\"@id\":\"https:\\\/\\\/radioatalaiafmerechim.com.br\\\/portal\\\/#\\\/schema\\\/person\\\/22dc9addc520b1490990ddb312f4244d\"},\"headline\":\"Dia Nacional dos Profissionais da Educa\u00e7\u00e3o.\",\"datePublished\":\"2026-08-06T13:26:37+00:00\",\"dateModified\":\"2026-08-06T13:26:38+00:00\",\"mainEntityOfPage\":{\"@id\":\"https:\\\/\\\/radioatalaiafmerechim.com.br\\\/portal\\\/dia-nacional-dos-profissionais-da-educacao\\\/\"},\"wordCount\":201,\"commentCount\":0,\"publisher\":{\"@id\":\"https:\\\/\\\/radioatalaiafmerechim.com.br\\\/portal\\\/#organization\"},\"image\":{\"@id\":\"https:\\\/\\\/radioatalaiafmerechim.com.br\\\/portal\\\/dia-nacional-dos-profissionais-da-educacao\\\/#primaryimage\"},\"thumbnailUrl\":\"https:\\\/\\\/radioatalaiafmerechim.com.br\\\/portal\\\/wp-content\\\/uploads\\\/2026\\\/08\\\/dia-nacional-dos-profissionais-da-educacao.webp\",\"articleSection\":[\"EDUCA\u00c7\u00c3O\",\"HIST\u00d3RIA\"],\"inLanguage\":\"pt-PT\",\"potentialAction\":[{\"@type\":\"CommentAction\",\"name\":\"Comment\",\"target\":[\"https:\\\/\\\/radioatalaiafmerechim.com.br\\\/portal\\\/dia-nacional-dos-profissionais-da-educacao\\\/#respond\"]}]},{\"@type\":\"WebPage\",\"@id\":\"https:\\\/\\\/radioatalaiafmerechim.com.br\\\/portal\\\/dia-nacional-dos-profissionais-da-educacao\\\/\",\"url\":\"https:\\\/\\\/radioatalaiafmerechim.com.br\\\/portal\\\/dia-nacional-dos-profissionais-da-educacao\\\/\",\"name\":\"Dia Nacional dos Profissionais da Educa\u00e7\u00e3o. - R\u00e1dio Atalaia Fm Erechim\",\"isPartOf\":{\"@id\":\"https:\\\/\\\/radioatalaiafmerechim.com.br\\\/portal\\\/#website\"},\"primaryImageOfPage\":{\"@id\":\"https:\\\/\\\/radioatalaiafmerechim.com.br\\\/portal\\\/dia-nacional-dos-profissionais-da-educacao\\\/#primaryimage\"},\"image\":{\"@id\":\"https:\\\/\\\/radioatalaiafmerechim.com.br\\\/portal\\\/dia-nacional-dos-profissionais-da-educacao\\\/#primaryimage\"},\"thumbnailUrl\":\"https:\\\/\\\/radioatalaiafmerechim.com.br\\\/portal\\\/wp-content\\\/uploads\\\/2026\\\/08\\\/dia-nacional-dos-profissionais-da-educacao.webp\",\"datePublished\":\"2026-08-06T13:26:37+00:00\",\"dateModified\":\"2026-08-06T13:26:38+00:00\",\"breadcrumb\":{\"@id\":\"https:\\\/\\\/radioatalaiafmerechim.com.br\\\/portal\\\/dia-nacional-dos-profissionais-da-educacao\\\/#breadcrumb\"},\"inLanguage\":\"pt-PT\",\"potentialAction\":[{\"@type\":\"ReadAction\",\"target\":[\"https:\\\/\\\/radioatalaiafmerechim.com.br\\\/portal\\\/dia-nacional-dos-profissionais-da-educacao\\\/\"]}]},{\"@type\":\"ImageObject\",\"inLanguage\":\"pt-PT\",\"@id\":\"https:\\\/\\\/radioatalaiafmerechim.com.br\\\/portal\\\/dia-nacional-dos-profissionais-da-educacao\\\/#primaryimage\",\"url\":\"https:\\\/\\\/radioatalaiafmerechim.com.br\\\/portal\\\/wp-content\\\/uploads\\\/2026\\\/08\\\/dia-nacional-dos-profissionais-da-educacao.webp\",\"contentUrl\":\"https:\\\/\\\/radioatalaiafmerechim.com.br\\\/portal\\\/wp-content\\\/uploads\\\/2026\\\/08\\\/dia-nacional-dos-profissionais-da-educacao.webp\",\"width\":500,\"height\":375},{\"@type\":\"BreadcrumbList\",\"@id\":\"https:\\\/\\\/radioatalaiafmerechim.com.br\\\/portal\\\/dia-nacional-dos-profissionais-da-educacao\\\/#breadcrumb\",\"itemListElement\":[{\"@type\":\"ListItem\",\"position\":1,\"name\":\"In\u00edcio\",\"item\":\"https:\\\/\\\/radioatalaiafmerechim.com.br\\\/portal\\\/\"},{\"@type\":\"ListItem\",\"position\":2,\"name\":\"Dia Nacional dos Profissionais da Educa\u00e7\u00e3o.\"}]},{\"@type\":\"WebSite\",\"@id\":\"https:\\\/\\\/radioatalaiafmerechim.com.br\\\/portal\\\/#website\",\"url\":\"https:\\\/\\\/radioatalaiafmerechim.com.br\\\/portal\\\/\",\"name\":\"R\u00e1dio Atalaia Fm Erechim\",\"description\":\"\",\"publisher\":{\"@id\":\"https:\\\/\\\/radioatalaiafmerechim.com.br\\\/portal\\\/#organization\"},\"potentialAction\":[{\"@type\":\"SearchAction\",\"target\":{\"@type\":\"EntryPoint\",\"urlTemplate\":\"https:\\\/\\\/radioatalaiafmerechim.com.br\\\/portal\\\/?s={search_term_string}\"},\"query-input\":{\"@type\":\"PropertyValueSpecification\",\"valueRequired\":true,\"valueName\":\"search_term_string\"}}],\"inLanguage\":\"pt-PT\"},{\"@type\":\"Organization\",\"@id\":\"https:\\\/\\\/radioatalaiafmerechim.com.br\\\/portal\\\/#organization\",\"name\":\"R\u00e1dio Atalaia Fm Erechim\",\"url\":\"https:\\\/\\\/radioatalaiafmerechim.com.br\\\/portal\\\/\",\"logo\":{\"@type\":\"ImageObject\",\"inLanguage\":\"pt-PT\",\"@id\":\"https:\\\/\\\/radioatalaiafmerechim.com.br\\\/portal\\\/#\\\/schema\\\/logo\\\/image\\\/\",\"url\":\"https:\\\/\\\/radioatalaiafmerechim.com.br\\\/portal\\\/wp-content\\\/uploads\\\/2026\\\/08\\\/WhatsApp-Image-2026-08-20-at-19.15.33-2.jpeg\",\"contentUrl\":\"https:\\\/\\\/radioatalaiafmerechim.com.br\\\/portal\\\/wp-content\\\/uploads\\\/2026\\\/08\\\/WhatsApp-Image-2026-08-20-at-19.15.33-2.jpeg\",\"width\":1536,\"height\":1024,\"caption\":\"R\u00e1dio Atalaia Fm Erechim\"},\"image\":{\"@id\":\"https:\\\/\\\/radioatalaiafmerechim.com.br\\\/portal\\\/#\\\/schema\\\/logo\\\/image\\\/\"}},{\"@type\":\"Person\",\"@id\":\"https:\\\/\\\/radioatalaiafmerechim.com.br\\\/portal\\\/#\\\/schema\\\/person\\\/22dc9addc520b1490990ddb312f4244d\",\"name\":\"luiscarlosmattos44@gmail.com\",\"image\":{\"@type\":\"ImageObject\",\"inLanguage\":\"pt-PT\",\"@id\":\"https:\\\/\\\/secure.gravatar.com\\\/avatar\\\/3165018682ad5ebeb6c6303c432e2424711519c66b404df31f016c3cbaffbeb2?s=96&d=mm&r=g\",\"url\":\"https:\\\/\\\/secure.gravatar.com\\\/avatar\\\/3165018682ad5ebeb6c6303c432e2424711519c66b404df31f016c3cbaffbeb2?s=96&d=mm&r=g\",\"contentUrl\":\"https:\\\/\\\/secure.gravatar.com\\\/avatar\\\/3165018682ad5ebeb6c6303c432e2424711519c66b404df31f016c3cbaffbeb2?s=96&d=mm&r=g\",\"caption\":\"luiscarlosmattos44@gmail.com\"},\"sameAs\":[\"https:\\\/\\\/radioatalaiafmerechim.com.br\\\/portal\\\/\"],\"url\":\"https:\\\/\\\/radioatalaiafmerechim.com.br\\\/portal\\\/author\\\/luiscarlosmattos\\\/\"}]}<\/script>\n<!-- \/ Yoast SEO plugin. -->","yoast_head_json":{"title":"Dia Nacional dos Profissionais da Educa\u00e7\u00e3o. - R\u00e1dio Atalaia Fm Erechim","robots":{"index":"index","follow":"follow","max-snippet":"max-snippet:-1","max-image-preview":"max-image-preview:large","max-video-preview":"max-video-preview:-1"},"canonical":"https:\/\/radioatalaiafmerechim.com.br\/portal\/dia-nacional-dos-profissionais-da-educacao\/","og_locale":"pt_PT","og_type":"article","og_title":"Dia Nacional dos Profissionais da Educa\u00e7\u00e3o. - R\u00e1dio Atalaia Fm Erechim","og_description":"A data homenageia todos aqueles que contribuem diariamente para o funcionamento das institui\u00e7\u00f5es de ensino e para a forma\u00e7\u00e3o de milh\u00f5es de estudantes em todo o Brasil.Institu\u00edda pela Lei n\u00ba 13.054, de 22 de dezembro de 2014, a comemora\u00e7\u00e3o reconhece que a educa\u00e7\u00e3o de qualidade \u00e9 resultado do trabalho conjunto de diversos profissionais, dentro e...","og_url":"https:\/\/radioatalaiafmerechim.com.br\/portal\/dia-nacional-dos-profissionais-da-educacao\/","og_site_name":"R\u00e1dio Atalaia Fm Erechim","article_published_time":"2026-08-06T13:26:37+00:00","article_modified_time":"2026-08-06T13:26:38+00:00","og_image":[{"width":500,"height":375,"url":"https:\/\/conexaoerechim.com.br\/wp-content\/uploads\/2026\/08\/dia-nacional-dos-profissionais-da-educacao.webp","type":"image\/webp"}],"author":"luiscarlosmattos44@gmail.com","twitter_card":"summary_large_image","twitter_misc":{"Escrito por":"luiscarlosmattos44@gmail.com","Tempo estimado de leitura":"2 minutos"},"schema":{"@context":"https:\/\/schema.org","@graph":[{"@type":"Article","@id":"https:\/\/radioatalaiafmerechim.com.br\/portal\/dia-nacional-dos-profissionais-da-educacao\/#article","isPartOf":{"@id":"https:\/\/radioatalaiafmerechim.com.br\/portal\/dia-nacional-dos-profissionais-da-educacao\/"},"author":{"name":"luiscarlosmattos44@gmail.com","@id":"https:\/\/radioatalaiafmerechim.com.br\/portal\/#\/schema\/person\/22dc9addc520b1490990ddb312f4244d"},"headline":"Dia Nacional dos Profissionais da Educa\u00e7\u00e3o.","datePublished":"2026-08-06T13:26:37+00:00","dateModified":"2026-08-06T13:26:38+00:00","mainEntityOfPage":{"@id":"https:\/\/radioatalaiafmerechim.com.br\/portal\/dia-nacional-dos-profissionais-da-educacao\/"},"wordCount":201,"commentCount":0,"publisher":{"@id":"https:\/\/radioatalaiafmerechim.com.br\/portal\/#organization"},"image":{"@id":"https:\/\/radioatalaiafmerechim.com.br\/portal\/dia-nacional-dos-profissionais-da-educacao\/#primaryimage"},"thumbnailUrl":"https:\/\/radioatalaiafmerechim.com.br\/portal\/wp-content\/uploads\/2026\/08\/dia-nacional-dos-profissionais-da-educacao.webp","articleSection":["EDUCA\u00c7\u00c3O","HIST\u00d3RIA"],"inLanguage":"pt-PT","potentialAction":[{"@type":"CommentAction","name":"Comment","target":["https:\/\/radioatalaiafmerechim.com.br\/portal\/dia-nacional-dos-profissionais-da-educacao\/#respond"]}]},{"@type":"WebPage","@id":"https:\/\/radioatalaiafmerechim.com.br\/portal\/dia-nacional-dos-profissionais-da-educacao\/","url":"https:\/\/radioatalaiafmerechim.com.br\/portal\/dia-nacional-dos-profissionais-da-educacao\/","name":"Dia Nacional dos Profissionais da Educa\u00e7\u00e3o. - R\u00e1dio Atalaia Fm Erechim","isPartOf":{"@id":"https:\/\/radioatalaiafmerechim.com.br\/portal\/#website"},"primaryImageOfPage":{"@id":"https:\/\/radioatalaiafmerechim.com.br\/portal\/dia-nacional-dos-profissionais-da-educacao\/#primaryimage"},"image":{"@id":"https:\/\/radioatalaiafmerechim.com.br\/portal\/dia-nacional-dos-profissionais-da-educacao\/#primaryimage"},"thumbnailUrl":"https:\/\/radioatalaiafmerechim.com.br\/portal\/wp-content\/uploads\/2026\/08\/dia-nacional-dos-profissionais-da-educacao.webp","datePublished":"2026-08-06T13:26:37+00:00","dateModified":"2026-08-06T13:26:38+00:00","breadcrumb":{"@id":"https:\/\/radioatalaiafmerechim.com.br\/portal\/dia-nacional-dos-profissionais-da-educacao\/#breadcrumb"},"inLanguage":"pt-PT","potentialAction":[{"@type":"ReadAction","target":["https:\/\/radioatalaiafmerechim.com.br\/portal\/dia-nacional-dos-profissionais-da-educacao\/"]}]},{"@type":"ImageObject","inLanguage":"pt-PT","@id":"https:\/\/radioatalaiafmerechim.com.br\/portal\/dia-nacional-dos-profissionais-da-educacao\/#primaryimage","url":"https:\/\/radioatalaiafmerechim.com.br\/portal\/wp-content\/uploads\/2026\/08\/dia-nacional-dos-profissionais-da-educacao.webp","contentUrl":"https:\/\/radioatalaiafmerechim.com.br\/portal\/wp-content\/uploads\/2026\/08\/dia-nacional-dos-profissionais-da-educacao.webp","width":500,"height":375},{"@type":"BreadcrumbList","@id":"https:\/\/radioatalaiafmerechim.com.br\/portal\/dia-nacional-dos-profissionais-da-educacao\/#breadcrumb","itemListElement":[{"@type":"ListItem","position":1,"name":"In\u00edcio","item":"https:\/\/radioatalaiafmerechim.com.br\/portal\/"},{"@type":"ListItem","position":2,"name":"Dia Nacional dos Profissionais da Educa\u00e7\u00e3o."}]},{"@type":"WebSite","@id":"https:\/\/radioatalaiafmerechim.com.br\/portal\/#website","url":"https:\/\/radioatalaiafmerechim.com.br\/portal\/","name":"R\u00e1dio Atalaia Fm Erechim","description":"","publisher":{"@id":"https:\/\/radioatalaiafmerechim.com.br\/portal\/#organization"},"potentialAction":[{"@type":"SearchAction","target":{"@type":"EntryPoint","urlTemplate":"https:\/\/radioatalaiafmerechim.com.br\/portal\/?s={search_term_string}"},"query-input":{"@type":"PropertyValueSpecification","valueRequired":true,"valueName":"search_term_string"}}],"inLanguage":"pt-PT"},{"@type":"Organization","@id":"https:\/\/radioatalaiafmerechim.com.br\/portal\/#organization","name":"R\u00e1dio Atalaia Fm Erechim","url":"https:\/\/radioatalaiafmerechim.com.br\/portal\/","logo":{"@type":"ImageObject","inLanguage":"pt-PT","@id":"https:\/\/radioatalaiafmerechim.com.br\/portal\/#\/schema\/logo\/image\/","url":"https:\/\/radioatalaiafmerechim.com.br\/portal\/wp-content\/uploads\/2026\/08\/WhatsApp-Image-2026-08-20-at-19.15.33-2.jpeg","contentUrl":"https:\/\/radioatalaiafmerechim.com.br\/portal\/wp-content\/uploads\/2026\/08\/WhatsApp-Image-2026-08-20-at-19.15.33-2.jpeg","width":1536,"height":1024,"caption":"R\u00e1dio Atalaia Fm Erechim"},"image":{"@id":"https:\/\/radioatalaiafmerechim.com.br\/portal\/#\/schema\/logo\/image\/"}},{"@type":"Person","@id":"https:\/\/radioatalaiafmerechim.com.br\/portal\/#\/schema\/person\/22dc9addc520b1490990ddb312f4244d","name":"luiscarlosmattos44@gmail.com","image":{"@type":"ImageObject","inLanguage":"pt-PT","@id":"https:\/\/secure.gravatar.com\/avatar\/3165018682ad5ebeb6c6303c432e2424711519c66b404df31f016c3cbaffbeb2?s=96&d=mm&r=g","url":"https:\/\/secure.gravatar.com\/avatar\/3165018682ad5ebeb6c6303c432e2424711519c66b404df31f016c3cbaffbeb2?s=96&d=mm&r=g","contentUrl":"https:\/\/secure.gravatar.com\/avatar\/3165018682ad5ebeb6c6303c432e2424711519c66b404df31f016c3cbaffbeb2?s=96&d=mm&r=g","caption":"luiscarlosmattos44@gmail.com"},"sameAs":["https:\/\/radioatalaiafmerechim.com.br\/portal\/"],"url":"https:\/\/radioatalaiafmerechim.com.br\/portal\/author\/luiscarlosmattos\/"}]}},"_links":{"self":[{"href":"https:\/\/radioatalaiafmerechim.com.br\/portal\/wp-json\/wp\/v2\/posts\/12334","targetHints":{"allow":["GET"]}}],"collection":[{"href":"https:\/\/radioatalaiafmerechim.com.br\/portal\/wp-json\/wp\/v2\/posts"}],"about":[{"href":"https:\/\/radioatalaiafmerechim.com.br\/portal\/wp-json\/wp\/v2\/types\/post"}],"author":[{"embeddable":true,"href":"https:\/\/radioatalaiafmerechim.com.br\/portal\/wp-json\/wp\/v2\/users\/4"}],"replies":[{"embeddable":true,"href":"https:\/\/radioatalaiafmerechim.com.br\/portal\/wp-json\/wp\/v2\/comments?post=12334"}],"version-history":[{"count":1,"href":"https:\/\/radioatalaiafmerechim.com.br\/portal\/wp-json\/wp\/v2\/posts\/12334\/revisions"}],"predecessor-version":[{"id":12338,"href":"https:\/\/radioatalaiafmerechim.com.br\/portal\/wp-json\/wp\/v2\/posts\/12334\/revisions\/12338"}],"wp:featuredmedia":[{"embeddable":true,"href":"https:\/\/radioatalaiafmerechim.com.br\/portal\/wp-json\/wp\/v2\/media\/12337"}],"wp:attachment":[{"href":"https:\/\/radioatalaiafmerechim.com.br\/portal\/wp-json\/wp\/v2\/media?parent=12334"}],"wp:term":[{"taxonomy":"category","embeddable":true,"href":"https:\/\/radioatalaiafmerechim.com.br\/portal\/wp-json\/wp\/v2\/categories?post=12334"},{"taxonomy":"post_tag","embeddable":true,"href":"https:\/\/radioatalaiafmerechim.com.br\/portal\/wp-json\/wp\/v2\/tags?post=12334"}],"curies":[{"name":"wp","href":"https:\/\/api.w.org\/{rel}","templated":true}]}}