{"id":12326,"date":"2026-08-05T14:05:02","date_gmt":"2026-08-05T17:05:02","guid":{"rendered":"https:\/\/conexaoerechim.com.br\/?p=12326"},"modified":"2026-08-05T14:05:05","modified_gmt":"2026-08-05T17:05:05","slug":"milagre-em-sao-paulobebe-declarado-morto-deixa-uti","status":"publish","type":"post","link":"https:\/\/radioatalaiafmerechim.com.br\/portal\/milagre-em-sao-paulobebe-declarado-morto-deixa-uti\/","title":{"rendered":"Milagre em S\u00e3o Paulo:Beb\u00ea declarado morto deixa UTI."},"content":{"rendered":"\n<h2 class=\"wp-block-heading\">Milagre em S\u00e3o Paulo: Beb\u00ea declarado morto surpreende m\u00e9dicos e j\u00e1 respira sem aparelhos ap\u00f3s deixar UTI.<\/h2>\n\n\n\n<p class=\"has-medium-font-size wp-block-paragraph\">Um caso que desafia a medicina e emociona uma fam\u00edlia inteira em S\u00e3o Paulo segue surpreendendo profissionais de sa\u00fade. O pequeno Noah, um rec\u00e9m-nascido que havia sido oficialmente declarado morto na Santa Casa de Rio Claro, agora respira de forma independente, sem o aux\u00edlio de equipamentos m\u00e9dicos. O beb\u00ea j\u00e1 deixou a UTI do Centrinho, unidade vinculada ao Hospital das Cl\u00ednicas de Bauru e \u00e0 USP, onde permanece em observa\u00e7\u00e3o.<br><strong>Agente funer\u00e1ria descobre sinais vitais no saco mortu\u00e1rio<\/strong><br>O que aconteceu duas horas depois da declara\u00e7\u00e3o de morte transformou este caso em um dos mais extraordin\u00e1rios j\u00e1 registrados na medicina brasileira. Uma agente funer\u00e1ria compareceu ao hospital para recolher o corpo. Ao abrir o saco funer\u00e1rio, percebeu algo inesperado: o menino se mexia e tentava respirar, apresentando sinais vitais evidentes. Sem perda de tempo, Noah foi reavaliado pela equipe m\u00e9dica e novamente internado na UTI Neonatal. Em seguida, foi transferido para a unidade especializada em Bauru.<br><strong>Hospital nega falhas e classifica evento como extraordin\u00e1rio<\/strong><br>Em nota oficial, a Santa Casa de Rio Claro declarou que todos os protocolos legais e t\u00e9cnicos foram cumpridos com rigor. A dire\u00e7\u00e3o m\u00e9dica afirmou que os equipamentos utilizados confirmavam a morte no momento da constata\u00e7\u00e3o e que nenhuma falha foi identificada no procedimento. A institui\u00e7\u00e3o classificou o epis\u00f3dio como extraordin\u00e1rio e informou que o caso est\u00e1 sendo investigado.<\/p>\n\n\n\n<p class=\"wp-block-paragraph\"><a href=\"https:\/\/www.contrafatos.com.br\">https:\/\/www.contrafatos.com.br<\/a><\/p>\n\n\n\n<p class=\"wp-block-paragraph\"><\/p>\n","protected":false},"excerpt":{"rendered":"<p>Milagre em S\u00e3o Paulo: Beb\u00ea declarado morto surpreende m\u00e9dicos e j\u00e1 respira sem aparelhos ap\u00f3s deixar UTI. Um caso que desafia a medicina e emociona uma fam\u00edlia inteira em S\u00e3o Paulo segue surpreendendo profissionais de sa\u00fade. O pequeno Noah, um rec\u00e9m-nascido que havia sido oficialmente declarado morto na Santa Casa de Rio Claro, agora respira&#8230;<\/p>\n","protected":false},"author":4,"featured_media":12329,"comment_status":"open","ping_status":"open","sticky":false,"template":"","format":"standard","meta":{"pagelayer_contact_templates":[],"_pagelayer_content":"","footnotes":""},"categories":[47,50],"tags":[],"class_list":["post-12326","post","type-post","status-publish","format-standard","has-post-thumbnail","hentry","category-brasil","category-noticias"],"yoast_head":"<!-- This site is optimized with the Yoast SEO plugin v28.3 - https:\/\/yoast.com\/product\/yoast-seo-wordpress\/ -->\n<title>Milagre em S\u00e3o Paulo:Beb\u00ea declarado morto deixa UTI. - R\u00e1dio Atalaia Fm Erechim<\/title>\n<meta name=\"robots\" content=\"index, follow, max-snippet:-1, max-image-preview:large, max-video-preview:-1\" \/>\n<link rel=\"canonical\" href=\"https:\/\/radioatalaiafmerechim.com.br\/portal\/milagre-em-sao-paulobebe-declarado-morto-deixa-uti\/\" \/>\n<meta property=\"og:locale\" content=\"pt_PT\" \/>\n<meta property=\"og:type\" content=\"article\" \/>\n<meta property=\"og:title\" content=\"Milagre em S\u00e3o Paulo:Beb\u00ea declarado morto deixa UTI. - R\u00e1dio Atalaia Fm Erechim\" \/>\n<meta property=\"og:description\" content=\"Milagre em S\u00e3o Paulo: Beb\u00ea declarado morto surpreende m\u00e9dicos e j\u00e1 respira sem aparelhos ap\u00f3s deixar UTI. Um caso que desafia a medicina e emociona uma fam\u00edlia inteira em S\u00e3o Paulo segue surpreendendo profissionais de sa\u00fade. O pequeno Noah, um rec\u00e9m-nascido que havia sido oficialmente declarado morto na Santa Casa de Rio Claro, agora respira...\" \/>\n<meta property=\"og:url\" content=\"https:\/\/radioatalaiafmerechim.com.br\/portal\/milagre-em-sao-paulobebe-declarado-morto-deixa-uti\/\" \/>\n<meta property=\"og:site_name\" content=\"R\u00e1dio Atalaia Fm Erechim\" \/>\n<meta property=\"article:published_time\" content=\"2026-08-05T17:05:02+00:00\" \/>\n<meta property=\"article:modified_time\" content=\"2026-08-05T17:05:05+00:00\" \/>\n<meta property=\"og:image\" content=\"https:\/\/conexaoerechim.com.br\/wp-content\/uploads\/2026\/08\/milagre-em-SP.webp\" \/>\n\t<meta property=\"og:image:width\" content=\"760\" \/>\n\t<meta property=\"og:image:height\" content=\"475\" \/>\n\t<meta property=\"og:image:type\" content=\"image\/webp\" \/>\n<meta name=\"author\" content=\"luiscarlosmattos44@gmail.com\" \/>\n<meta name=\"twitter:card\" content=\"summary_large_image\" \/>\n<meta name=\"twitter:label1\" content=\"Escrito por\" \/>\n\t<meta name=\"twitter:data1\" content=\"luiscarlosmattos44@gmail.com\" \/>\n\t<meta name=\"twitter:label2\" content=\"Tempo estimado de leitura\" \/>\n\t<meta name=\"twitter:data2\" content=\"2 minutos\" \/>\n<script type=\"application\/ld+json\" class=\"yoast-schema-graph\">{\"@context\":\"https:\\\/\\\/schema.org\",\"@graph\":[{\"@type\":\"Article\",\"@id\":\"https:\\\/\\\/radioatalaiafmerechim.com.br\\\/portal\\\/milagre-em-sao-paulobebe-declarado-morto-deixa-uti\\\/#article\",\"isPartOf\":{\"@id\":\"https:\\\/\\\/radioatalaiafmerechim.com.br\\\/portal\\\/milagre-em-sao-paulobebe-declarado-morto-deixa-uti\\\/\"},\"author\":{\"name\":\"luiscarlosmattos44@gmail.com\",\"@id\":\"https:\\\/\\\/radioatalaiafmerechim.com.br\\\/portal\\\/#\\\/schema\\\/person\\\/22dc9addc520b1490990ddb312f4244d\"},\"headline\":\"Milagre em S\u00e3o Paulo:Beb\u00ea declarado morto deixa UTI.\",\"datePublished\":\"2026-08-05T17:05:02+00:00\",\"dateModified\":\"2026-08-05T17:05:05+00:00\",\"mainEntityOfPage\":{\"@id\":\"https:\\\/\\\/radioatalaiafmerechim.com.br\\\/portal\\\/milagre-em-sao-paulobebe-declarado-morto-deixa-uti\\\/\"},\"wordCount\":280,\"commentCount\":0,\"publisher\":{\"@id\":\"https:\\\/\\\/radioatalaiafmerechim.com.br\\\/portal\\\/#organization\"},\"image\":{\"@id\":\"https:\\\/\\\/radioatalaiafmerechim.com.br\\\/portal\\\/milagre-em-sao-paulobebe-declarado-morto-deixa-uti\\\/#primaryimage\"},\"thumbnailUrl\":\"https:\\\/\\\/radioatalaiafmerechim.com.br\\\/portal\\\/wp-content\\\/uploads\\\/2026\\\/08\\\/milagre-em-SP.webp\",\"articleSection\":[\"BRASIL\",\"NOTICIAS\"],\"inLanguage\":\"pt-PT\",\"potentialAction\":[{\"@type\":\"CommentAction\",\"name\":\"Comment\",\"target\":[\"https:\\\/\\\/radioatalaiafmerechim.com.br\\\/portal\\\/milagre-em-sao-paulobebe-declarado-morto-deixa-uti\\\/#respond\"]}]},{\"@type\":\"WebPage\",\"@id\":\"https:\\\/\\\/radioatalaiafmerechim.com.br\\\/portal\\\/milagre-em-sao-paulobebe-declarado-morto-deixa-uti\\\/\",\"url\":\"https:\\\/\\\/radioatalaiafmerechim.com.br\\\/portal\\\/milagre-em-sao-paulobebe-declarado-morto-deixa-uti\\\/\",\"name\":\"Milagre em S\u00e3o Paulo:Beb\u00ea declarado morto deixa UTI. - R\u00e1dio Atalaia Fm Erechim\",\"isPartOf\":{\"@id\":\"https:\\\/\\\/radioatalaiafmerechim.com.br\\\/portal\\\/#website\"},\"primaryImageOfPage\":{\"@id\":\"https:\\\/\\\/radioatalaiafmerechim.com.br\\\/portal\\\/milagre-em-sao-paulobebe-declarado-morto-deixa-uti\\\/#primaryimage\"},\"image\":{\"@id\":\"https:\\\/\\\/radioatalaiafmerechim.com.br\\\/portal\\\/milagre-em-sao-paulobebe-declarado-morto-deixa-uti\\\/#primaryimage\"},\"thumbnailUrl\":\"https:\\\/\\\/radioatalaiafmerechim.com.br\\\/portal\\\/wp-content\\\/uploads\\\/2026\\\/08\\\/milagre-em-SP.webp\",\"datePublished\":\"2026-08-05T17:05:02+00:00\",\"dateModified\":\"2026-08-05T17:05:05+00:00\",\"breadcrumb\":{\"@id\":\"https:\\\/\\\/radioatalaiafmerechim.com.br\\\/portal\\\/milagre-em-sao-paulobebe-declarado-morto-deixa-uti\\\/#breadcrumb\"},\"inLanguage\":\"pt-PT\",\"potentialAction\":[{\"@type\":\"ReadAction\",\"target\":[\"https:\\\/\\\/radioatalaiafmerechim.com.br\\\/portal\\\/milagre-em-sao-paulobebe-declarado-morto-deixa-uti\\\/\"]}]},{\"@type\":\"ImageObject\",\"inLanguage\":\"pt-PT\",\"@id\":\"https:\\\/\\\/radioatalaiafmerechim.com.br\\\/portal\\\/milagre-em-sao-paulobebe-declarado-morto-deixa-uti\\\/#primaryimage\",\"url\":\"https:\\\/\\\/radioatalaiafmerechim.com.br\\\/portal\\\/wp-content\\\/uploads\\\/2026\\\/08\\\/milagre-em-SP.webp\",\"contentUrl\":\"https:\\\/\\\/radioatalaiafmerechim.com.br\\\/portal\\\/wp-content\\\/uploads\\\/2026\\\/08\\\/milagre-em-SP.webp\",\"width\":760,\"height\":475},{\"@type\":\"BreadcrumbList\",\"@id\":\"https:\\\/\\\/radioatalaiafmerechim.com.br\\\/portal\\\/milagre-em-sao-paulobebe-declarado-morto-deixa-uti\\\/#breadcrumb\",\"itemListElement\":[{\"@type\":\"ListItem\",\"position\":1,\"name\":\"In\u00edcio\",\"item\":\"https:\\\/\\\/radioatalaiafmerechim.com.br\\\/portal\\\/\"},{\"@type\":\"ListItem\",\"position\":2,\"name\":\"Milagre em S\u00e3o Paulo:Beb\u00ea declarado morto deixa UTI.\"}]},{\"@type\":\"WebSite\",\"@id\":\"https:\\\/\\\/radioatalaiafmerechim.com.br\\\/portal\\\/#website\",\"url\":\"https:\\\/\\\/radioatalaiafmerechim.com.br\\\/portal\\\/\",\"name\":\"R\u00e1dio Atalaia Fm Erechim\",\"description\":\"\",\"publisher\":{\"@id\":\"https:\\\/\\\/radioatalaiafmerechim.com.br\\\/portal\\\/#organization\"},\"potentialAction\":[{\"@type\":\"SearchAction\",\"target\":{\"@type\":\"EntryPoint\",\"urlTemplate\":\"https:\\\/\\\/radioatalaiafmerechim.com.br\\\/portal\\\/?s={search_term_string}\"},\"query-input\":{\"@type\":\"PropertyValueSpecification\",\"valueRequired\":true,\"valueName\":\"search_term_string\"}}],\"inLanguage\":\"pt-PT\"},{\"@type\":\"Organization\",\"@id\":\"https:\\\/\\\/radioatalaiafmerechim.com.br\\\/portal\\\/#organization\",\"name\":\"R\u00e1dio Atalaia Fm Erechim\",\"url\":\"https:\\\/\\\/radioatalaiafmerechim.com.br\\\/portal\\\/\",\"logo\":{\"@type\":\"ImageObject\",\"inLanguage\":\"pt-PT\",\"@id\":\"https:\\\/\\\/radioatalaiafmerechim.com.br\\\/portal\\\/#\\\/schema\\\/logo\\\/image\\\/\",\"url\":\"https:\\\/\\\/radioatalaiafmerechim.com.br\\\/portal\\\/wp-content\\\/uploads\\\/2026\\\/08\\\/WhatsApp-Image-2026-08-20-at-19.15.33-2.jpeg\",\"contentUrl\":\"https:\\\/\\\/radioatalaiafmerechim.com.br\\\/portal\\\/wp-content\\\/uploads\\\/2026\\\/08\\\/WhatsApp-Image-2026-08-20-at-19.15.33-2.jpeg\",\"width\":1536,\"height\":1024,\"caption\":\"R\u00e1dio Atalaia Fm Erechim\"},\"image\":{\"@id\":\"https:\\\/\\\/radioatalaiafmerechim.com.br\\\/portal\\\/#\\\/schema\\\/logo\\\/image\\\/\"}},{\"@type\":\"Person\",\"@id\":\"https:\\\/\\\/radioatalaiafmerechim.com.br\\\/portal\\\/#\\\/schema\\\/person\\\/22dc9addc520b1490990ddb312f4244d\",\"name\":\"luiscarlosmattos44@gmail.com\",\"image\":{\"@type\":\"ImageObject\",\"inLanguage\":\"pt-PT\",\"@id\":\"https:\\\/\\\/secure.gravatar.com\\\/avatar\\\/3165018682ad5ebeb6c6303c432e2424711519c66b404df31f016c3cbaffbeb2?s=96&d=mm&r=g\",\"url\":\"https:\\\/\\\/secure.gravatar.com\\\/avatar\\\/3165018682ad5ebeb6c6303c432e2424711519c66b404df31f016c3cbaffbeb2?s=96&d=mm&r=g\",\"contentUrl\":\"https:\\\/\\\/secure.gravatar.com\\\/avatar\\\/3165018682ad5ebeb6c6303c432e2424711519c66b404df31f016c3cbaffbeb2?s=96&d=mm&r=g\",\"caption\":\"luiscarlosmattos44@gmail.com\"},\"sameAs\":[\"https:\\\/\\\/radioatalaiafmerechim.com.br\\\/portal\\\/\"],\"url\":\"https:\\\/\\\/radioatalaiafmerechim.com.br\\\/portal\\\/author\\\/luiscarlosmattos\\\/\"}]}<\/script>\n<!-- \/ Yoast SEO plugin. -->","yoast_head_json":{"title":"Milagre em S\u00e3o Paulo:Beb\u00ea declarado morto deixa UTI. - R\u00e1dio Atalaia Fm Erechim","robots":{"index":"index","follow":"follow","max-snippet":"max-snippet:-1","max-image-preview":"max-image-preview:large","max-video-preview":"max-video-preview:-1"},"canonical":"https:\/\/radioatalaiafmerechim.com.br\/portal\/milagre-em-sao-paulobebe-declarado-morto-deixa-uti\/","og_locale":"pt_PT","og_type":"article","og_title":"Milagre em S\u00e3o Paulo:Beb\u00ea declarado morto deixa UTI. - R\u00e1dio Atalaia Fm Erechim","og_description":"Milagre em S\u00e3o Paulo: Beb\u00ea declarado morto surpreende m\u00e9dicos e j\u00e1 respira sem aparelhos ap\u00f3s deixar UTI. Um caso que desafia a medicina e emociona uma fam\u00edlia inteira em S\u00e3o Paulo segue surpreendendo profissionais de sa\u00fade. O pequeno Noah, um rec\u00e9m-nascido que havia sido oficialmente declarado morto na Santa Casa de Rio Claro, agora respira...","og_url":"https:\/\/radioatalaiafmerechim.com.br\/portal\/milagre-em-sao-paulobebe-declarado-morto-deixa-uti\/","og_site_name":"R\u00e1dio Atalaia Fm Erechim","article_published_time":"2026-08-05T17:05:02+00:00","article_modified_time":"2026-08-05T17:05:05+00:00","og_image":[{"width":760,"height":475,"url":"https:\/\/conexaoerechim.com.br\/wp-content\/uploads\/2026\/08\/milagre-em-SP.webp","type":"image\/webp"}],"author":"luiscarlosmattos44@gmail.com","twitter_card":"summary_large_image","twitter_misc":{"Escrito por":"luiscarlosmattos44@gmail.com","Tempo estimado de leitura":"2 minutos"},"schema":{"@context":"https:\/\/schema.org","@graph":[{"@type":"Article","@id":"https:\/\/radioatalaiafmerechim.com.br\/portal\/milagre-em-sao-paulobebe-declarado-morto-deixa-uti\/#article","isPartOf":{"@id":"https:\/\/radioatalaiafmerechim.com.br\/portal\/milagre-em-sao-paulobebe-declarado-morto-deixa-uti\/"},"author":{"name":"luiscarlosmattos44@gmail.com","@id":"https:\/\/radioatalaiafmerechim.com.br\/portal\/#\/schema\/person\/22dc9addc520b1490990ddb312f4244d"},"headline":"Milagre em S\u00e3o Paulo:Beb\u00ea declarado morto deixa UTI.","datePublished":"2026-08-05T17:05:02+00:00","dateModified":"2026-08-05T17:05:05+00:00","mainEntityOfPage":{"@id":"https:\/\/radioatalaiafmerechim.com.br\/portal\/milagre-em-sao-paulobebe-declarado-morto-deixa-uti\/"},"wordCount":280,"commentCount":0,"publisher":{"@id":"https:\/\/radioatalaiafmerechim.com.br\/portal\/#organization"},"image":{"@id":"https:\/\/radioatalaiafmerechim.com.br\/portal\/milagre-em-sao-paulobebe-declarado-morto-deixa-uti\/#primaryimage"},"thumbnailUrl":"https:\/\/radioatalaiafmerechim.com.br\/portal\/wp-content\/uploads\/2026\/08\/milagre-em-SP.webp","articleSection":["BRASIL","NOTICIAS"],"inLanguage":"pt-PT","potentialAction":[{"@type":"CommentAction","name":"Comment","target":["https:\/\/radioatalaiafmerechim.com.br\/portal\/milagre-em-sao-paulobebe-declarado-morto-deixa-uti\/#respond"]}]},{"@type":"WebPage","@id":"https:\/\/radioatalaiafmerechim.com.br\/portal\/milagre-em-sao-paulobebe-declarado-morto-deixa-uti\/","url":"https:\/\/radioatalaiafmerechim.com.br\/portal\/milagre-em-sao-paulobebe-declarado-morto-deixa-uti\/","name":"Milagre em S\u00e3o Paulo:Beb\u00ea declarado morto deixa UTI. - R\u00e1dio Atalaia Fm Erechim","isPartOf":{"@id":"https:\/\/radioatalaiafmerechim.com.br\/portal\/#website"},"primaryImageOfPage":{"@id":"https:\/\/radioatalaiafmerechim.com.br\/portal\/milagre-em-sao-paulobebe-declarado-morto-deixa-uti\/#primaryimage"},"image":{"@id":"https:\/\/radioatalaiafmerechim.com.br\/portal\/milagre-em-sao-paulobebe-declarado-morto-deixa-uti\/#primaryimage"},"thumbnailUrl":"https:\/\/radioatalaiafmerechim.com.br\/portal\/wp-content\/uploads\/2026\/08\/milagre-em-SP.webp","datePublished":"2026-08-05T17:05:02+00:00","dateModified":"2026-08-05T17:05:05+00:00","breadcrumb":{"@id":"https:\/\/radioatalaiafmerechim.com.br\/portal\/milagre-em-sao-paulobebe-declarado-morto-deixa-uti\/#breadcrumb"},"inLanguage":"pt-PT","potentialAction":[{"@type":"ReadAction","target":["https:\/\/radioatalaiafmerechim.com.br\/portal\/milagre-em-sao-paulobebe-declarado-morto-deixa-uti\/"]}]},{"@type":"ImageObject","inLanguage":"pt-PT","@id":"https:\/\/radioatalaiafmerechim.com.br\/portal\/milagre-em-sao-paulobebe-declarado-morto-deixa-uti\/#primaryimage","url":"https:\/\/radioatalaiafmerechim.com.br\/portal\/wp-content\/uploads\/2026\/08\/milagre-em-SP.webp","contentUrl":"https:\/\/radioatalaiafmerechim.com.br\/portal\/wp-content\/uploads\/2026\/08\/milagre-em-SP.webp","width":760,"height":475},{"@type":"BreadcrumbList","@id":"https:\/\/radioatalaiafmerechim.com.br\/portal\/milagre-em-sao-paulobebe-declarado-morto-deixa-uti\/#breadcrumb","itemListElement":[{"@type":"ListItem","position":1,"name":"In\u00edcio","item":"https:\/\/radioatalaiafmerechim.com.br\/portal\/"},{"@type":"ListItem","position":2,"name":"Milagre em S\u00e3o Paulo:Beb\u00ea declarado morto deixa UTI."}]},{"@type":"WebSite","@id":"https:\/\/radioatalaiafmerechim.com.br\/portal\/#website","url":"https:\/\/radioatalaiafmerechim.com.br\/portal\/","name":"R\u00e1dio Atalaia Fm Erechim","description":"","publisher":{"@id":"https:\/\/radioatalaiafmerechim.com.br\/portal\/#organization"},"potentialAction":[{"@type":"SearchAction","target":{"@type":"EntryPoint","urlTemplate":"https:\/\/radioatalaiafmerechim.com.br\/portal\/?s={search_term_string}"},"query-input":{"@type":"PropertyValueSpecification","valueRequired":true,"valueName":"search_term_string"}}],"inLanguage":"pt-PT"},{"@type":"Organization","@id":"https:\/\/radioatalaiafmerechim.com.br\/portal\/#organization","name":"R\u00e1dio Atalaia Fm Erechim","url":"https:\/\/radioatalaiafmerechim.com.br\/portal\/","logo":{"@type":"ImageObject","inLanguage":"pt-PT","@id":"https:\/\/radioatalaiafmerechim.com.br\/portal\/#\/schema\/logo\/image\/","url":"https:\/\/radioatalaiafmerechim.com.br\/portal\/wp-content\/uploads\/2026\/08\/WhatsApp-Image-2026-08-20-at-19.15.33-2.jpeg","contentUrl":"https:\/\/radioatalaiafmerechim.com.br\/portal\/wp-content\/uploads\/2026\/08\/WhatsApp-Image-2026-08-20-at-19.15.33-2.jpeg","width":1536,"height":1024,"caption":"R\u00e1dio Atalaia Fm Erechim"},"image":{"@id":"https:\/\/radioatalaiafmerechim.com.br\/portal\/#\/schema\/logo\/image\/"}},{"@type":"Person","@id":"https:\/\/radioatalaiafmerechim.com.br\/portal\/#\/schema\/person\/22dc9addc520b1490990ddb312f4244d","name":"luiscarlosmattos44@gmail.com","image":{"@type":"ImageObject","inLanguage":"pt-PT","@id":"https:\/\/secure.gravatar.com\/avatar\/3165018682ad5ebeb6c6303c432e2424711519c66b404df31f016c3cbaffbeb2?s=96&d=mm&r=g","url":"https:\/\/secure.gravatar.com\/avatar\/3165018682ad5ebeb6c6303c432e2424711519c66b404df31f016c3cbaffbeb2?s=96&d=mm&r=g","contentUrl":"https:\/\/secure.gravatar.com\/avatar\/3165018682ad5ebeb6c6303c432e2424711519c66b404df31f016c3cbaffbeb2?s=96&d=mm&r=g","caption":"luiscarlosmattos44@gmail.com"},"sameAs":["https:\/\/radioatalaiafmerechim.com.br\/portal\/"],"url":"https:\/\/radioatalaiafmerechim.com.br\/portal\/author\/luiscarlosmattos\/"}]}},"_links":{"self":[{"href":"https:\/\/radioatalaiafmerechim.com.br\/portal\/wp-json\/wp\/v2\/posts\/12326","targetHints":{"allow":["GET"]}}],"collection":[{"href":"https:\/\/radioatalaiafmerechim.com.br\/portal\/wp-json\/wp\/v2\/posts"}],"about":[{"href":"https:\/\/radioatalaiafmerechim.com.br\/portal\/wp-json\/wp\/v2\/types\/post"}],"author":[{"embeddable":true,"href":"https:\/\/radioatalaiafmerechim.com.br\/portal\/wp-json\/wp\/v2\/users\/4"}],"replies":[{"embeddable":true,"href":"https:\/\/radioatalaiafmerechim.com.br\/portal\/wp-json\/wp\/v2\/comments?post=12326"}],"version-history":[{"count":1,"href":"https:\/\/radioatalaiafmerechim.com.br\/portal\/wp-json\/wp\/v2\/posts\/12326\/revisions"}],"predecessor-version":[{"id":12330,"href":"https:\/\/radioatalaiafmerechim.com.br\/portal\/wp-json\/wp\/v2\/posts\/12326\/revisions\/12330"}],"wp:featuredmedia":[{"embeddable":true,"href":"https:\/\/radioatalaiafmerechim.com.br\/portal\/wp-json\/wp\/v2\/media\/12329"}],"wp:attachment":[{"href":"https:\/\/radioatalaiafmerechim.com.br\/portal\/wp-json\/wp\/v2\/media?parent=12326"}],"wp:term":[{"taxonomy":"category","embeddable":true,"href":"https:\/\/radioatalaiafmerechim.com.br\/portal\/wp-json\/wp\/v2\/categories?post=12326"},{"taxonomy":"post_tag","embeddable":true,"href":"https:\/\/radioatalaiafmerechim.com.br\/portal\/wp-json\/wp\/v2\/tags?post=12326"}],"curies":[{"name":"wp","href":"https:\/\/api.w.org\/{rel}","templated":true}]}}