{"id":12318,"date":"2026-08-05T10:38:49","date_gmt":"2026-08-05T13:38:49","guid":{"rendered":"https:\/\/conexaoerechim.com.br\/?p=12318"},"modified":"2026-08-05T10:38:57","modified_gmt":"2026-08-05T13:38:57","slug":"ana-paula-valadaofamilia-e-mais-importante-que-igreja","status":"publish","type":"post","link":"https:\/\/radioatalaiafmerechim.com.br\/portal\/ana-paula-valadaofamilia-e-mais-importante-que-igreja\/","title":{"rendered":"Ana Paula Valad\u00e3o:\u201cFam\u00edlia \u00e9 mais importante que igreja\u201d."},"content":{"rendered":"\n<p class=\"has-large-font-size wp-block-paragraph\">L\u00edder do Diante do Trono defendeu o descanso e afirmou que uma igreja saud\u00e1vel respeita a fam\u00edlia e os limites dos volunt\u00e1rios.<\/p>\n\n\n\n<p class=\"has-medium-font-size wp-block-paragraph\">Uma declara\u00e7\u00e3o da cantora e pastora Ana Paula Valad\u00e3o, l\u00edder do Minist\u00e9rio Diante do Trono, movimentou as redes sociais nos \u00faltimos dias e reacendeu um antigo debate dentro do meio evang\u00e9lico: at\u00e9 que ponto o servi\u00e7o na igreja pode comprometer a vida familiar e o descanso dos crist\u00e3os? O trecho que viralizou mostra ela afirmando que \u201ca fam\u00edlia \u00e9 mais importante do que a igreja\u201d.<br>Na sequ\u00eancia, ela explica que uma igreja saud\u00e1vel compreende quando um casal decide viajar para celebrar o anivers\u00e1rio de casamento, quando pais precisam acompanhar os filhos durante as f\u00e9rias escolares ou quando um volunt\u00e1rio necessita interromper temporariamente suas atividades para descansar. Segundo ela, comunidades maduras incentivam esse equil\u00edbrio e reconhecem os limites f\u00edsicos e emocionais de seus membros.<br>\u201cA fam\u00edlia \u00e9 mais importante do que a igreja. Uma igreja saud\u00e1vel vai entender se no seu anivers\u00e1rio de casamento voc\u00ea for viajar e voc\u00ea n\u00e3o pode estar numa escala. Uma igreja saud\u00e1vel vai entender as f\u00e9rias escolares dos seus filhos. Uma igreja saud\u00e1vel vai entender um dia que voc\u00ea precisa descansar porque voc\u00ea t\u00e1 esgotado. Uma igreja saud\u00e1vel vai incentivar voc\u00ea a descansar. E o volunt\u00e1rio ele n\u00e3o vai suportar muito tempo se ele for sugado\u201d, pontuou a cantora.<br><strong>B\u00edblia prioriza a fam\u00edlia e o descanso<\/strong><br>Embora a frase tenha gerado controv\u00e9rsia, a B\u00edblia apresenta diversos ensinamentos que valorizam o descanso como parte da vontade de Deus para o ser humano. Logo na cria\u00e7\u00e3o, Deus estabelece um ritmo de trabalho e repouso. Em G\u00eanesis 2:2-3, ap\u00f3s concluir Sua obra, o Senhor descansou no s\u00e9timo dia e o santificou, criando um princ\u00edpio que mais tarde seria incorporado ao quarto mandamento.<br>A B\u00edblia tamb\u00e9m alerta contra uma rotina desequilibrada. Em Eclesiastes 4:6, Salom\u00e3o escreve: \u201cMelhor \u00e9 um punhado com descanso do que ambas as m\u00e3os cheias com trabalho e correr atr\u00e1s do vento\u201d, destacando que uma vida marcada apenas pela produtividade pode levar ao vazio e ao desgaste.\/\/<strong>https:\/\/comunhao.com.br\/<\/strong><\/p>\n\n\n\n<p class=\"wp-block-paragraph\"><\/p>\n","protected":false},"excerpt":{"rendered":"<p>L\u00edder do Diante do Trono defendeu o descanso e afirmou que uma igreja saud\u00e1vel respeita a fam\u00edlia e os limites dos volunt\u00e1rios. Uma declara\u00e7\u00e3o da cantora e pastora Ana Paula Valad\u00e3o, l\u00edder do Minist\u00e9rio Diante do Trono, movimentou as redes sociais nos \u00faltimos dias e reacendeu um antigo debate dentro do meio evang\u00e9lico: at\u00e9 que&#8230;<\/p>\n","protected":false},"author":4,"featured_media":12321,"comment_status":"open","ping_status":"open","sticky":false,"template":"","format":"standard","meta":{"pagelayer_contact_templates":[],"_pagelayer_content":"","footnotes":""},"categories":[50,28],"tags":[],"class_list":["post-12318","post","type-post","status-publish","format-standard","has-post-thumbnail","hentry","category-noticias","category-vida-crista"],"yoast_head":"<!-- This site is optimized with the Yoast SEO plugin v28.3 - https:\/\/yoast.com\/product\/yoast-seo-wordpress\/ -->\n<title>Ana Paula Valad\u00e3o:\u201cFam\u00edlia \u00e9 mais importante que igreja\u201d. - R\u00e1dio Atalaia Fm Erechim<\/title>\n<meta name=\"robots\" content=\"index, follow, max-snippet:-1, max-image-preview:large, max-video-preview:-1\" \/>\n<link rel=\"canonical\" href=\"https:\/\/radioatalaiafmerechim.com.br\/portal\/ana-paula-valadaofamilia-e-mais-importante-que-igreja\/\" \/>\n<meta property=\"og:locale\" content=\"pt_PT\" \/>\n<meta property=\"og:type\" content=\"article\" \/>\n<meta property=\"og:title\" content=\"Ana Paula Valad\u00e3o:\u201cFam\u00edlia \u00e9 mais importante que igreja\u201d. - R\u00e1dio Atalaia Fm Erechim\" \/>\n<meta property=\"og:description\" content=\"L\u00edder do Diante do Trono defendeu o descanso e afirmou que uma igreja saud\u00e1vel respeita a fam\u00edlia e os limites dos volunt\u00e1rios. Uma declara\u00e7\u00e3o da cantora e pastora Ana Paula Valad\u00e3o, l\u00edder do Minist\u00e9rio Diante do Trono, movimentou as redes sociais nos \u00faltimos dias e reacendeu um antigo debate dentro do meio evang\u00e9lico: at\u00e9 que...\" \/>\n<meta property=\"og:url\" content=\"https:\/\/radioatalaiafmerechim.com.br\/portal\/ana-paula-valadaofamilia-e-mais-importante-que-igreja\/\" \/>\n<meta property=\"og:site_name\" content=\"R\u00e1dio Atalaia Fm Erechim\" \/>\n<meta property=\"article:published_time\" content=\"2026-08-05T13:38:49+00:00\" \/>\n<meta property=\"article:modified_time\" content=\"2026-08-05T13:38:57+00:00\" \/>\n<meta property=\"og:image\" content=\"https:\/\/conexaoerechim.com.br\/wp-content\/uploads\/2026\/08\/familia-mais-importante.webp\" \/>\n\t<meta property=\"og:image:width\" content=\"1200\" \/>\n\t<meta property=\"og:image:height\" content=\"750\" \/>\n\t<meta property=\"og:image:type\" content=\"image\/webp\" \/>\n<meta name=\"author\" content=\"luiscarlosmattos44@gmail.com\" \/>\n<meta name=\"twitter:card\" content=\"summary_large_image\" \/>\n<meta name=\"twitter:label1\" content=\"Escrito por\" \/>\n\t<meta name=\"twitter:data1\" content=\"luiscarlosmattos44@gmail.com\" \/>\n\t<meta name=\"twitter:label2\" content=\"Tempo estimado de leitura\" \/>\n\t<meta name=\"twitter:data2\" content=\"3 minutos\" \/>\n<script type=\"application\/ld+json\" class=\"yoast-schema-graph\">{\"@context\":\"https:\\\/\\\/schema.org\",\"@graph\":[{\"@type\":\"Article\",\"@id\":\"https:\\\/\\\/radioatalaiafmerechim.com.br\\\/portal\\\/ana-paula-valadaofamilia-e-mais-importante-que-igreja\\\/#article\",\"isPartOf\":{\"@id\":\"https:\\\/\\\/radioatalaiafmerechim.com.br\\\/portal\\\/ana-paula-valadaofamilia-e-mais-importante-que-igreja\\\/\"},\"author\":{\"name\":\"luiscarlosmattos44@gmail.com\",\"@id\":\"https:\\\/\\\/radioatalaiafmerechim.com.br\\\/portal\\\/#\\\/schema\\\/person\\\/22dc9addc520b1490990ddb312f4244d\"},\"headline\":\"Ana Paula Valad\u00e3o:\u201cFam\u00edlia \u00e9 mais importante que igreja\u201d.\",\"datePublished\":\"2026-08-05T13:38:49+00:00\",\"dateModified\":\"2026-08-05T13:38:57+00:00\",\"mainEntityOfPage\":{\"@id\":\"https:\\\/\\\/radioatalaiafmerechim.com.br\\\/portal\\\/ana-paula-valadaofamilia-e-mais-importante-que-igreja\\\/\"},\"wordCount\":395,\"commentCount\":0,\"publisher\":{\"@id\":\"https:\\\/\\\/radioatalaiafmerechim.com.br\\\/portal\\\/#organization\"},\"image\":{\"@id\":\"https:\\\/\\\/radioatalaiafmerechim.com.br\\\/portal\\\/ana-paula-valadaofamilia-e-mais-importante-que-igreja\\\/#primaryimage\"},\"thumbnailUrl\":\"https:\\\/\\\/radioatalaiafmerechim.com.br\\\/portal\\\/wp-content\\\/uploads\\\/2026\\\/08\\\/familia-mais-importante.webp\",\"articleSection\":[\"NOTICIAS\",\"VIDA CRIST\u00c3.\"],\"inLanguage\":\"pt-PT\",\"potentialAction\":[{\"@type\":\"CommentAction\",\"name\":\"Comment\",\"target\":[\"https:\\\/\\\/radioatalaiafmerechim.com.br\\\/portal\\\/ana-paula-valadaofamilia-e-mais-importante-que-igreja\\\/#respond\"]}]},{\"@type\":\"WebPage\",\"@id\":\"https:\\\/\\\/radioatalaiafmerechim.com.br\\\/portal\\\/ana-paula-valadaofamilia-e-mais-importante-que-igreja\\\/\",\"url\":\"https:\\\/\\\/radioatalaiafmerechim.com.br\\\/portal\\\/ana-paula-valadaofamilia-e-mais-importante-que-igreja\\\/\",\"name\":\"Ana Paula Valad\u00e3o:\u201cFam\u00edlia \u00e9 mais importante que igreja\u201d. - R\u00e1dio Atalaia Fm Erechim\",\"isPartOf\":{\"@id\":\"https:\\\/\\\/radioatalaiafmerechim.com.br\\\/portal\\\/#website\"},\"primaryImageOfPage\":{\"@id\":\"https:\\\/\\\/radioatalaiafmerechim.com.br\\\/portal\\\/ana-paula-valadaofamilia-e-mais-importante-que-igreja\\\/#primaryimage\"},\"image\":{\"@id\":\"https:\\\/\\\/radioatalaiafmerechim.com.br\\\/portal\\\/ana-paula-valadaofamilia-e-mais-importante-que-igreja\\\/#primaryimage\"},\"thumbnailUrl\":\"https:\\\/\\\/radioatalaiafmerechim.com.br\\\/portal\\\/wp-content\\\/uploads\\\/2026\\\/08\\\/familia-mais-importante.webp\",\"datePublished\":\"2026-08-05T13:38:49+00:00\",\"dateModified\":\"2026-08-05T13:38:57+00:00\",\"breadcrumb\":{\"@id\":\"https:\\\/\\\/radioatalaiafmerechim.com.br\\\/portal\\\/ana-paula-valadaofamilia-e-mais-importante-que-igreja\\\/#breadcrumb\"},\"inLanguage\":\"pt-PT\",\"potentialAction\":[{\"@type\":\"ReadAction\",\"target\":[\"https:\\\/\\\/radioatalaiafmerechim.com.br\\\/portal\\\/ana-paula-valadaofamilia-e-mais-importante-que-igreja\\\/\"]}]},{\"@type\":\"ImageObject\",\"inLanguage\":\"pt-PT\",\"@id\":\"https:\\\/\\\/radioatalaiafmerechim.com.br\\\/portal\\\/ana-paula-valadaofamilia-e-mais-importante-que-igreja\\\/#primaryimage\",\"url\":\"https:\\\/\\\/radioatalaiafmerechim.com.br\\\/portal\\\/wp-content\\\/uploads\\\/2026\\\/08\\\/familia-mais-importante.webp\",\"contentUrl\":\"https:\\\/\\\/radioatalaiafmerechim.com.br\\\/portal\\\/wp-content\\\/uploads\\\/2026\\\/08\\\/familia-mais-importante.webp\",\"width\":1200,\"height\":750},{\"@type\":\"BreadcrumbList\",\"@id\":\"https:\\\/\\\/radioatalaiafmerechim.com.br\\\/portal\\\/ana-paula-valadaofamilia-e-mais-importante-que-igreja\\\/#breadcrumb\",\"itemListElement\":[{\"@type\":\"ListItem\",\"position\":1,\"name\":\"In\u00edcio\",\"item\":\"https:\\\/\\\/radioatalaiafmerechim.com.br\\\/portal\\\/\"},{\"@type\":\"ListItem\",\"position\":2,\"name\":\"Ana Paula Valad\u00e3o:\u201cFam\u00edlia \u00e9 mais importante que igreja\u201d.\"}]},{\"@type\":\"WebSite\",\"@id\":\"https:\\\/\\\/radioatalaiafmerechim.com.br\\\/portal\\\/#website\",\"url\":\"https:\\\/\\\/radioatalaiafmerechim.com.br\\\/portal\\\/\",\"name\":\"R\u00e1dio Atalaia Fm Erechim\",\"description\":\"\",\"publisher\":{\"@id\":\"https:\\\/\\\/radioatalaiafmerechim.com.br\\\/portal\\\/#organization\"},\"potentialAction\":[{\"@type\":\"SearchAction\",\"target\":{\"@type\":\"EntryPoint\",\"urlTemplate\":\"https:\\\/\\\/radioatalaiafmerechim.com.br\\\/portal\\\/?s={search_term_string}\"},\"query-input\":{\"@type\":\"PropertyValueSpecification\",\"valueRequired\":true,\"valueName\":\"search_term_string\"}}],\"inLanguage\":\"pt-PT\"},{\"@type\":\"Organization\",\"@id\":\"https:\\\/\\\/radioatalaiafmerechim.com.br\\\/portal\\\/#organization\",\"name\":\"R\u00e1dio Atalaia Fm Erechim\",\"url\":\"https:\\\/\\\/radioatalaiafmerechim.com.br\\\/portal\\\/\",\"logo\":{\"@type\":\"ImageObject\",\"inLanguage\":\"pt-PT\",\"@id\":\"https:\\\/\\\/radioatalaiafmerechim.com.br\\\/portal\\\/#\\\/schema\\\/logo\\\/image\\\/\",\"url\":\"https:\\\/\\\/radioatalaiafmerechim.com.br\\\/portal\\\/wp-content\\\/uploads\\\/2026\\\/08\\\/WhatsApp-Image-2026-08-20-at-19.15.33-2.jpeg\",\"contentUrl\":\"https:\\\/\\\/radioatalaiafmerechim.com.br\\\/portal\\\/wp-content\\\/uploads\\\/2026\\\/08\\\/WhatsApp-Image-2026-08-20-at-19.15.33-2.jpeg\",\"width\":1536,\"height\":1024,\"caption\":\"R\u00e1dio Atalaia Fm Erechim\"},\"image\":{\"@id\":\"https:\\\/\\\/radioatalaiafmerechim.com.br\\\/portal\\\/#\\\/schema\\\/logo\\\/image\\\/\"}},{\"@type\":\"Person\",\"@id\":\"https:\\\/\\\/radioatalaiafmerechim.com.br\\\/portal\\\/#\\\/schema\\\/person\\\/22dc9addc520b1490990ddb312f4244d\",\"name\":\"luiscarlosmattos44@gmail.com\",\"image\":{\"@type\":\"ImageObject\",\"inLanguage\":\"pt-PT\",\"@id\":\"https:\\\/\\\/secure.gravatar.com\\\/avatar\\\/3165018682ad5ebeb6c6303c432e2424711519c66b404df31f016c3cbaffbeb2?s=96&d=mm&r=g\",\"url\":\"https:\\\/\\\/secure.gravatar.com\\\/avatar\\\/3165018682ad5ebeb6c6303c432e2424711519c66b404df31f016c3cbaffbeb2?s=96&d=mm&r=g\",\"contentUrl\":\"https:\\\/\\\/secure.gravatar.com\\\/avatar\\\/3165018682ad5ebeb6c6303c432e2424711519c66b404df31f016c3cbaffbeb2?s=96&d=mm&r=g\",\"caption\":\"luiscarlosmattos44@gmail.com\"},\"sameAs\":[\"https:\\\/\\\/radioatalaiafmerechim.com.br\\\/portal\\\/\"],\"url\":\"https:\\\/\\\/radioatalaiafmerechim.com.br\\\/portal\\\/author\\\/luiscarlosmattos\\\/\"}]}<\/script>\n<!-- \/ Yoast SEO plugin. -->","yoast_head_json":{"title":"Ana Paula Valad\u00e3o:\u201cFam\u00edlia \u00e9 mais importante que igreja\u201d. - R\u00e1dio Atalaia Fm Erechim","robots":{"index":"index","follow":"follow","max-snippet":"max-snippet:-1","max-image-preview":"max-image-preview:large","max-video-preview":"max-video-preview:-1"},"canonical":"https:\/\/radioatalaiafmerechim.com.br\/portal\/ana-paula-valadaofamilia-e-mais-importante-que-igreja\/","og_locale":"pt_PT","og_type":"article","og_title":"Ana Paula Valad\u00e3o:\u201cFam\u00edlia \u00e9 mais importante que igreja\u201d. - R\u00e1dio Atalaia Fm Erechim","og_description":"L\u00edder do Diante do Trono defendeu o descanso e afirmou que uma igreja saud\u00e1vel respeita a fam\u00edlia e os limites dos volunt\u00e1rios. Uma declara\u00e7\u00e3o da cantora e pastora Ana Paula Valad\u00e3o, l\u00edder do Minist\u00e9rio Diante do Trono, movimentou as redes sociais nos \u00faltimos dias e reacendeu um antigo debate dentro do meio evang\u00e9lico: at\u00e9 que...","og_url":"https:\/\/radioatalaiafmerechim.com.br\/portal\/ana-paula-valadaofamilia-e-mais-importante-que-igreja\/","og_site_name":"R\u00e1dio Atalaia Fm Erechim","article_published_time":"2026-08-05T13:38:49+00:00","article_modified_time":"2026-08-05T13:38:57+00:00","og_image":[{"width":1200,"height":750,"url":"https:\/\/conexaoerechim.com.br\/wp-content\/uploads\/2026\/08\/familia-mais-importante.webp","type":"image\/webp"}],"author":"luiscarlosmattos44@gmail.com","twitter_card":"summary_large_image","twitter_misc":{"Escrito por":"luiscarlosmattos44@gmail.com","Tempo estimado de leitura":"3 minutos"},"schema":{"@context":"https:\/\/schema.org","@graph":[{"@type":"Article","@id":"https:\/\/radioatalaiafmerechim.com.br\/portal\/ana-paula-valadaofamilia-e-mais-importante-que-igreja\/#article","isPartOf":{"@id":"https:\/\/radioatalaiafmerechim.com.br\/portal\/ana-paula-valadaofamilia-e-mais-importante-que-igreja\/"},"author":{"name":"luiscarlosmattos44@gmail.com","@id":"https:\/\/radioatalaiafmerechim.com.br\/portal\/#\/schema\/person\/22dc9addc520b1490990ddb312f4244d"},"headline":"Ana Paula Valad\u00e3o:\u201cFam\u00edlia \u00e9 mais importante que igreja\u201d.","datePublished":"2026-08-05T13:38:49+00:00","dateModified":"2026-08-05T13:38:57+00:00","mainEntityOfPage":{"@id":"https:\/\/radioatalaiafmerechim.com.br\/portal\/ana-paula-valadaofamilia-e-mais-importante-que-igreja\/"},"wordCount":395,"commentCount":0,"publisher":{"@id":"https:\/\/radioatalaiafmerechim.com.br\/portal\/#organization"},"image":{"@id":"https:\/\/radioatalaiafmerechim.com.br\/portal\/ana-paula-valadaofamilia-e-mais-importante-que-igreja\/#primaryimage"},"thumbnailUrl":"https:\/\/radioatalaiafmerechim.com.br\/portal\/wp-content\/uploads\/2026\/08\/familia-mais-importante.webp","articleSection":["NOTICIAS","VIDA CRIST\u00c3."],"inLanguage":"pt-PT","potentialAction":[{"@type":"CommentAction","name":"Comment","target":["https:\/\/radioatalaiafmerechim.com.br\/portal\/ana-paula-valadaofamilia-e-mais-importante-que-igreja\/#respond"]}]},{"@type":"WebPage","@id":"https:\/\/radioatalaiafmerechim.com.br\/portal\/ana-paula-valadaofamilia-e-mais-importante-que-igreja\/","url":"https:\/\/radioatalaiafmerechim.com.br\/portal\/ana-paula-valadaofamilia-e-mais-importante-que-igreja\/","name":"Ana Paula Valad\u00e3o:\u201cFam\u00edlia \u00e9 mais importante que igreja\u201d. - R\u00e1dio Atalaia Fm Erechim","isPartOf":{"@id":"https:\/\/radioatalaiafmerechim.com.br\/portal\/#website"},"primaryImageOfPage":{"@id":"https:\/\/radioatalaiafmerechim.com.br\/portal\/ana-paula-valadaofamilia-e-mais-importante-que-igreja\/#primaryimage"},"image":{"@id":"https:\/\/radioatalaiafmerechim.com.br\/portal\/ana-paula-valadaofamilia-e-mais-importante-que-igreja\/#primaryimage"},"thumbnailUrl":"https:\/\/radioatalaiafmerechim.com.br\/portal\/wp-content\/uploads\/2026\/08\/familia-mais-importante.webp","datePublished":"2026-08-05T13:38:49+00:00","dateModified":"2026-08-05T13:38:57+00:00","breadcrumb":{"@id":"https:\/\/radioatalaiafmerechim.com.br\/portal\/ana-paula-valadaofamilia-e-mais-importante-que-igreja\/#breadcrumb"},"inLanguage":"pt-PT","potentialAction":[{"@type":"ReadAction","target":["https:\/\/radioatalaiafmerechim.com.br\/portal\/ana-paula-valadaofamilia-e-mais-importante-que-igreja\/"]}]},{"@type":"ImageObject","inLanguage":"pt-PT","@id":"https:\/\/radioatalaiafmerechim.com.br\/portal\/ana-paula-valadaofamilia-e-mais-importante-que-igreja\/#primaryimage","url":"https:\/\/radioatalaiafmerechim.com.br\/portal\/wp-content\/uploads\/2026\/08\/familia-mais-importante.webp","contentUrl":"https:\/\/radioatalaiafmerechim.com.br\/portal\/wp-content\/uploads\/2026\/08\/familia-mais-importante.webp","width":1200,"height":750},{"@type":"BreadcrumbList","@id":"https:\/\/radioatalaiafmerechim.com.br\/portal\/ana-paula-valadaofamilia-e-mais-importante-que-igreja\/#breadcrumb","itemListElement":[{"@type":"ListItem","position":1,"name":"In\u00edcio","item":"https:\/\/radioatalaiafmerechim.com.br\/portal\/"},{"@type":"ListItem","position":2,"name":"Ana Paula Valad\u00e3o:\u201cFam\u00edlia \u00e9 mais importante que igreja\u201d."}]},{"@type":"WebSite","@id":"https:\/\/radioatalaiafmerechim.com.br\/portal\/#website","url":"https:\/\/radioatalaiafmerechim.com.br\/portal\/","name":"R\u00e1dio Atalaia Fm Erechim","description":"","publisher":{"@id":"https:\/\/radioatalaiafmerechim.com.br\/portal\/#organization"},"potentialAction":[{"@type":"SearchAction","target":{"@type":"EntryPoint","urlTemplate":"https:\/\/radioatalaiafmerechim.com.br\/portal\/?s={search_term_string}"},"query-input":{"@type":"PropertyValueSpecification","valueRequired":true,"valueName":"search_term_string"}}],"inLanguage":"pt-PT"},{"@type":"Organization","@id":"https:\/\/radioatalaiafmerechim.com.br\/portal\/#organization","name":"R\u00e1dio Atalaia Fm Erechim","url":"https:\/\/radioatalaiafmerechim.com.br\/portal\/","logo":{"@type":"ImageObject","inLanguage":"pt-PT","@id":"https:\/\/radioatalaiafmerechim.com.br\/portal\/#\/schema\/logo\/image\/","url":"https:\/\/radioatalaiafmerechim.com.br\/portal\/wp-content\/uploads\/2026\/08\/WhatsApp-Image-2026-08-20-at-19.15.33-2.jpeg","contentUrl":"https:\/\/radioatalaiafmerechim.com.br\/portal\/wp-content\/uploads\/2026\/08\/WhatsApp-Image-2026-08-20-at-19.15.33-2.jpeg","width":1536,"height":1024,"caption":"R\u00e1dio Atalaia Fm Erechim"},"image":{"@id":"https:\/\/radioatalaiafmerechim.com.br\/portal\/#\/schema\/logo\/image\/"}},{"@type":"Person","@id":"https:\/\/radioatalaiafmerechim.com.br\/portal\/#\/schema\/person\/22dc9addc520b1490990ddb312f4244d","name":"luiscarlosmattos44@gmail.com","image":{"@type":"ImageObject","inLanguage":"pt-PT","@id":"https:\/\/secure.gravatar.com\/avatar\/3165018682ad5ebeb6c6303c432e2424711519c66b404df31f016c3cbaffbeb2?s=96&d=mm&r=g","url":"https:\/\/secure.gravatar.com\/avatar\/3165018682ad5ebeb6c6303c432e2424711519c66b404df31f016c3cbaffbeb2?s=96&d=mm&r=g","contentUrl":"https:\/\/secure.gravatar.com\/avatar\/3165018682ad5ebeb6c6303c432e2424711519c66b404df31f016c3cbaffbeb2?s=96&d=mm&r=g","caption":"luiscarlosmattos44@gmail.com"},"sameAs":["https:\/\/radioatalaiafmerechim.com.br\/portal\/"],"url":"https:\/\/radioatalaiafmerechim.com.br\/portal\/author\/luiscarlosmattos\/"}]}},"_links":{"self":[{"href":"https:\/\/radioatalaiafmerechim.com.br\/portal\/wp-json\/wp\/v2\/posts\/12318","targetHints":{"allow":["GET"]}}],"collection":[{"href":"https:\/\/radioatalaiafmerechim.com.br\/portal\/wp-json\/wp\/v2\/posts"}],"about":[{"href":"https:\/\/radioatalaiafmerechim.com.br\/portal\/wp-json\/wp\/v2\/types\/post"}],"author":[{"embeddable":true,"href":"https:\/\/radioatalaiafmerechim.com.br\/portal\/wp-json\/wp\/v2\/users\/4"}],"replies":[{"embeddable":true,"href":"https:\/\/radioatalaiafmerechim.com.br\/portal\/wp-json\/wp\/v2\/comments?post=12318"}],"version-history":[{"count":1,"href":"https:\/\/radioatalaiafmerechim.com.br\/portal\/wp-json\/wp\/v2\/posts\/12318\/revisions"}],"predecessor-version":[{"id":12322,"href":"https:\/\/radioatalaiafmerechim.com.br\/portal\/wp-json\/wp\/v2\/posts\/12318\/revisions\/12322"}],"wp:featuredmedia":[{"embeddable":true,"href":"https:\/\/radioatalaiafmerechim.com.br\/portal\/wp-json\/wp\/v2\/media\/12321"}],"wp:attachment":[{"href":"https:\/\/radioatalaiafmerechim.com.br\/portal\/wp-json\/wp\/v2\/media?parent=12318"}],"wp:term":[{"taxonomy":"category","embeddable":true,"href":"https:\/\/radioatalaiafmerechim.com.br\/portal\/wp-json\/wp\/v2\/categories?post=12318"},{"taxonomy":"post_tag","embeddable":true,"href":"https:\/\/radioatalaiafmerechim.com.br\/portal\/wp-json\/wp\/v2\/tags?post=12318"}],"curies":[{"name":"wp","href":"https:\/\/api.w.org\/{rel}","templated":true}]}}