{"id":12305,"date":"2026-08-05T09:32:33","date_gmt":"2026-08-05T12:32:33","guid":{"rendered":"https:\/\/conexaoerechim.com.br\/?p=12305"},"modified":"2026-08-05T09:32:35","modified_gmt":"2026-08-05T12:32:35","slug":"a-ciencia-confirmourede-sociais-afeta-desempenho-escolar","status":"publish","type":"post","link":"https:\/\/radioatalaiafmerechim.com.br\/portal\/a-ciencia-confirmourede-sociais-afeta-desempenho-escolar\/","title":{"rendered":"A ci\u00eancia confirmou:&#8221;REDE SOCIAIS AFETA DESEMPENHO ESCOLAR&#8221;."},"content":{"rendered":"\n<p class=\"wp-block-paragraph\">A ci\u00eancia confirmou o que os pais j\u00e1 desconfiavam.<\/p>\n\n\n\n<p class=\"has-medium-font-size wp-block-paragraph\">N\u00e3o querendo alimentar a discuss\u00e3o dentro de casa, mas os pais parecem ter raz\u00e3o. Segundo um rec\u00e9m-publicado estudo na Nature que comparou +5 mil alunos italianos, crian\u00e7as que entram nas redes socais mais cedo tendem a ir pior na escola.<br>A pesquisa descobriu que quem criou uma conta nesses apps aos 11-12 anos tirou notas mais baixas em italiano e matem\u00e1tica do que quem esperou at\u00e9 os 14 \u2014 uma diferen\u00e7a que, aos 15-16 anos, j\u00e1 equivale a seis meses de escolariza\u00e7\u00e3o perdidos.<br>*<em>O paper ainda aponta que quem checa mais o celular tende a entrar mais cedo nas redes e ter menos supervis\u00e3o dos pais, o que resulta em notas piores. Curiosamente, na prova de ingl\u00eas, essa diferen\u00e7a nem apareceu.<\/em><br>Apesar disso, o estudo \u00e9 observacional, ent\u00e3o n\u00e3o d\u00e1 para cravar causa e efeito \u2014 ainda que ele levante suspeitas sobre o uso do feed infinito por horas das redes sociais.<br>Inclusive, um estudo americano que analisou quase 5 mil escolas p\u00fablicas que adotaram bolsas lacr\u00e1veis para impedir o uso de celular apontou que o efeito m\u00e9dio nas notas foi pr\u00f3ximo de zero. A pesquisa n\u00e3o analisou o efeito da medida no longo prazo.<br><strong>Olhando para o Brasil<\/strong>\u2026 A utiliza\u00e7\u00e3o precoce j\u00e1 passou de exce\u00e7\u00e3o para regra: 79% das crian\u00e7as de at\u00e9 12 anos j\u00e1 t\u00eam perfil em rede social. Entre os de 13-14, o n\u00famero sobe para 91%-\/\/<strong>the news<\/strong><\/p>\n\n\n\n<p class=\"wp-block-paragraph\"><\/p>\n","protected":false},"excerpt":{"rendered":"<p>A ci\u00eancia confirmou o que os pais j\u00e1 desconfiavam. N\u00e3o querendo alimentar a discuss\u00e3o dentro de casa, mas os pais parecem ter raz\u00e3o. Segundo um rec\u00e9m-publicado estudo na Nature que comparou +5 mil alunos italianos, crian\u00e7as que entram nas redes socais mais cedo tendem a ir pior na escola.A pesquisa descobriu que quem criou uma&#8230;<\/p>\n","protected":false},"author":4,"featured_media":12308,"comment_status":"open","ping_status":"open","sticky":false,"template":"","format":"standard","meta":{"pagelayer_contact_templates":[],"_pagelayer_content":"","footnotes":""},"categories":[56,1],"tags":[],"class_list":["post-12305","post","type-post","status-publish","format-standard","has-post-thumbnail","hentry","category-ciencia","category-estudo"],"yoast_head":"<!-- This site is optimized with the Yoast SEO plugin v28.3 - https:\/\/yoast.com\/product\/yoast-seo-wordpress\/ -->\n<title>A ci\u00eancia confirmou:&quot;REDE SOCIAIS AFETA DESEMPENHO ESCOLAR&quot;. - R\u00e1dio Atalaia Fm Erechim<\/title>\n<meta name=\"robots\" content=\"index, follow, max-snippet:-1, max-image-preview:large, max-video-preview:-1\" \/>\n<link rel=\"canonical\" href=\"https:\/\/radioatalaiafmerechim.com.br\/portal\/a-ciencia-confirmourede-sociais-afeta-desempenho-escolar\/\" \/>\n<meta property=\"og:locale\" content=\"pt_PT\" \/>\n<meta property=\"og:type\" content=\"article\" \/>\n<meta property=\"og:title\" content=\"A ci\u00eancia confirmou:&quot;REDE SOCIAIS AFETA DESEMPENHO ESCOLAR&quot;. - R\u00e1dio Atalaia Fm Erechim\" \/>\n<meta property=\"og:description\" content=\"A ci\u00eancia confirmou o que os pais j\u00e1 desconfiavam. N\u00e3o querendo alimentar a discuss\u00e3o dentro de casa, mas os pais parecem ter raz\u00e3o. Segundo um rec\u00e9m-publicado estudo na Nature que comparou +5 mil alunos italianos, crian\u00e7as que entram nas redes socais mais cedo tendem a ir pior na escola.A pesquisa descobriu que quem criou uma...\" \/>\n<meta property=\"og:url\" content=\"https:\/\/radioatalaiafmerechim.com.br\/portal\/a-ciencia-confirmourede-sociais-afeta-desempenho-escolar\/\" \/>\n<meta property=\"og:site_name\" content=\"R\u00e1dio Atalaia Fm Erechim\" \/>\n<meta property=\"article:published_time\" content=\"2026-08-05T12:32:33+00:00\" \/>\n<meta property=\"article:modified_time\" content=\"2026-08-05T12:32:35+00:00\" \/>\n<meta property=\"og:image\" content=\"https:\/\/conexaoerechim.com.br\/wp-content\/uploads\/2026\/08\/criancasss.gif\" \/>\n\t<meta property=\"og:image:width\" content=\"480\" \/>\n\t<meta property=\"og:image:height\" content=\"238\" \/>\n\t<meta property=\"og:image:type\" content=\"image\/gif\" \/>\n<meta name=\"author\" content=\"luiscarlosmattos44@gmail.com\" \/>\n<meta name=\"twitter:card\" content=\"summary_large_image\" \/>\n<meta name=\"twitter:label1\" content=\"Escrito por\" \/>\n\t<meta name=\"twitter:data1\" content=\"luiscarlosmattos44@gmail.com\" \/>\n\t<meta name=\"twitter:label2\" content=\"Tempo estimado de leitura\" \/>\n\t<meta name=\"twitter:data2\" content=\"2 minutos\" \/>\n<script type=\"application\/ld+json\" class=\"yoast-schema-graph\">{\"@context\":\"https:\\\/\\\/schema.org\",\"@graph\":[{\"@type\":\"Article\",\"@id\":\"https:\\\/\\\/radioatalaiafmerechim.com.br\\\/portal\\\/a-ciencia-confirmourede-sociais-afeta-desempenho-escolar\\\/#article\",\"isPartOf\":{\"@id\":\"https:\\\/\\\/radioatalaiafmerechim.com.br\\\/portal\\\/a-ciencia-confirmourede-sociais-afeta-desempenho-escolar\\\/\"},\"author\":{\"name\":\"luiscarlosmattos44@gmail.com\",\"@id\":\"https:\\\/\\\/radioatalaiafmerechim.com.br\\\/portal\\\/#\\\/schema\\\/person\\\/22dc9addc520b1490990ddb312f4244d\"},\"headline\":\"A ci\u00eancia confirmou:&#8221;REDE SOCIAIS AFETA DESEMPENHO ESCOLAR&#8221;.\",\"datePublished\":\"2026-08-05T12:32:33+00:00\",\"dateModified\":\"2026-08-05T12:32:35+00:00\",\"mainEntityOfPage\":{\"@id\":\"https:\\\/\\\/radioatalaiafmerechim.com.br\\\/portal\\\/a-ciencia-confirmourede-sociais-afeta-desempenho-escolar\\\/\"},\"wordCount\":266,\"commentCount\":0,\"publisher\":{\"@id\":\"https:\\\/\\\/radioatalaiafmerechim.com.br\\\/portal\\\/#organization\"},\"image\":{\"@id\":\"https:\\\/\\\/radioatalaiafmerechim.com.br\\\/portal\\\/a-ciencia-confirmourede-sociais-afeta-desempenho-escolar\\\/#primaryimage\"},\"thumbnailUrl\":\"https:\\\/\\\/radioatalaiafmerechim.com.br\\\/portal\\\/wp-content\\\/uploads\\\/2026\\\/08\\\/criancasss.gif\",\"articleSection\":[\"CI\u00caNCIA\",\"Estudo\"],\"inLanguage\":\"pt-PT\",\"potentialAction\":[{\"@type\":\"CommentAction\",\"name\":\"Comment\",\"target\":[\"https:\\\/\\\/radioatalaiafmerechim.com.br\\\/portal\\\/a-ciencia-confirmourede-sociais-afeta-desempenho-escolar\\\/#respond\"]}]},{\"@type\":\"WebPage\",\"@id\":\"https:\\\/\\\/radioatalaiafmerechim.com.br\\\/portal\\\/a-ciencia-confirmourede-sociais-afeta-desempenho-escolar\\\/\",\"url\":\"https:\\\/\\\/radioatalaiafmerechim.com.br\\\/portal\\\/a-ciencia-confirmourede-sociais-afeta-desempenho-escolar\\\/\",\"name\":\"A ci\u00eancia confirmou:\\\"REDE SOCIAIS AFETA DESEMPENHO ESCOLAR\\\". - R\u00e1dio Atalaia Fm Erechim\",\"isPartOf\":{\"@id\":\"https:\\\/\\\/radioatalaiafmerechim.com.br\\\/portal\\\/#website\"},\"primaryImageOfPage\":{\"@id\":\"https:\\\/\\\/radioatalaiafmerechim.com.br\\\/portal\\\/a-ciencia-confirmourede-sociais-afeta-desempenho-escolar\\\/#primaryimage\"},\"image\":{\"@id\":\"https:\\\/\\\/radioatalaiafmerechim.com.br\\\/portal\\\/a-ciencia-confirmourede-sociais-afeta-desempenho-escolar\\\/#primaryimage\"},\"thumbnailUrl\":\"https:\\\/\\\/radioatalaiafmerechim.com.br\\\/portal\\\/wp-content\\\/uploads\\\/2026\\\/08\\\/criancasss.gif\",\"datePublished\":\"2026-08-05T12:32:33+00:00\",\"dateModified\":\"2026-08-05T12:32:35+00:00\",\"breadcrumb\":{\"@id\":\"https:\\\/\\\/radioatalaiafmerechim.com.br\\\/portal\\\/a-ciencia-confirmourede-sociais-afeta-desempenho-escolar\\\/#breadcrumb\"},\"inLanguage\":\"pt-PT\",\"potentialAction\":[{\"@type\":\"ReadAction\",\"target\":[\"https:\\\/\\\/radioatalaiafmerechim.com.br\\\/portal\\\/a-ciencia-confirmourede-sociais-afeta-desempenho-escolar\\\/\"]}]},{\"@type\":\"ImageObject\",\"inLanguage\":\"pt-PT\",\"@id\":\"https:\\\/\\\/radioatalaiafmerechim.com.br\\\/portal\\\/a-ciencia-confirmourede-sociais-afeta-desempenho-escolar\\\/#primaryimage\",\"url\":\"https:\\\/\\\/radioatalaiafmerechim.com.br\\\/portal\\\/wp-content\\\/uploads\\\/2026\\\/08\\\/criancasss.gif\",\"contentUrl\":\"https:\\\/\\\/radioatalaiafmerechim.com.br\\\/portal\\\/wp-content\\\/uploads\\\/2026\\\/08\\\/criancasss.gif\",\"width\":480,\"height\":238},{\"@type\":\"BreadcrumbList\",\"@id\":\"https:\\\/\\\/radioatalaiafmerechim.com.br\\\/portal\\\/a-ciencia-confirmourede-sociais-afeta-desempenho-escolar\\\/#breadcrumb\",\"itemListElement\":[{\"@type\":\"ListItem\",\"position\":1,\"name\":\"In\u00edcio\",\"item\":\"https:\\\/\\\/radioatalaiafmerechim.com.br\\\/portal\\\/\"},{\"@type\":\"ListItem\",\"position\":2,\"name\":\"A ci\u00eancia confirmou:&#8221;REDE SOCIAIS AFETA DESEMPENHO ESCOLAR&#8221;.\"}]},{\"@type\":\"WebSite\",\"@id\":\"https:\\\/\\\/radioatalaiafmerechim.com.br\\\/portal\\\/#website\",\"url\":\"https:\\\/\\\/radioatalaiafmerechim.com.br\\\/portal\\\/\",\"name\":\"R\u00e1dio Atalaia Fm Erechim\",\"description\":\"\",\"publisher\":{\"@id\":\"https:\\\/\\\/radioatalaiafmerechim.com.br\\\/portal\\\/#organization\"},\"potentialAction\":[{\"@type\":\"SearchAction\",\"target\":{\"@type\":\"EntryPoint\",\"urlTemplate\":\"https:\\\/\\\/radioatalaiafmerechim.com.br\\\/portal\\\/?s={search_term_string}\"},\"query-input\":{\"@type\":\"PropertyValueSpecification\",\"valueRequired\":true,\"valueName\":\"search_term_string\"}}],\"inLanguage\":\"pt-PT\"},{\"@type\":\"Organization\",\"@id\":\"https:\\\/\\\/radioatalaiafmerechim.com.br\\\/portal\\\/#organization\",\"name\":\"R\u00e1dio Atalaia Fm Erechim\",\"url\":\"https:\\\/\\\/radioatalaiafmerechim.com.br\\\/portal\\\/\",\"logo\":{\"@type\":\"ImageObject\",\"inLanguage\":\"pt-PT\",\"@id\":\"https:\\\/\\\/radioatalaiafmerechim.com.br\\\/portal\\\/#\\\/schema\\\/logo\\\/image\\\/\",\"url\":\"https:\\\/\\\/radioatalaiafmerechim.com.br\\\/portal\\\/wp-content\\\/uploads\\\/2026\\\/08\\\/WhatsApp-Image-2026-08-20-at-19.15.33-2.jpeg\",\"contentUrl\":\"https:\\\/\\\/radioatalaiafmerechim.com.br\\\/portal\\\/wp-content\\\/uploads\\\/2026\\\/08\\\/WhatsApp-Image-2026-08-20-at-19.15.33-2.jpeg\",\"width\":1536,\"height\":1024,\"caption\":\"R\u00e1dio Atalaia Fm Erechim\"},\"image\":{\"@id\":\"https:\\\/\\\/radioatalaiafmerechim.com.br\\\/portal\\\/#\\\/schema\\\/logo\\\/image\\\/\"}},{\"@type\":\"Person\",\"@id\":\"https:\\\/\\\/radioatalaiafmerechim.com.br\\\/portal\\\/#\\\/schema\\\/person\\\/22dc9addc520b1490990ddb312f4244d\",\"name\":\"luiscarlosmattos44@gmail.com\",\"image\":{\"@type\":\"ImageObject\",\"inLanguage\":\"pt-PT\",\"@id\":\"https:\\\/\\\/secure.gravatar.com\\\/avatar\\\/3165018682ad5ebeb6c6303c432e2424711519c66b404df31f016c3cbaffbeb2?s=96&d=mm&r=g\",\"url\":\"https:\\\/\\\/secure.gravatar.com\\\/avatar\\\/3165018682ad5ebeb6c6303c432e2424711519c66b404df31f016c3cbaffbeb2?s=96&d=mm&r=g\",\"contentUrl\":\"https:\\\/\\\/secure.gravatar.com\\\/avatar\\\/3165018682ad5ebeb6c6303c432e2424711519c66b404df31f016c3cbaffbeb2?s=96&d=mm&r=g\",\"caption\":\"luiscarlosmattos44@gmail.com\"},\"sameAs\":[\"https:\\\/\\\/radioatalaiafmerechim.com.br\\\/portal\\\/\"],\"url\":\"https:\\\/\\\/radioatalaiafmerechim.com.br\\\/portal\\\/author\\\/luiscarlosmattos\\\/\"}]}<\/script>\n<!-- \/ Yoast SEO plugin. -->","yoast_head_json":{"title":"A ci\u00eancia confirmou:\"REDE SOCIAIS AFETA DESEMPENHO ESCOLAR\". - R\u00e1dio Atalaia Fm Erechim","robots":{"index":"index","follow":"follow","max-snippet":"max-snippet:-1","max-image-preview":"max-image-preview:large","max-video-preview":"max-video-preview:-1"},"canonical":"https:\/\/radioatalaiafmerechim.com.br\/portal\/a-ciencia-confirmourede-sociais-afeta-desempenho-escolar\/","og_locale":"pt_PT","og_type":"article","og_title":"A ci\u00eancia confirmou:\"REDE SOCIAIS AFETA DESEMPENHO ESCOLAR\". - R\u00e1dio Atalaia Fm Erechim","og_description":"A ci\u00eancia confirmou o que os pais j\u00e1 desconfiavam. N\u00e3o querendo alimentar a discuss\u00e3o dentro de casa, mas os pais parecem ter raz\u00e3o. Segundo um rec\u00e9m-publicado estudo na Nature que comparou +5 mil alunos italianos, crian\u00e7as que entram nas redes socais mais cedo tendem a ir pior na escola.A pesquisa descobriu que quem criou uma...","og_url":"https:\/\/radioatalaiafmerechim.com.br\/portal\/a-ciencia-confirmourede-sociais-afeta-desempenho-escolar\/","og_site_name":"R\u00e1dio Atalaia Fm Erechim","article_published_time":"2026-08-05T12:32:33+00:00","article_modified_time":"2026-08-05T12:32:35+00:00","og_image":[{"url":"https:\/\/conexaoerechim.com.br\/wp-content\/uploads\/2026\/08\/criancasss.gif","width":480,"height":238,"type":"image\/gif"}],"author":"luiscarlosmattos44@gmail.com","twitter_card":"summary_large_image","twitter_misc":{"Escrito por":"luiscarlosmattos44@gmail.com","Tempo estimado de leitura":"2 minutos"},"schema":{"@context":"https:\/\/schema.org","@graph":[{"@type":"Article","@id":"https:\/\/radioatalaiafmerechim.com.br\/portal\/a-ciencia-confirmourede-sociais-afeta-desempenho-escolar\/#article","isPartOf":{"@id":"https:\/\/radioatalaiafmerechim.com.br\/portal\/a-ciencia-confirmourede-sociais-afeta-desempenho-escolar\/"},"author":{"name":"luiscarlosmattos44@gmail.com","@id":"https:\/\/radioatalaiafmerechim.com.br\/portal\/#\/schema\/person\/22dc9addc520b1490990ddb312f4244d"},"headline":"A ci\u00eancia confirmou:&#8221;REDE SOCIAIS AFETA DESEMPENHO ESCOLAR&#8221;.","datePublished":"2026-08-05T12:32:33+00:00","dateModified":"2026-08-05T12:32:35+00:00","mainEntityOfPage":{"@id":"https:\/\/radioatalaiafmerechim.com.br\/portal\/a-ciencia-confirmourede-sociais-afeta-desempenho-escolar\/"},"wordCount":266,"commentCount":0,"publisher":{"@id":"https:\/\/radioatalaiafmerechim.com.br\/portal\/#organization"},"image":{"@id":"https:\/\/radioatalaiafmerechim.com.br\/portal\/a-ciencia-confirmourede-sociais-afeta-desempenho-escolar\/#primaryimage"},"thumbnailUrl":"https:\/\/radioatalaiafmerechim.com.br\/portal\/wp-content\/uploads\/2026\/08\/criancasss.gif","articleSection":["CI\u00caNCIA","Estudo"],"inLanguage":"pt-PT","potentialAction":[{"@type":"CommentAction","name":"Comment","target":["https:\/\/radioatalaiafmerechim.com.br\/portal\/a-ciencia-confirmourede-sociais-afeta-desempenho-escolar\/#respond"]}]},{"@type":"WebPage","@id":"https:\/\/radioatalaiafmerechim.com.br\/portal\/a-ciencia-confirmourede-sociais-afeta-desempenho-escolar\/","url":"https:\/\/radioatalaiafmerechim.com.br\/portal\/a-ciencia-confirmourede-sociais-afeta-desempenho-escolar\/","name":"A ci\u00eancia confirmou:\"REDE SOCIAIS AFETA DESEMPENHO ESCOLAR\". - R\u00e1dio Atalaia Fm Erechim","isPartOf":{"@id":"https:\/\/radioatalaiafmerechim.com.br\/portal\/#website"},"primaryImageOfPage":{"@id":"https:\/\/radioatalaiafmerechim.com.br\/portal\/a-ciencia-confirmourede-sociais-afeta-desempenho-escolar\/#primaryimage"},"image":{"@id":"https:\/\/radioatalaiafmerechim.com.br\/portal\/a-ciencia-confirmourede-sociais-afeta-desempenho-escolar\/#primaryimage"},"thumbnailUrl":"https:\/\/radioatalaiafmerechim.com.br\/portal\/wp-content\/uploads\/2026\/08\/criancasss.gif","datePublished":"2026-08-05T12:32:33+00:00","dateModified":"2026-08-05T12:32:35+00:00","breadcrumb":{"@id":"https:\/\/radioatalaiafmerechim.com.br\/portal\/a-ciencia-confirmourede-sociais-afeta-desempenho-escolar\/#breadcrumb"},"inLanguage":"pt-PT","potentialAction":[{"@type":"ReadAction","target":["https:\/\/radioatalaiafmerechim.com.br\/portal\/a-ciencia-confirmourede-sociais-afeta-desempenho-escolar\/"]}]},{"@type":"ImageObject","inLanguage":"pt-PT","@id":"https:\/\/radioatalaiafmerechim.com.br\/portal\/a-ciencia-confirmourede-sociais-afeta-desempenho-escolar\/#primaryimage","url":"https:\/\/radioatalaiafmerechim.com.br\/portal\/wp-content\/uploads\/2026\/08\/criancasss.gif","contentUrl":"https:\/\/radioatalaiafmerechim.com.br\/portal\/wp-content\/uploads\/2026\/08\/criancasss.gif","width":480,"height":238},{"@type":"BreadcrumbList","@id":"https:\/\/radioatalaiafmerechim.com.br\/portal\/a-ciencia-confirmourede-sociais-afeta-desempenho-escolar\/#breadcrumb","itemListElement":[{"@type":"ListItem","position":1,"name":"In\u00edcio","item":"https:\/\/radioatalaiafmerechim.com.br\/portal\/"},{"@type":"ListItem","position":2,"name":"A ci\u00eancia confirmou:&#8221;REDE SOCIAIS AFETA DESEMPENHO ESCOLAR&#8221;."}]},{"@type":"WebSite","@id":"https:\/\/radioatalaiafmerechim.com.br\/portal\/#website","url":"https:\/\/radioatalaiafmerechim.com.br\/portal\/","name":"R\u00e1dio Atalaia Fm Erechim","description":"","publisher":{"@id":"https:\/\/radioatalaiafmerechim.com.br\/portal\/#organization"},"potentialAction":[{"@type":"SearchAction","target":{"@type":"EntryPoint","urlTemplate":"https:\/\/radioatalaiafmerechim.com.br\/portal\/?s={search_term_string}"},"query-input":{"@type":"PropertyValueSpecification","valueRequired":true,"valueName":"search_term_string"}}],"inLanguage":"pt-PT"},{"@type":"Organization","@id":"https:\/\/radioatalaiafmerechim.com.br\/portal\/#organization","name":"R\u00e1dio Atalaia Fm Erechim","url":"https:\/\/radioatalaiafmerechim.com.br\/portal\/","logo":{"@type":"ImageObject","inLanguage":"pt-PT","@id":"https:\/\/radioatalaiafmerechim.com.br\/portal\/#\/schema\/logo\/image\/","url":"https:\/\/radioatalaiafmerechim.com.br\/portal\/wp-content\/uploads\/2026\/08\/WhatsApp-Image-2026-08-20-at-19.15.33-2.jpeg","contentUrl":"https:\/\/radioatalaiafmerechim.com.br\/portal\/wp-content\/uploads\/2026\/08\/WhatsApp-Image-2026-08-20-at-19.15.33-2.jpeg","width":1536,"height":1024,"caption":"R\u00e1dio Atalaia Fm Erechim"},"image":{"@id":"https:\/\/radioatalaiafmerechim.com.br\/portal\/#\/schema\/logo\/image\/"}},{"@type":"Person","@id":"https:\/\/radioatalaiafmerechim.com.br\/portal\/#\/schema\/person\/22dc9addc520b1490990ddb312f4244d","name":"luiscarlosmattos44@gmail.com","image":{"@type":"ImageObject","inLanguage":"pt-PT","@id":"https:\/\/secure.gravatar.com\/avatar\/3165018682ad5ebeb6c6303c432e2424711519c66b404df31f016c3cbaffbeb2?s=96&d=mm&r=g","url":"https:\/\/secure.gravatar.com\/avatar\/3165018682ad5ebeb6c6303c432e2424711519c66b404df31f016c3cbaffbeb2?s=96&d=mm&r=g","contentUrl":"https:\/\/secure.gravatar.com\/avatar\/3165018682ad5ebeb6c6303c432e2424711519c66b404df31f016c3cbaffbeb2?s=96&d=mm&r=g","caption":"luiscarlosmattos44@gmail.com"},"sameAs":["https:\/\/radioatalaiafmerechim.com.br\/portal\/"],"url":"https:\/\/radioatalaiafmerechim.com.br\/portal\/author\/luiscarlosmattos\/"}]}},"_links":{"self":[{"href":"https:\/\/radioatalaiafmerechim.com.br\/portal\/wp-json\/wp\/v2\/posts\/12305","targetHints":{"allow":["GET"]}}],"collection":[{"href":"https:\/\/radioatalaiafmerechim.com.br\/portal\/wp-json\/wp\/v2\/posts"}],"about":[{"href":"https:\/\/radioatalaiafmerechim.com.br\/portal\/wp-json\/wp\/v2\/types\/post"}],"author":[{"embeddable":true,"href":"https:\/\/radioatalaiafmerechim.com.br\/portal\/wp-json\/wp\/v2\/users\/4"}],"replies":[{"embeddable":true,"href":"https:\/\/radioatalaiafmerechim.com.br\/portal\/wp-json\/wp\/v2\/comments?post=12305"}],"version-history":[{"count":1,"href":"https:\/\/radioatalaiafmerechim.com.br\/portal\/wp-json\/wp\/v2\/posts\/12305\/revisions"}],"predecessor-version":[{"id":12309,"href":"https:\/\/radioatalaiafmerechim.com.br\/portal\/wp-json\/wp\/v2\/posts\/12305\/revisions\/12309"}],"wp:featuredmedia":[{"embeddable":true,"href":"https:\/\/radioatalaiafmerechim.com.br\/portal\/wp-json\/wp\/v2\/media\/12308"}],"wp:attachment":[{"href":"https:\/\/radioatalaiafmerechim.com.br\/portal\/wp-json\/wp\/v2\/media?parent=12305"}],"wp:term":[{"taxonomy":"category","embeddable":true,"href":"https:\/\/radioatalaiafmerechim.com.br\/portal\/wp-json\/wp\/v2\/categories?post=12305"},{"taxonomy":"post_tag","embeddable":true,"href":"https:\/\/radioatalaiafmerechim.com.br\/portal\/wp-json\/wp\/v2\/tags?post=12305"}],"curies":[{"name":"wp","href":"https:\/\/api.w.org\/{rel}","templated":true}]}}