{"id":12287,"date":"2026-08-04T09:40:33","date_gmt":"2026-08-04T12:40:33","guid":{"rendered":"https:\/\/conexaoerechim.com.br\/?p=12287"},"modified":"2026-08-04T09:40:35","modified_gmt":"2026-08-04T12:40:35","slug":"cearaestatua-ao-diabo-de-11-metros-e-inaugurada","status":"publish","type":"post","link":"https:\/\/radioatalaiafmerechim.com.br\/portal\/cearaestatua-ao-diabo-de-11-metros-e-inaugurada\/","title":{"rendered":"Cear\u00e1;Est\u00e1tua ao Diabo de 11 metros\u00a0\u00e9 inaugurada."},"content":{"rendered":"\n<p class=\"has-medium-font-size wp-block-paragraph\">Uma escultura representativa do diabo com 11 metros de altura foi erguida no distrito de Ta\u00edba, em S\u00e3o Gon\u00e7alo do Amarante, na Regi\u00e3o Metropolitana de Fortaleza. A estrutura foi erguida em um terreno particular por um l\u00edder espiritual de quimbanda, gerando forte rea\u00e7\u00e3o de moradores e representantes crist\u00e3os locais, conforme informa\u00e7\u00f5es divulgadas pelo portal de not\u00edcias G1<br>O monumento demandou um investimento de aproximadamente 100 mil reais, custeado integralmente com recursos particulares do idealizador da obra. O respons\u00e1vel pelo projeto \u00e9 o l\u00edder do Pal\u00e1cio Estrela Negra da Quimbanda, conhecido como \u201cM\u00e3e Rainha das Trevas\u201d, que executou a constru\u00e7\u00e3o em sua propriedade privada com o suporte t\u00e9cnico de um engenheiro. O idealizador afirma que a estrutura \u00e9 a maior representa\u00e7\u00e3o do g\u00eanero no mundo, embora n\u00e3o existam registros oficiais que comprovem a alega\u00e7\u00e3o.<br>Rea\u00e7\u00f5es da comunidade e posicionamento das lideran\u00e7as<br>A instala\u00e7\u00e3o provocou forte oposi\u00e7\u00e3o por parte de lideran\u00e7as evang\u00e9licas e pol\u00edticas do estado, que apontam impactos simb\u00f3licos e espirituais na comunidade local.(folhaGospel)<\/p>\n\n\n\n<p class=\"wp-block-paragraph\"><\/p>\n","protected":false},"excerpt":{"rendered":"<p>Uma escultura representativa do diabo com 11 metros de altura foi erguida no distrito de Ta\u00edba, em S\u00e3o Gon\u00e7alo do Amarante, na Regi\u00e3o Metropolitana de Fortaleza. A estrutura foi erguida em um terreno particular por um l\u00edder espiritual de quimbanda, gerando forte rea\u00e7\u00e3o de moradores e representantes crist\u00e3os locais, conforme informa\u00e7\u00f5es divulgadas pelo portal de&#8230;<\/p>\n","protected":false},"author":4,"featured_media":12290,"comment_status":"open","ping_status":"open","sticky":false,"template":"","format":"standard","meta":{"pagelayer_contact_templates":[],"_pagelayer_content":"","footnotes":""},"categories":[47,50],"tags":[],"class_list":["post-12287","post","type-post","status-publish","format-standard","has-post-thumbnail","hentry","category-brasil","category-noticias"],"yoast_head":"<!-- This site is optimized with the Yoast SEO plugin v28.3 - https:\/\/yoast.com\/product\/yoast-seo-wordpress\/ -->\n<title>Cear\u00e1;Est\u00e1tua ao Diabo de 11 metros\u00a0\u00e9 inaugurada. - R\u00e1dio Atalaia Fm Erechim<\/title>\n<meta name=\"robots\" content=\"index, follow, max-snippet:-1, max-image-preview:large, max-video-preview:-1\" \/>\n<link rel=\"canonical\" href=\"https:\/\/radioatalaiafmerechim.com.br\/portal\/cearaestatua-ao-diabo-de-11-metros-e-inaugurada\/\" \/>\n<meta property=\"og:locale\" content=\"pt_PT\" \/>\n<meta property=\"og:type\" content=\"article\" \/>\n<meta property=\"og:title\" content=\"Cear\u00e1;Est\u00e1tua ao Diabo de 11 metros\u00a0\u00e9 inaugurada. - R\u00e1dio Atalaia Fm Erechim\" \/>\n<meta property=\"og:description\" content=\"Uma escultura representativa do diabo com 11 metros de altura foi erguida no distrito de Ta\u00edba, em S\u00e3o Gon\u00e7alo do Amarante, na Regi\u00e3o Metropolitana de Fortaleza. A estrutura foi erguida em um terreno particular por um l\u00edder espiritual de quimbanda, gerando forte rea\u00e7\u00e3o de moradores e representantes crist\u00e3os locais, conforme informa\u00e7\u00f5es divulgadas pelo portal de...\" \/>\n<meta property=\"og:url\" content=\"https:\/\/radioatalaiafmerechim.com.br\/portal\/cearaestatua-ao-diabo-de-11-metros-e-inaugurada\/\" \/>\n<meta property=\"og:site_name\" content=\"R\u00e1dio Atalaia Fm Erechim\" \/>\n<meta property=\"article:published_time\" content=\"2026-08-04T12:40:33+00:00\" \/>\n<meta property=\"article:modified_time\" content=\"2026-08-04T12:40:35+00:00\" \/>\n<meta property=\"og:image\" content=\"https:\/\/conexaoerechim.com.br\/wp-content\/uploads\/2026\/08\/ENCARDIDO.webp\" \/>\n\t<meta property=\"og:image:width\" content=\"696\" \/>\n\t<meta property=\"og:image:height\" content=\"348\" \/>\n\t<meta property=\"og:image:type\" content=\"image\/webp\" \/>\n<meta name=\"author\" content=\"luiscarlosmattos44@gmail.com\" \/>\n<meta name=\"twitter:card\" content=\"summary_large_image\" \/>\n<meta name=\"twitter:label1\" content=\"Escrito por\" \/>\n\t<meta name=\"twitter:data1\" content=\"luiscarlosmattos44@gmail.com\" \/>\n\t<meta name=\"twitter:label2\" content=\"Tempo estimado de leitura\" \/>\n\t<meta name=\"twitter:data2\" content=\"2 minutos\" \/>\n<script type=\"application\/ld+json\" class=\"yoast-schema-graph\">{\"@context\":\"https:\\\/\\\/schema.org\",\"@graph\":[{\"@type\":\"Article\",\"@id\":\"https:\\\/\\\/radioatalaiafmerechim.com.br\\\/portal\\\/cearaestatua-ao-diabo-de-11-metros-e-inaugurada\\\/#article\",\"isPartOf\":{\"@id\":\"https:\\\/\\\/radioatalaiafmerechim.com.br\\\/portal\\\/cearaestatua-ao-diabo-de-11-metros-e-inaugurada\\\/\"},\"author\":{\"name\":\"luiscarlosmattos44@gmail.com\",\"@id\":\"https:\\\/\\\/radioatalaiafmerechim.com.br\\\/portal\\\/#\\\/schema\\\/person\\\/22dc9addc520b1490990ddb312f4244d\"},\"headline\":\"Cear\u00e1;Est\u00e1tua ao Diabo de 11 metros\u00a0\u00e9 inaugurada.\",\"datePublished\":\"2026-08-04T12:40:33+00:00\",\"dateModified\":\"2026-08-04T12:40:35+00:00\",\"mainEntityOfPage\":{\"@id\":\"https:\\\/\\\/radioatalaiafmerechim.com.br\\\/portal\\\/cearaestatua-ao-diabo-de-11-metros-e-inaugurada\\\/\"},\"wordCount\":194,\"commentCount\":0,\"publisher\":{\"@id\":\"https:\\\/\\\/radioatalaiafmerechim.com.br\\\/portal\\\/#organization\"},\"image\":{\"@id\":\"https:\\\/\\\/radioatalaiafmerechim.com.br\\\/portal\\\/cearaestatua-ao-diabo-de-11-metros-e-inaugurada\\\/#primaryimage\"},\"thumbnailUrl\":\"https:\\\/\\\/radioatalaiafmerechim.com.br\\\/portal\\\/wp-content\\\/uploads\\\/2026\\\/08\\\/ENCARDIDO.webp\",\"articleSection\":[\"BRASIL\",\"NOTICIAS\"],\"inLanguage\":\"pt-PT\",\"potentialAction\":[{\"@type\":\"CommentAction\",\"name\":\"Comment\",\"target\":[\"https:\\\/\\\/radioatalaiafmerechim.com.br\\\/portal\\\/cearaestatua-ao-diabo-de-11-metros-e-inaugurada\\\/#respond\"]}]},{\"@type\":\"WebPage\",\"@id\":\"https:\\\/\\\/radioatalaiafmerechim.com.br\\\/portal\\\/cearaestatua-ao-diabo-de-11-metros-e-inaugurada\\\/\",\"url\":\"https:\\\/\\\/radioatalaiafmerechim.com.br\\\/portal\\\/cearaestatua-ao-diabo-de-11-metros-e-inaugurada\\\/\",\"name\":\"Cear\u00e1;Est\u00e1tua ao Diabo de 11 metros\u00a0\u00e9 inaugurada. - R\u00e1dio Atalaia Fm Erechim\",\"isPartOf\":{\"@id\":\"https:\\\/\\\/radioatalaiafmerechim.com.br\\\/portal\\\/#website\"},\"primaryImageOfPage\":{\"@id\":\"https:\\\/\\\/radioatalaiafmerechim.com.br\\\/portal\\\/cearaestatua-ao-diabo-de-11-metros-e-inaugurada\\\/#primaryimage\"},\"image\":{\"@id\":\"https:\\\/\\\/radioatalaiafmerechim.com.br\\\/portal\\\/cearaestatua-ao-diabo-de-11-metros-e-inaugurada\\\/#primaryimage\"},\"thumbnailUrl\":\"https:\\\/\\\/radioatalaiafmerechim.com.br\\\/portal\\\/wp-content\\\/uploads\\\/2026\\\/08\\\/ENCARDIDO.webp\",\"datePublished\":\"2026-08-04T12:40:33+00:00\",\"dateModified\":\"2026-08-04T12:40:35+00:00\",\"breadcrumb\":{\"@id\":\"https:\\\/\\\/radioatalaiafmerechim.com.br\\\/portal\\\/cearaestatua-ao-diabo-de-11-metros-e-inaugurada\\\/#breadcrumb\"},\"inLanguage\":\"pt-PT\",\"potentialAction\":[{\"@type\":\"ReadAction\",\"target\":[\"https:\\\/\\\/radioatalaiafmerechim.com.br\\\/portal\\\/cearaestatua-ao-diabo-de-11-metros-e-inaugurada\\\/\"]}]},{\"@type\":\"ImageObject\",\"inLanguage\":\"pt-PT\",\"@id\":\"https:\\\/\\\/radioatalaiafmerechim.com.br\\\/portal\\\/cearaestatua-ao-diabo-de-11-metros-e-inaugurada\\\/#primaryimage\",\"url\":\"https:\\\/\\\/radioatalaiafmerechim.com.br\\\/portal\\\/wp-content\\\/uploads\\\/2026\\\/08\\\/ENCARDIDO.webp\",\"contentUrl\":\"https:\\\/\\\/radioatalaiafmerechim.com.br\\\/portal\\\/wp-content\\\/uploads\\\/2026\\\/08\\\/ENCARDIDO.webp\",\"width\":696,\"height\":348},{\"@type\":\"BreadcrumbList\",\"@id\":\"https:\\\/\\\/radioatalaiafmerechim.com.br\\\/portal\\\/cearaestatua-ao-diabo-de-11-metros-e-inaugurada\\\/#breadcrumb\",\"itemListElement\":[{\"@type\":\"ListItem\",\"position\":1,\"name\":\"In\u00edcio\",\"item\":\"https:\\\/\\\/radioatalaiafmerechim.com.br\\\/portal\\\/\"},{\"@type\":\"ListItem\",\"position\":2,\"name\":\"Cear\u00e1;Est\u00e1tua ao Diabo de 11 metros\u00a0\u00e9 inaugurada.\"}]},{\"@type\":\"WebSite\",\"@id\":\"https:\\\/\\\/radioatalaiafmerechim.com.br\\\/portal\\\/#website\",\"url\":\"https:\\\/\\\/radioatalaiafmerechim.com.br\\\/portal\\\/\",\"name\":\"R\u00e1dio Atalaia Fm Erechim\",\"description\":\"\",\"publisher\":{\"@id\":\"https:\\\/\\\/radioatalaiafmerechim.com.br\\\/portal\\\/#organization\"},\"potentialAction\":[{\"@type\":\"SearchAction\",\"target\":{\"@type\":\"EntryPoint\",\"urlTemplate\":\"https:\\\/\\\/radioatalaiafmerechim.com.br\\\/portal\\\/?s={search_term_string}\"},\"query-input\":{\"@type\":\"PropertyValueSpecification\",\"valueRequired\":true,\"valueName\":\"search_term_string\"}}],\"inLanguage\":\"pt-PT\"},{\"@type\":\"Organization\",\"@id\":\"https:\\\/\\\/radioatalaiafmerechim.com.br\\\/portal\\\/#organization\",\"name\":\"R\u00e1dio Atalaia Fm Erechim\",\"url\":\"https:\\\/\\\/radioatalaiafmerechim.com.br\\\/portal\\\/\",\"logo\":{\"@type\":\"ImageObject\",\"inLanguage\":\"pt-PT\",\"@id\":\"https:\\\/\\\/radioatalaiafmerechim.com.br\\\/portal\\\/#\\\/schema\\\/logo\\\/image\\\/\",\"url\":\"https:\\\/\\\/radioatalaiafmerechim.com.br\\\/portal\\\/wp-content\\\/uploads\\\/2026\\\/08\\\/WhatsApp-Image-2026-08-20-at-19.15.33-2.jpeg\",\"contentUrl\":\"https:\\\/\\\/radioatalaiafmerechim.com.br\\\/portal\\\/wp-content\\\/uploads\\\/2026\\\/08\\\/WhatsApp-Image-2026-08-20-at-19.15.33-2.jpeg\",\"width\":1536,\"height\":1024,\"caption\":\"R\u00e1dio Atalaia Fm Erechim\"},\"image\":{\"@id\":\"https:\\\/\\\/radioatalaiafmerechim.com.br\\\/portal\\\/#\\\/schema\\\/logo\\\/image\\\/\"}},{\"@type\":\"Person\",\"@id\":\"https:\\\/\\\/radioatalaiafmerechim.com.br\\\/portal\\\/#\\\/schema\\\/person\\\/22dc9addc520b1490990ddb312f4244d\",\"name\":\"luiscarlosmattos44@gmail.com\",\"image\":{\"@type\":\"ImageObject\",\"inLanguage\":\"pt-PT\",\"@id\":\"https:\\\/\\\/secure.gravatar.com\\\/avatar\\\/3165018682ad5ebeb6c6303c432e2424711519c66b404df31f016c3cbaffbeb2?s=96&d=mm&r=g\",\"url\":\"https:\\\/\\\/secure.gravatar.com\\\/avatar\\\/3165018682ad5ebeb6c6303c432e2424711519c66b404df31f016c3cbaffbeb2?s=96&d=mm&r=g\",\"contentUrl\":\"https:\\\/\\\/secure.gravatar.com\\\/avatar\\\/3165018682ad5ebeb6c6303c432e2424711519c66b404df31f016c3cbaffbeb2?s=96&d=mm&r=g\",\"caption\":\"luiscarlosmattos44@gmail.com\"},\"sameAs\":[\"https:\\\/\\\/radioatalaiafmerechim.com.br\\\/portal\\\/\"],\"url\":\"https:\\\/\\\/radioatalaiafmerechim.com.br\\\/portal\\\/author\\\/luiscarlosmattos\\\/\"}]}<\/script>\n<!-- \/ Yoast SEO plugin. -->","yoast_head_json":{"title":"Cear\u00e1;Est\u00e1tua ao Diabo de 11 metros\u00a0\u00e9 inaugurada. - R\u00e1dio Atalaia Fm Erechim","robots":{"index":"index","follow":"follow","max-snippet":"max-snippet:-1","max-image-preview":"max-image-preview:large","max-video-preview":"max-video-preview:-1"},"canonical":"https:\/\/radioatalaiafmerechim.com.br\/portal\/cearaestatua-ao-diabo-de-11-metros-e-inaugurada\/","og_locale":"pt_PT","og_type":"article","og_title":"Cear\u00e1;Est\u00e1tua ao Diabo de 11 metros\u00a0\u00e9 inaugurada. - R\u00e1dio Atalaia Fm Erechim","og_description":"Uma escultura representativa do diabo com 11 metros de altura foi erguida no distrito de Ta\u00edba, em S\u00e3o Gon\u00e7alo do Amarante, na Regi\u00e3o Metropolitana de Fortaleza. A estrutura foi erguida em um terreno particular por um l\u00edder espiritual de quimbanda, gerando forte rea\u00e7\u00e3o de moradores e representantes crist\u00e3os locais, conforme informa\u00e7\u00f5es divulgadas pelo portal de...","og_url":"https:\/\/radioatalaiafmerechim.com.br\/portal\/cearaestatua-ao-diabo-de-11-metros-e-inaugurada\/","og_site_name":"R\u00e1dio Atalaia Fm Erechim","article_published_time":"2026-08-04T12:40:33+00:00","article_modified_time":"2026-08-04T12:40:35+00:00","og_image":[{"width":696,"height":348,"url":"https:\/\/conexaoerechim.com.br\/wp-content\/uploads\/2026\/08\/ENCARDIDO.webp","type":"image\/webp"}],"author":"luiscarlosmattos44@gmail.com","twitter_card":"summary_large_image","twitter_misc":{"Escrito por":"luiscarlosmattos44@gmail.com","Tempo estimado de leitura":"2 minutos"},"schema":{"@context":"https:\/\/schema.org","@graph":[{"@type":"Article","@id":"https:\/\/radioatalaiafmerechim.com.br\/portal\/cearaestatua-ao-diabo-de-11-metros-e-inaugurada\/#article","isPartOf":{"@id":"https:\/\/radioatalaiafmerechim.com.br\/portal\/cearaestatua-ao-diabo-de-11-metros-e-inaugurada\/"},"author":{"name":"luiscarlosmattos44@gmail.com","@id":"https:\/\/radioatalaiafmerechim.com.br\/portal\/#\/schema\/person\/22dc9addc520b1490990ddb312f4244d"},"headline":"Cear\u00e1;Est\u00e1tua ao Diabo de 11 metros\u00a0\u00e9 inaugurada.","datePublished":"2026-08-04T12:40:33+00:00","dateModified":"2026-08-04T12:40:35+00:00","mainEntityOfPage":{"@id":"https:\/\/radioatalaiafmerechim.com.br\/portal\/cearaestatua-ao-diabo-de-11-metros-e-inaugurada\/"},"wordCount":194,"commentCount":0,"publisher":{"@id":"https:\/\/radioatalaiafmerechim.com.br\/portal\/#organization"},"image":{"@id":"https:\/\/radioatalaiafmerechim.com.br\/portal\/cearaestatua-ao-diabo-de-11-metros-e-inaugurada\/#primaryimage"},"thumbnailUrl":"https:\/\/radioatalaiafmerechim.com.br\/portal\/wp-content\/uploads\/2026\/08\/ENCARDIDO.webp","articleSection":["BRASIL","NOTICIAS"],"inLanguage":"pt-PT","potentialAction":[{"@type":"CommentAction","name":"Comment","target":["https:\/\/radioatalaiafmerechim.com.br\/portal\/cearaestatua-ao-diabo-de-11-metros-e-inaugurada\/#respond"]}]},{"@type":"WebPage","@id":"https:\/\/radioatalaiafmerechim.com.br\/portal\/cearaestatua-ao-diabo-de-11-metros-e-inaugurada\/","url":"https:\/\/radioatalaiafmerechim.com.br\/portal\/cearaestatua-ao-diabo-de-11-metros-e-inaugurada\/","name":"Cear\u00e1;Est\u00e1tua ao Diabo de 11 metros\u00a0\u00e9 inaugurada. - R\u00e1dio Atalaia Fm Erechim","isPartOf":{"@id":"https:\/\/radioatalaiafmerechim.com.br\/portal\/#website"},"primaryImageOfPage":{"@id":"https:\/\/radioatalaiafmerechim.com.br\/portal\/cearaestatua-ao-diabo-de-11-metros-e-inaugurada\/#primaryimage"},"image":{"@id":"https:\/\/radioatalaiafmerechim.com.br\/portal\/cearaestatua-ao-diabo-de-11-metros-e-inaugurada\/#primaryimage"},"thumbnailUrl":"https:\/\/radioatalaiafmerechim.com.br\/portal\/wp-content\/uploads\/2026\/08\/ENCARDIDO.webp","datePublished":"2026-08-04T12:40:33+00:00","dateModified":"2026-08-04T12:40:35+00:00","breadcrumb":{"@id":"https:\/\/radioatalaiafmerechim.com.br\/portal\/cearaestatua-ao-diabo-de-11-metros-e-inaugurada\/#breadcrumb"},"inLanguage":"pt-PT","potentialAction":[{"@type":"ReadAction","target":["https:\/\/radioatalaiafmerechim.com.br\/portal\/cearaestatua-ao-diabo-de-11-metros-e-inaugurada\/"]}]},{"@type":"ImageObject","inLanguage":"pt-PT","@id":"https:\/\/radioatalaiafmerechim.com.br\/portal\/cearaestatua-ao-diabo-de-11-metros-e-inaugurada\/#primaryimage","url":"https:\/\/radioatalaiafmerechim.com.br\/portal\/wp-content\/uploads\/2026\/08\/ENCARDIDO.webp","contentUrl":"https:\/\/radioatalaiafmerechim.com.br\/portal\/wp-content\/uploads\/2026\/08\/ENCARDIDO.webp","width":696,"height":348},{"@type":"BreadcrumbList","@id":"https:\/\/radioatalaiafmerechim.com.br\/portal\/cearaestatua-ao-diabo-de-11-metros-e-inaugurada\/#breadcrumb","itemListElement":[{"@type":"ListItem","position":1,"name":"In\u00edcio","item":"https:\/\/radioatalaiafmerechim.com.br\/portal\/"},{"@type":"ListItem","position":2,"name":"Cear\u00e1;Est\u00e1tua ao Diabo de 11 metros\u00a0\u00e9 inaugurada."}]},{"@type":"WebSite","@id":"https:\/\/radioatalaiafmerechim.com.br\/portal\/#website","url":"https:\/\/radioatalaiafmerechim.com.br\/portal\/","name":"R\u00e1dio Atalaia Fm Erechim","description":"","publisher":{"@id":"https:\/\/radioatalaiafmerechim.com.br\/portal\/#organization"},"potentialAction":[{"@type":"SearchAction","target":{"@type":"EntryPoint","urlTemplate":"https:\/\/radioatalaiafmerechim.com.br\/portal\/?s={search_term_string}"},"query-input":{"@type":"PropertyValueSpecification","valueRequired":true,"valueName":"search_term_string"}}],"inLanguage":"pt-PT"},{"@type":"Organization","@id":"https:\/\/radioatalaiafmerechim.com.br\/portal\/#organization","name":"R\u00e1dio Atalaia Fm Erechim","url":"https:\/\/radioatalaiafmerechim.com.br\/portal\/","logo":{"@type":"ImageObject","inLanguage":"pt-PT","@id":"https:\/\/radioatalaiafmerechim.com.br\/portal\/#\/schema\/logo\/image\/","url":"https:\/\/radioatalaiafmerechim.com.br\/portal\/wp-content\/uploads\/2026\/08\/WhatsApp-Image-2026-08-20-at-19.15.33-2.jpeg","contentUrl":"https:\/\/radioatalaiafmerechim.com.br\/portal\/wp-content\/uploads\/2026\/08\/WhatsApp-Image-2026-08-20-at-19.15.33-2.jpeg","width":1536,"height":1024,"caption":"R\u00e1dio Atalaia Fm Erechim"},"image":{"@id":"https:\/\/radioatalaiafmerechim.com.br\/portal\/#\/schema\/logo\/image\/"}},{"@type":"Person","@id":"https:\/\/radioatalaiafmerechim.com.br\/portal\/#\/schema\/person\/22dc9addc520b1490990ddb312f4244d","name":"luiscarlosmattos44@gmail.com","image":{"@type":"ImageObject","inLanguage":"pt-PT","@id":"https:\/\/secure.gravatar.com\/avatar\/3165018682ad5ebeb6c6303c432e2424711519c66b404df31f016c3cbaffbeb2?s=96&d=mm&r=g","url":"https:\/\/secure.gravatar.com\/avatar\/3165018682ad5ebeb6c6303c432e2424711519c66b404df31f016c3cbaffbeb2?s=96&d=mm&r=g","contentUrl":"https:\/\/secure.gravatar.com\/avatar\/3165018682ad5ebeb6c6303c432e2424711519c66b404df31f016c3cbaffbeb2?s=96&d=mm&r=g","caption":"luiscarlosmattos44@gmail.com"},"sameAs":["https:\/\/radioatalaiafmerechim.com.br\/portal\/"],"url":"https:\/\/radioatalaiafmerechim.com.br\/portal\/author\/luiscarlosmattos\/"}]}},"_links":{"self":[{"href":"https:\/\/radioatalaiafmerechim.com.br\/portal\/wp-json\/wp\/v2\/posts\/12287","targetHints":{"allow":["GET"]}}],"collection":[{"href":"https:\/\/radioatalaiafmerechim.com.br\/portal\/wp-json\/wp\/v2\/posts"}],"about":[{"href":"https:\/\/radioatalaiafmerechim.com.br\/portal\/wp-json\/wp\/v2\/types\/post"}],"author":[{"embeddable":true,"href":"https:\/\/radioatalaiafmerechim.com.br\/portal\/wp-json\/wp\/v2\/users\/4"}],"replies":[{"embeddable":true,"href":"https:\/\/radioatalaiafmerechim.com.br\/portal\/wp-json\/wp\/v2\/comments?post=12287"}],"version-history":[{"count":1,"href":"https:\/\/radioatalaiafmerechim.com.br\/portal\/wp-json\/wp\/v2\/posts\/12287\/revisions"}],"predecessor-version":[{"id":12291,"href":"https:\/\/radioatalaiafmerechim.com.br\/portal\/wp-json\/wp\/v2\/posts\/12287\/revisions\/12291"}],"wp:featuredmedia":[{"embeddable":true,"href":"https:\/\/radioatalaiafmerechim.com.br\/portal\/wp-json\/wp\/v2\/media\/12290"}],"wp:attachment":[{"href":"https:\/\/radioatalaiafmerechim.com.br\/portal\/wp-json\/wp\/v2\/media?parent=12287"}],"wp:term":[{"taxonomy":"category","embeddable":true,"href":"https:\/\/radioatalaiafmerechim.com.br\/portal\/wp-json\/wp\/v2\/categories?post=12287"},{"taxonomy":"post_tag","embeddable":true,"href":"https:\/\/radioatalaiafmerechim.com.br\/portal\/wp-json\/wp\/v2\/tags?post=12287"}],"curies":[{"name":"wp","href":"https:\/\/api.w.org\/{rel}","templated":true}]}}