{"id":12282,"date":"2026-08-04T09:08:32","date_gmt":"2026-08-04T12:08:32","guid":{"rendered":"https:\/\/conexaoerechim.com.br\/?p=12282"},"modified":"2026-08-04T09:08:35","modified_gmt":"2026-08-04T12:08:35","slug":"vagas-sine-erechim","status":"publish","type":"post","link":"https:\/\/radioatalaiafmerechim.com.br\/portal\/vagas-sine-erechim\/","title":{"rendered":"VAGAS  SINE ERECHIM!"},"content":{"rendered":"\n<p class=\"wp-block-paragraph\">VAGAS SINE ERECHIM<br>AGOSTO 2026<\/p>\n\n\n\n<ul class=\"wp-block-list\">\n<li>-A\u00c7OUGUEIRO &#8211;<\/li>\n\n\n\n<li>-ALMOXARIFE<\/li>\n\n\n\n<li>-ANALISTA DE REDES E COMUNICA\u00c7\u00d5ES DE DADOS<\/li>\n\n\n\n<li>-ANALISTA DE CONTROLE DE QUALIDADE<\/li>\n\n\n\n<li>-AUXILIAR DE LIMPEZA<\/li>\n\n\n\n<li>&#8211; AUXILIAR DE MANUTEN\u00c7\u00c3O PREDIAL<\/li>\n\n\n\n<li>&#8211; AUXILIAR DE ALMOXARIFADO<\/li>\n\n\n\n<li>&#8211; AUXILIAR DE FATURAMENTO<\/li>\n\n\n\n<li>-AUXILIAR DE LINHA DE PRODU\u00c7\u00c3O<\/li>\n\n\n\n<li>-AJUDANTE DE CARGA E DESCARGA DE MERCADORIA<\/li>\n\n\n\n<li>-AUXILIAR DE COZINHA<\/li>\n\n\n\n<li>-AUXILIAR ADMINISTRATIVO<\/li>\n\n\n\n<li>&#8211; AUXILIAR DE MEC\u00c2NICO DE AUTOS<\/li>\n\n\n\n<li>-AUXILIAR DE CR\u00c9DITO<\/li>\n\n\n\n<li>&#8211; ATENDENTE DE BALC\u00c3O<\/li>\n\n\n\n<li>&#8211; ATENDENTE DE FARM\u00c1CIA- BALCONISTA<\/li>\n\n\n\n<li>-ATENDENTE DE PADARIA<\/li>\n\n\n\n<li>-BANHISTA DE ANIMAIS DOM\u00c9STICOS<\/li>\n\n\n\n<li>-BORRACHEIRO CNH AB<\/li>\n\n\n\n<li>-CALDEIREIRO MONTADOR<\/li>\n\n\n\n<li>-CARPINTEIRO<\/li>\n\n\n\n<li>-CHEFE DO SERVI\u00c7O DE LIMPEZA<\/li>\n\n\n\n<li>-COZINHEIRO GERAL<\/li>\n\n\n\n<li>-CONFERENTE DE CARGA E DESCARGA<\/li>\n\n\n\n<li>-CONFEITEIRO<\/li>\n\n\n\n<li>-EMPREGADA DOM\u00c9STICA<\/li>\n\n\n\n<li>-EMPACOTADOR, A M\u00c3O (TB CONTRATA PARA MENOR APRENDIZ)<\/li>\n\n\n\n<li>-ESTOQUISTA<\/li>\n\n\n\n<li>-ELETRICISTA DE \u00d4NIBUS<\/li>\n\n\n\n<li>-ELETRICISTA PREDIAL<\/li>\n\n\n\n<li>&#8211; ELETRICISTA DE INSTALA\u00c7\u00d5ES DE VE\u00cdCULOS AUTOMOTORES.<\/li>\n<\/ul>\n\n\n\n<p class=\"wp-block-paragraph\">Os interessados em concorrer \u00e0s vagas devem comparecer presencialmente ao Sine Erechim, localizado na Rua It\u00e1lia, 299 &#8211; Centro. O atendimento ocorre de segunda a sexta-feira, das 8h \u00e0s 16h, sem fechar ao meio-dia. Para o atendimento, \u00e9 necess\u00e1rio apresentar documento de identifica\u00e7\u00e3o com foto e CPF.<\/p>\n","protected":false},"excerpt":{"rendered":"<p>VAGAS SINE ERECHIMAGOSTO 2026 Os interessados em concorrer \u00e0s vagas devem comparecer presencialmente ao Sine Erechim, localizado na Rua It\u00e1lia, 299 &#8211; Centro. O atendimento ocorre de segunda a sexta-feira, das 8h \u00e0s 16h, sem fechar ao meio-dia. Para o atendimento, \u00e9 necess\u00e1rio apresentar documento de identifica\u00e7\u00e3o com foto e CPF.<\/p>\n","protected":false},"author":4,"featured_media":12285,"comment_status":"open","ping_status":"open","sticky":false,"template":"","format":"standard","meta":{"pagelayer_contact_templates":[],"_pagelayer_content":"","footnotes":""},"categories":[49,26],"tags":[],"class_list":["post-12282","post","type-post","status-publish","format-standard","has-post-thumbnail","hentry","category-erechim-regiao","category-trabalho"],"yoast_head":"<!-- This site is optimized with the Yoast SEO plugin v28.3 - https:\/\/yoast.com\/product\/yoast-seo-wordpress\/ -->\n<title>VAGAS SINE ERECHIM! - R\u00e1dio Atalaia Fm Erechim<\/title>\n<meta name=\"robots\" content=\"index, follow, max-snippet:-1, max-image-preview:large, max-video-preview:-1\" \/>\n<link rel=\"canonical\" href=\"https:\/\/radioatalaiafmerechim.com.br\/portal\/vagas-sine-erechim\/\" \/>\n<meta property=\"og:locale\" content=\"pt_PT\" \/>\n<meta property=\"og:type\" content=\"article\" \/>\n<meta property=\"og:title\" content=\"VAGAS SINE ERECHIM! - R\u00e1dio Atalaia Fm Erechim\" \/>\n<meta property=\"og:description\" content=\"VAGAS SINE ERECHIMAGOSTO 2026 Os interessados em concorrer \u00e0s vagas devem comparecer presencialmente ao Sine Erechim, localizado na Rua It\u00e1lia, 299 &#8211; Centro. O atendimento ocorre de segunda a sexta-feira, das 8h \u00e0s 16h, sem fechar ao meio-dia. Para o atendimento, \u00e9 necess\u00e1rio apresentar documento de identifica\u00e7\u00e3o com foto e CPF.\" \/>\n<meta property=\"og:url\" content=\"https:\/\/radioatalaiafmerechim.com.br\/portal\/vagas-sine-erechim\/\" \/>\n<meta property=\"og:site_name\" content=\"R\u00e1dio Atalaia Fm Erechim\" \/>\n<meta property=\"article:published_time\" content=\"2026-08-04T12:08:32+00:00\" \/>\n<meta property=\"article:modified_time\" content=\"2026-08-04T12:08:35+00:00\" \/>\n<meta property=\"og:image\" content=\"https:\/\/conexaoerechim.com.br\/wp-content\/uploads\/2026\/08\/sine.jpg\" \/>\n\t<meta property=\"og:image:width\" content=\"500\" \/>\n\t<meta property=\"og:image:height\" content=\"281\" \/>\n\t<meta property=\"og:image:type\" content=\"image\/jpeg\" \/>\n<meta name=\"author\" content=\"luiscarlosmattos44@gmail.com\" \/>\n<meta name=\"twitter:card\" content=\"summary_large_image\" \/>\n<meta name=\"twitter:label1\" content=\"Escrito por\" \/>\n\t<meta name=\"twitter:data1\" content=\"luiscarlosmattos44@gmail.com\" \/>\n\t<meta name=\"twitter:label2\" content=\"Tempo estimado de leitura\" \/>\n\t<meta name=\"twitter:data2\" content=\"2 minutos\" \/>\n<script type=\"application\/ld+json\" class=\"yoast-schema-graph\">{\"@context\":\"https:\\\/\\\/schema.org\",\"@graph\":[{\"@type\":\"Article\",\"@id\":\"https:\\\/\\\/radioatalaiafmerechim.com.br\\\/portal\\\/vagas-sine-erechim\\\/#article\",\"isPartOf\":{\"@id\":\"https:\\\/\\\/radioatalaiafmerechim.com.br\\\/portal\\\/vagas-sine-erechim\\\/\"},\"author\":{\"name\":\"luiscarlosmattos44@gmail.com\",\"@id\":\"https:\\\/\\\/radioatalaiafmerechim.com.br\\\/portal\\\/#\\\/schema\\\/person\\\/22dc9addc520b1490990ddb312f4244d\"},\"headline\":\"VAGAS SINE ERECHIM!\",\"datePublished\":\"2026-08-04T12:08:32+00:00\",\"dateModified\":\"2026-08-04T12:08:35+00:00\",\"mainEntityOfPage\":{\"@id\":\"https:\\\/\\\/radioatalaiafmerechim.com.br\\\/portal\\\/vagas-sine-erechim\\\/\"},\"wordCount\":183,\"commentCount\":0,\"publisher\":{\"@id\":\"https:\\\/\\\/radioatalaiafmerechim.com.br\\\/portal\\\/#organization\"},\"image\":{\"@id\":\"https:\\\/\\\/radioatalaiafmerechim.com.br\\\/portal\\\/vagas-sine-erechim\\\/#primaryimage\"},\"thumbnailUrl\":\"https:\\\/\\\/radioatalaiafmerechim.com.br\\\/portal\\\/wp-content\\\/uploads\\\/2026\\\/08\\\/sine.jpg\",\"articleSection\":[\"ERECHIM\\\/REGI\u00c3O\",\"TRABALHO\"],\"inLanguage\":\"pt-PT\",\"potentialAction\":[{\"@type\":\"CommentAction\",\"name\":\"Comment\",\"target\":[\"https:\\\/\\\/radioatalaiafmerechim.com.br\\\/portal\\\/vagas-sine-erechim\\\/#respond\"]}]},{\"@type\":\"WebPage\",\"@id\":\"https:\\\/\\\/radioatalaiafmerechim.com.br\\\/portal\\\/vagas-sine-erechim\\\/\",\"url\":\"https:\\\/\\\/radioatalaiafmerechim.com.br\\\/portal\\\/vagas-sine-erechim\\\/\",\"name\":\"VAGAS SINE ERECHIM! - R\u00e1dio Atalaia Fm Erechim\",\"isPartOf\":{\"@id\":\"https:\\\/\\\/radioatalaiafmerechim.com.br\\\/portal\\\/#website\"},\"primaryImageOfPage\":{\"@id\":\"https:\\\/\\\/radioatalaiafmerechim.com.br\\\/portal\\\/vagas-sine-erechim\\\/#primaryimage\"},\"image\":{\"@id\":\"https:\\\/\\\/radioatalaiafmerechim.com.br\\\/portal\\\/vagas-sine-erechim\\\/#primaryimage\"},\"thumbnailUrl\":\"https:\\\/\\\/radioatalaiafmerechim.com.br\\\/portal\\\/wp-content\\\/uploads\\\/2026\\\/08\\\/sine.jpg\",\"datePublished\":\"2026-08-04T12:08:32+00:00\",\"dateModified\":\"2026-08-04T12:08:35+00:00\",\"breadcrumb\":{\"@id\":\"https:\\\/\\\/radioatalaiafmerechim.com.br\\\/portal\\\/vagas-sine-erechim\\\/#breadcrumb\"},\"inLanguage\":\"pt-PT\",\"potentialAction\":[{\"@type\":\"ReadAction\",\"target\":[\"https:\\\/\\\/radioatalaiafmerechim.com.br\\\/portal\\\/vagas-sine-erechim\\\/\"]}]},{\"@type\":\"ImageObject\",\"inLanguage\":\"pt-PT\",\"@id\":\"https:\\\/\\\/radioatalaiafmerechim.com.br\\\/portal\\\/vagas-sine-erechim\\\/#primaryimage\",\"url\":\"https:\\\/\\\/radioatalaiafmerechim.com.br\\\/portal\\\/wp-content\\\/uploads\\\/2026\\\/08\\\/sine.jpg\",\"contentUrl\":\"https:\\\/\\\/radioatalaiafmerechim.com.br\\\/portal\\\/wp-content\\\/uploads\\\/2026\\\/08\\\/sine.jpg\",\"width\":500,\"height\":281},{\"@type\":\"BreadcrumbList\",\"@id\":\"https:\\\/\\\/radioatalaiafmerechim.com.br\\\/portal\\\/vagas-sine-erechim\\\/#breadcrumb\",\"itemListElement\":[{\"@type\":\"ListItem\",\"position\":1,\"name\":\"In\u00edcio\",\"item\":\"https:\\\/\\\/radioatalaiafmerechim.com.br\\\/portal\\\/\"},{\"@type\":\"ListItem\",\"position\":2,\"name\":\"VAGAS SINE ERECHIM!\"}]},{\"@type\":\"WebSite\",\"@id\":\"https:\\\/\\\/radioatalaiafmerechim.com.br\\\/portal\\\/#website\",\"url\":\"https:\\\/\\\/radioatalaiafmerechim.com.br\\\/portal\\\/\",\"name\":\"R\u00e1dio Atalaia Fm Erechim\",\"description\":\"\",\"publisher\":{\"@id\":\"https:\\\/\\\/radioatalaiafmerechim.com.br\\\/portal\\\/#organization\"},\"potentialAction\":[{\"@type\":\"SearchAction\",\"target\":{\"@type\":\"EntryPoint\",\"urlTemplate\":\"https:\\\/\\\/radioatalaiafmerechim.com.br\\\/portal\\\/?s={search_term_string}\"},\"query-input\":{\"@type\":\"PropertyValueSpecification\",\"valueRequired\":true,\"valueName\":\"search_term_string\"}}],\"inLanguage\":\"pt-PT\"},{\"@type\":\"Organization\",\"@id\":\"https:\\\/\\\/radioatalaiafmerechim.com.br\\\/portal\\\/#organization\",\"name\":\"R\u00e1dio Atalaia Fm Erechim\",\"url\":\"https:\\\/\\\/radioatalaiafmerechim.com.br\\\/portal\\\/\",\"logo\":{\"@type\":\"ImageObject\",\"inLanguage\":\"pt-PT\",\"@id\":\"https:\\\/\\\/radioatalaiafmerechim.com.br\\\/portal\\\/#\\\/schema\\\/logo\\\/image\\\/\",\"url\":\"https:\\\/\\\/radioatalaiafmerechim.com.br\\\/portal\\\/wp-content\\\/uploads\\\/2026\\\/08\\\/WhatsApp-Image-2026-08-20-at-19.15.33-2.jpeg\",\"contentUrl\":\"https:\\\/\\\/radioatalaiafmerechim.com.br\\\/portal\\\/wp-content\\\/uploads\\\/2026\\\/08\\\/WhatsApp-Image-2026-08-20-at-19.15.33-2.jpeg\",\"width\":1536,\"height\":1024,\"caption\":\"R\u00e1dio Atalaia Fm Erechim\"},\"image\":{\"@id\":\"https:\\\/\\\/radioatalaiafmerechim.com.br\\\/portal\\\/#\\\/schema\\\/logo\\\/image\\\/\"}},{\"@type\":\"Person\",\"@id\":\"https:\\\/\\\/radioatalaiafmerechim.com.br\\\/portal\\\/#\\\/schema\\\/person\\\/22dc9addc520b1490990ddb312f4244d\",\"name\":\"luiscarlosmattos44@gmail.com\",\"image\":{\"@type\":\"ImageObject\",\"inLanguage\":\"pt-PT\",\"@id\":\"https:\\\/\\\/secure.gravatar.com\\\/avatar\\\/3165018682ad5ebeb6c6303c432e2424711519c66b404df31f016c3cbaffbeb2?s=96&d=mm&r=g\",\"url\":\"https:\\\/\\\/secure.gravatar.com\\\/avatar\\\/3165018682ad5ebeb6c6303c432e2424711519c66b404df31f016c3cbaffbeb2?s=96&d=mm&r=g\",\"contentUrl\":\"https:\\\/\\\/secure.gravatar.com\\\/avatar\\\/3165018682ad5ebeb6c6303c432e2424711519c66b404df31f016c3cbaffbeb2?s=96&d=mm&r=g\",\"caption\":\"luiscarlosmattos44@gmail.com\"},\"sameAs\":[\"https:\\\/\\\/radioatalaiafmerechim.com.br\\\/portal\\\/\"],\"url\":\"https:\\\/\\\/radioatalaiafmerechim.com.br\\\/portal\\\/author\\\/luiscarlosmattos\\\/\"}]}<\/script>\n<!-- \/ Yoast SEO plugin. -->","yoast_head_json":{"title":"VAGAS SINE ERECHIM! - R\u00e1dio Atalaia Fm Erechim","robots":{"index":"index","follow":"follow","max-snippet":"max-snippet:-1","max-image-preview":"max-image-preview:large","max-video-preview":"max-video-preview:-1"},"canonical":"https:\/\/radioatalaiafmerechim.com.br\/portal\/vagas-sine-erechim\/","og_locale":"pt_PT","og_type":"article","og_title":"VAGAS SINE ERECHIM! - R\u00e1dio Atalaia Fm Erechim","og_description":"VAGAS SINE ERECHIMAGOSTO 2026 Os interessados em concorrer \u00e0s vagas devem comparecer presencialmente ao Sine Erechim, localizado na Rua It\u00e1lia, 299 &#8211; Centro. O atendimento ocorre de segunda a sexta-feira, das 8h \u00e0s 16h, sem fechar ao meio-dia. Para o atendimento, \u00e9 necess\u00e1rio apresentar documento de identifica\u00e7\u00e3o com foto e CPF.","og_url":"https:\/\/radioatalaiafmerechim.com.br\/portal\/vagas-sine-erechim\/","og_site_name":"R\u00e1dio Atalaia Fm Erechim","article_published_time":"2026-08-04T12:08:32+00:00","article_modified_time":"2026-08-04T12:08:35+00:00","og_image":[{"width":500,"height":281,"url":"https:\/\/conexaoerechim.com.br\/wp-content\/uploads\/2026\/08\/sine.jpg","type":"image\/jpeg"}],"author":"luiscarlosmattos44@gmail.com","twitter_card":"summary_large_image","twitter_misc":{"Escrito por":"luiscarlosmattos44@gmail.com","Tempo estimado de leitura":"2 minutos"},"schema":{"@context":"https:\/\/schema.org","@graph":[{"@type":"Article","@id":"https:\/\/radioatalaiafmerechim.com.br\/portal\/vagas-sine-erechim\/#article","isPartOf":{"@id":"https:\/\/radioatalaiafmerechim.com.br\/portal\/vagas-sine-erechim\/"},"author":{"name":"luiscarlosmattos44@gmail.com","@id":"https:\/\/radioatalaiafmerechim.com.br\/portal\/#\/schema\/person\/22dc9addc520b1490990ddb312f4244d"},"headline":"VAGAS SINE ERECHIM!","datePublished":"2026-08-04T12:08:32+00:00","dateModified":"2026-08-04T12:08:35+00:00","mainEntityOfPage":{"@id":"https:\/\/radioatalaiafmerechim.com.br\/portal\/vagas-sine-erechim\/"},"wordCount":183,"commentCount":0,"publisher":{"@id":"https:\/\/radioatalaiafmerechim.com.br\/portal\/#organization"},"image":{"@id":"https:\/\/radioatalaiafmerechim.com.br\/portal\/vagas-sine-erechim\/#primaryimage"},"thumbnailUrl":"https:\/\/radioatalaiafmerechim.com.br\/portal\/wp-content\/uploads\/2026\/08\/sine.jpg","articleSection":["ERECHIM\/REGI\u00c3O","TRABALHO"],"inLanguage":"pt-PT","potentialAction":[{"@type":"CommentAction","name":"Comment","target":["https:\/\/radioatalaiafmerechim.com.br\/portal\/vagas-sine-erechim\/#respond"]}]},{"@type":"WebPage","@id":"https:\/\/radioatalaiafmerechim.com.br\/portal\/vagas-sine-erechim\/","url":"https:\/\/radioatalaiafmerechim.com.br\/portal\/vagas-sine-erechim\/","name":"VAGAS SINE ERECHIM! - R\u00e1dio Atalaia Fm Erechim","isPartOf":{"@id":"https:\/\/radioatalaiafmerechim.com.br\/portal\/#website"},"primaryImageOfPage":{"@id":"https:\/\/radioatalaiafmerechim.com.br\/portal\/vagas-sine-erechim\/#primaryimage"},"image":{"@id":"https:\/\/radioatalaiafmerechim.com.br\/portal\/vagas-sine-erechim\/#primaryimage"},"thumbnailUrl":"https:\/\/radioatalaiafmerechim.com.br\/portal\/wp-content\/uploads\/2026\/08\/sine.jpg","datePublished":"2026-08-04T12:08:32+00:00","dateModified":"2026-08-04T12:08:35+00:00","breadcrumb":{"@id":"https:\/\/radioatalaiafmerechim.com.br\/portal\/vagas-sine-erechim\/#breadcrumb"},"inLanguage":"pt-PT","potentialAction":[{"@type":"ReadAction","target":["https:\/\/radioatalaiafmerechim.com.br\/portal\/vagas-sine-erechim\/"]}]},{"@type":"ImageObject","inLanguage":"pt-PT","@id":"https:\/\/radioatalaiafmerechim.com.br\/portal\/vagas-sine-erechim\/#primaryimage","url":"https:\/\/radioatalaiafmerechim.com.br\/portal\/wp-content\/uploads\/2026\/08\/sine.jpg","contentUrl":"https:\/\/radioatalaiafmerechim.com.br\/portal\/wp-content\/uploads\/2026\/08\/sine.jpg","width":500,"height":281},{"@type":"BreadcrumbList","@id":"https:\/\/radioatalaiafmerechim.com.br\/portal\/vagas-sine-erechim\/#breadcrumb","itemListElement":[{"@type":"ListItem","position":1,"name":"In\u00edcio","item":"https:\/\/radioatalaiafmerechim.com.br\/portal\/"},{"@type":"ListItem","position":2,"name":"VAGAS SINE ERECHIM!"}]},{"@type":"WebSite","@id":"https:\/\/radioatalaiafmerechim.com.br\/portal\/#website","url":"https:\/\/radioatalaiafmerechim.com.br\/portal\/","name":"R\u00e1dio Atalaia Fm Erechim","description":"","publisher":{"@id":"https:\/\/radioatalaiafmerechim.com.br\/portal\/#organization"},"potentialAction":[{"@type":"SearchAction","target":{"@type":"EntryPoint","urlTemplate":"https:\/\/radioatalaiafmerechim.com.br\/portal\/?s={search_term_string}"},"query-input":{"@type":"PropertyValueSpecification","valueRequired":true,"valueName":"search_term_string"}}],"inLanguage":"pt-PT"},{"@type":"Organization","@id":"https:\/\/radioatalaiafmerechim.com.br\/portal\/#organization","name":"R\u00e1dio Atalaia Fm Erechim","url":"https:\/\/radioatalaiafmerechim.com.br\/portal\/","logo":{"@type":"ImageObject","inLanguage":"pt-PT","@id":"https:\/\/radioatalaiafmerechim.com.br\/portal\/#\/schema\/logo\/image\/","url":"https:\/\/radioatalaiafmerechim.com.br\/portal\/wp-content\/uploads\/2026\/08\/WhatsApp-Image-2026-08-20-at-19.15.33-2.jpeg","contentUrl":"https:\/\/radioatalaiafmerechim.com.br\/portal\/wp-content\/uploads\/2026\/08\/WhatsApp-Image-2026-08-20-at-19.15.33-2.jpeg","width":1536,"height":1024,"caption":"R\u00e1dio Atalaia Fm Erechim"},"image":{"@id":"https:\/\/radioatalaiafmerechim.com.br\/portal\/#\/schema\/logo\/image\/"}},{"@type":"Person","@id":"https:\/\/radioatalaiafmerechim.com.br\/portal\/#\/schema\/person\/22dc9addc520b1490990ddb312f4244d","name":"luiscarlosmattos44@gmail.com","image":{"@type":"ImageObject","inLanguage":"pt-PT","@id":"https:\/\/secure.gravatar.com\/avatar\/3165018682ad5ebeb6c6303c432e2424711519c66b404df31f016c3cbaffbeb2?s=96&d=mm&r=g","url":"https:\/\/secure.gravatar.com\/avatar\/3165018682ad5ebeb6c6303c432e2424711519c66b404df31f016c3cbaffbeb2?s=96&d=mm&r=g","contentUrl":"https:\/\/secure.gravatar.com\/avatar\/3165018682ad5ebeb6c6303c432e2424711519c66b404df31f016c3cbaffbeb2?s=96&d=mm&r=g","caption":"luiscarlosmattos44@gmail.com"},"sameAs":["https:\/\/radioatalaiafmerechim.com.br\/portal\/"],"url":"https:\/\/radioatalaiafmerechim.com.br\/portal\/author\/luiscarlosmattos\/"}]}},"_links":{"self":[{"href":"https:\/\/radioatalaiafmerechim.com.br\/portal\/wp-json\/wp\/v2\/posts\/12282","targetHints":{"allow":["GET"]}}],"collection":[{"href":"https:\/\/radioatalaiafmerechim.com.br\/portal\/wp-json\/wp\/v2\/posts"}],"about":[{"href":"https:\/\/radioatalaiafmerechim.com.br\/portal\/wp-json\/wp\/v2\/types\/post"}],"author":[{"embeddable":true,"href":"https:\/\/radioatalaiafmerechim.com.br\/portal\/wp-json\/wp\/v2\/users\/4"}],"replies":[{"embeddable":true,"href":"https:\/\/radioatalaiafmerechim.com.br\/portal\/wp-json\/wp\/v2\/comments?post=12282"}],"version-history":[{"count":1,"href":"https:\/\/radioatalaiafmerechim.com.br\/portal\/wp-json\/wp\/v2\/posts\/12282\/revisions"}],"predecessor-version":[{"id":12286,"href":"https:\/\/radioatalaiafmerechim.com.br\/portal\/wp-json\/wp\/v2\/posts\/12282\/revisions\/12286"}],"wp:featuredmedia":[{"embeddable":true,"href":"https:\/\/radioatalaiafmerechim.com.br\/portal\/wp-json\/wp\/v2\/media\/12285"}],"wp:attachment":[{"href":"https:\/\/radioatalaiafmerechim.com.br\/portal\/wp-json\/wp\/v2\/media?parent=12282"}],"wp:term":[{"taxonomy":"category","embeddable":true,"href":"https:\/\/radioatalaiafmerechim.com.br\/portal\/wp-json\/wp\/v2\/categories?post=12282"},{"taxonomy":"post_tag","embeddable":true,"href":"https:\/\/radioatalaiafmerechim.com.br\/portal\/wp-json\/wp\/v2\/tags?post=12282"}],"curies":[{"name":"wp","href":"https:\/\/api.w.org\/{rel}","templated":true}]}}