{"id":12277,"date":"2026-08-04T08:34:57","date_gmt":"2026-08-04T11:34:57","guid":{"rendered":"https:\/\/conexaoerechim.com.br\/?p=12277"},"modified":"2026-08-04T08:34:59","modified_gmt":"2026-08-04T11:34:59","slug":"dia-do-padre","status":"publish","type":"post","link":"https:\/\/radioatalaiafmerechim.com.br\/portal\/dia-do-padre\/","title":{"rendered":"Dia do Padre!"},"content":{"rendered":"\n<p class=\"has-medium-font-size wp-block-paragraph\"><strong>O Dia do Padre \u00e9 comemorado anualmente em 4 de agosto no Brasil.<\/strong><br>O padre \u00e9 um dos membros do clero da Igreja Cat\u00f3lica. Ele \u00e9 um sacerdote consagrado por um bispo, cuja miss\u00e3o \u00e9 evangelizar, celebrar a Eucaristia (missa), ouvir confiss\u00f5es, ministrar o Batismo, o sacramento da cura, aben\u00e7oar os fi\u00e9is, etc.<br>Historicamente, a figura do padre \u00e9 de grande import\u00e2ncia, pois era uma pessoa de muita influ\u00eancia junto \u00e0 comunidade.<br>Um sacerdote deve estudar muitos anos at\u00e9 receber a ordena\u00e7\u00e3o. Os padres cat\u00f3licos podem pertencer a uma ordem religiosa, como os franciscanos, vicentinos, jesu\u00edtas, entre outras. Essas possuem um &#8220;carisma&#8221; pr\u00f3prio, seja ele educacional ou de cuidado aos doentes, e vivem sob a supervis\u00e3o de um superior.<br>J\u00e1 os padres diocesanos est\u00e3o ligados diretamente ao bispo de sua diocese e tem como miss\u00e3o cuidar dos seus paroquianos.<br>Na Igreja Cat\u00f3lica, a figura do padre \u00e9 considerada semelhante a de um &#8220;pai&#8221; (padre), que intercede por seus &#8220;filhos&#8221; (fi\u00e9is) em nome de Deus e Jesus Cristo.<\/p>\n\n\n\n<p class=\"wp-block-paragraph\"><a href=\"https:\/\/www.calendarr.com\/brasil\">https:\/\/www.calendarr.com\/brasil<\/a><\/p>\n\n\n\n<p class=\"wp-block-paragraph\"><\/p>\n","protected":false},"excerpt":{"rendered":"<p>O Dia do Padre \u00e9 comemorado anualmente em 4 de agosto no Brasil.O padre \u00e9 um dos membros do clero da Igreja Cat\u00f3lica. Ele \u00e9 um sacerdote consagrado por um bispo, cuja miss\u00e3o \u00e9 evangelizar, celebrar a Eucaristia (missa), ouvir confiss\u00f5es, ministrar o Batismo, o sacramento da cura, aben\u00e7oar os fi\u00e9is, etc.Historicamente, a figura do&#8230;<\/p>\n","protected":false},"author":4,"featured_media":12280,"comment_status":"open","ping_status":"open","sticky":false,"template":"","format":"standard","meta":{"pagelayer_contact_templates":[],"_pagelayer_content":"","footnotes":""},"categories":[61,64],"tags":[],"class_list":["post-12277","post","type-post","status-publish","format-standard","has-post-thumbnail","hentry","category-historia","category-religiao"],"yoast_head":"<!-- This site is optimized with the Yoast SEO plugin v28.3 - https:\/\/yoast.com\/product\/yoast-seo-wordpress\/ -->\n<title>Dia do Padre! - R\u00e1dio Atalaia Fm Erechim<\/title>\n<meta name=\"robots\" content=\"index, follow, max-snippet:-1, max-image-preview:large, max-video-preview:-1\" \/>\n<link rel=\"canonical\" href=\"https:\/\/radioatalaiafmerechim.com.br\/portal\/dia-do-padre\/\" \/>\n<meta property=\"og:locale\" content=\"pt_PT\" \/>\n<meta property=\"og:type\" content=\"article\" \/>\n<meta property=\"og:title\" content=\"Dia do Padre! - R\u00e1dio Atalaia Fm Erechim\" \/>\n<meta property=\"og:description\" content=\"O Dia do Padre \u00e9 comemorado anualmente em 4 de agosto no Brasil.O padre \u00e9 um dos membros do clero da Igreja Cat\u00f3lica. Ele \u00e9 um sacerdote consagrado por um bispo, cuja miss\u00e3o \u00e9 evangelizar, celebrar a Eucaristia (missa), ouvir confiss\u00f5es, ministrar o Batismo, o sacramento da cura, aben\u00e7oar os fi\u00e9is, etc.Historicamente, a figura do...\" \/>\n<meta property=\"og:url\" content=\"https:\/\/radioatalaiafmerechim.com.br\/portal\/dia-do-padre\/\" \/>\n<meta property=\"og:site_name\" content=\"R\u00e1dio Atalaia Fm Erechim\" \/>\n<meta property=\"article:published_time\" content=\"2026-08-04T11:34:57+00:00\" \/>\n<meta property=\"article:modified_time\" content=\"2026-08-04T11:34:59+00:00\" \/>\n<meta property=\"og:image\" content=\"https:\/\/conexaoerechim.com.br\/wp-content\/uploads\/2026\/08\/dia-do-padre.webp\" \/>\n\t<meta property=\"og:image:width\" content=\"1400\" \/>\n\t<meta property=\"og:image:height\" content=\"1050\" \/>\n\t<meta property=\"og:image:type\" content=\"image\/webp\" \/>\n<meta name=\"author\" content=\"luiscarlosmattos44@gmail.com\" \/>\n<meta name=\"twitter:card\" content=\"summary_large_image\" \/>\n<meta name=\"twitter:label1\" content=\"Escrito por\" \/>\n\t<meta name=\"twitter:data1\" content=\"luiscarlosmattos44@gmail.com\" \/>\n\t<meta name=\"twitter:label2\" content=\"Tempo estimado de leitura\" \/>\n\t<meta name=\"twitter:data2\" content=\"2 minutos\" \/>\n<script type=\"application\/ld+json\" class=\"yoast-schema-graph\">{\"@context\":\"https:\\\/\\\/schema.org\",\"@graph\":[{\"@type\":\"Article\",\"@id\":\"https:\\\/\\\/radioatalaiafmerechim.com.br\\\/portal\\\/dia-do-padre\\\/#article\",\"isPartOf\":{\"@id\":\"https:\\\/\\\/radioatalaiafmerechim.com.br\\\/portal\\\/dia-do-padre\\\/\"},\"author\":{\"name\":\"luiscarlosmattos44@gmail.com\",\"@id\":\"https:\\\/\\\/radioatalaiafmerechim.com.br\\\/portal\\\/#\\\/schema\\\/person\\\/22dc9addc520b1490990ddb312f4244d\"},\"headline\":\"Dia do Padre!\",\"datePublished\":\"2026-08-04T11:34:57+00:00\",\"dateModified\":\"2026-08-04T11:34:59+00:00\",\"mainEntityOfPage\":{\"@id\":\"https:\\\/\\\/radioatalaiafmerechim.com.br\\\/portal\\\/dia-do-padre\\\/\"},\"wordCount\":183,\"commentCount\":0,\"publisher\":{\"@id\":\"https:\\\/\\\/radioatalaiafmerechim.com.br\\\/portal\\\/#organization\"},\"image\":{\"@id\":\"https:\\\/\\\/radioatalaiafmerechim.com.br\\\/portal\\\/dia-do-padre\\\/#primaryimage\"},\"thumbnailUrl\":\"https:\\\/\\\/radioatalaiafmerechim.com.br\\\/portal\\\/wp-content\\\/uploads\\\/2026\\\/08\\\/dia-do-padre.webp\",\"articleSection\":[\"HIST\u00d3RIA\",\"RELIGI\u00c3O\"],\"inLanguage\":\"pt-PT\",\"potentialAction\":[{\"@type\":\"CommentAction\",\"name\":\"Comment\",\"target\":[\"https:\\\/\\\/radioatalaiafmerechim.com.br\\\/portal\\\/dia-do-padre\\\/#respond\"]}]},{\"@type\":\"WebPage\",\"@id\":\"https:\\\/\\\/radioatalaiafmerechim.com.br\\\/portal\\\/dia-do-padre\\\/\",\"url\":\"https:\\\/\\\/radioatalaiafmerechim.com.br\\\/portal\\\/dia-do-padre\\\/\",\"name\":\"Dia do Padre! - R\u00e1dio Atalaia Fm Erechim\",\"isPartOf\":{\"@id\":\"https:\\\/\\\/radioatalaiafmerechim.com.br\\\/portal\\\/#website\"},\"primaryImageOfPage\":{\"@id\":\"https:\\\/\\\/radioatalaiafmerechim.com.br\\\/portal\\\/dia-do-padre\\\/#primaryimage\"},\"image\":{\"@id\":\"https:\\\/\\\/radioatalaiafmerechim.com.br\\\/portal\\\/dia-do-padre\\\/#primaryimage\"},\"thumbnailUrl\":\"https:\\\/\\\/radioatalaiafmerechim.com.br\\\/portal\\\/wp-content\\\/uploads\\\/2026\\\/08\\\/dia-do-padre.webp\",\"datePublished\":\"2026-08-04T11:34:57+00:00\",\"dateModified\":\"2026-08-04T11:34:59+00:00\",\"breadcrumb\":{\"@id\":\"https:\\\/\\\/radioatalaiafmerechim.com.br\\\/portal\\\/dia-do-padre\\\/#breadcrumb\"},\"inLanguage\":\"pt-PT\",\"potentialAction\":[{\"@type\":\"ReadAction\",\"target\":[\"https:\\\/\\\/radioatalaiafmerechim.com.br\\\/portal\\\/dia-do-padre\\\/\"]}]},{\"@type\":\"ImageObject\",\"inLanguage\":\"pt-PT\",\"@id\":\"https:\\\/\\\/radioatalaiafmerechim.com.br\\\/portal\\\/dia-do-padre\\\/#primaryimage\",\"url\":\"https:\\\/\\\/radioatalaiafmerechim.com.br\\\/portal\\\/wp-content\\\/uploads\\\/2026\\\/08\\\/dia-do-padre.webp\",\"contentUrl\":\"https:\\\/\\\/radioatalaiafmerechim.com.br\\\/portal\\\/wp-content\\\/uploads\\\/2026\\\/08\\\/dia-do-padre.webp\",\"width\":1400,\"height\":1050},{\"@type\":\"BreadcrumbList\",\"@id\":\"https:\\\/\\\/radioatalaiafmerechim.com.br\\\/portal\\\/dia-do-padre\\\/#breadcrumb\",\"itemListElement\":[{\"@type\":\"ListItem\",\"position\":1,\"name\":\"In\u00edcio\",\"item\":\"https:\\\/\\\/radioatalaiafmerechim.com.br\\\/portal\\\/\"},{\"@type\":\"ListItem\",\"position\":2,\"name\":\"Dia do Padre!\"}]},{\"@type\":\"WebSite\",\"@id\":\"https:\\\/\\\/radioatalaiafmerechim.com.br\\\/portal\\\/#website\",\"url\":\"https:\\\/\\\/radioatalaiafmerechim.com.br\\\/portal\\\/\",\"name\":\"R\u00e1dio Atalaia Fm Erechim\",\"description\":\"\",\"publisher\":{\"@id\":\"https:\\\/\\\/radioatalaiafmerechim.com.br\\\/portal\\\/#organization\"},\"potentialAction\":[{\"@type\":\"SearchAction\",\"target\":{\"@type\":\"EntryPoint\",\"urlTemplate\":\"https:\\\/\\\/radioatalaiafmerechim.com.br\\\/portal\\\/?s={search_term_string}\"},\"query-input\":{\"@type\":\"PropertyValueSpecification\",\"valueRequired\":true,\"valueName\":\"search_term_string\"}}],\"inLanguage\":\"pt-PT\"},{\"@type\":\"Organization\",\"@id\":\"https:\\\/\\\/radioatalaiafmerechim.com.br\\\/portal\\\/#organization\",\"name\":\"R\u00e1dio Atalaia Fm Erechim\",\"url\":\"https:\\\/\\\/radioatalaiafmerechim.com.br\\\/portal\\\/\",\"logo\":{\"@type\":\"ImageObject\",\"inLanguage\":\"pt-PT\",\"@id\":\"https:\\\/\\\/radioatalaiafmerechim.com.br\\\/portal\\\/#\\\/schema\\\/logo\\\/image\\\/\",\"url\":\"https:\\\/\\\/radioatalaiafmerechim.com.br\\\/portal\\\/wp-content\\\/uploads\\\/2026\\\/08\\\/WhatsApp-Image-2026-08-20-at-19.15.33-2.jpeg\",\"contentUrl\":\"https:\\\/\\\/radioatalaiafmerechim.com.br\\\/portal\\\/wp-content\\\/uploads\\\/2026\\\/08\\\/WhatsApp-Image-2026-08-20-at-19.15.33-2.jpeg\",\"width\":1536,\"height\":1024,\"caption\":\"R\u00e1dio Atalaia Fm Erechim\"},\"image\":{\"@id\":\"https:\\\/\\\/radioatalaiafmerechim.com.br\\\/portal\\\/#\\\/schema\\\/logo\\\/image\\\/\"}},{\"@type\":\"Person\",\"@id\":\"https:\\\/\\\/radioatalaiafmerechim.com.br\\\/portal\\\/#\\\/schema\\\/person\\\/22dc9addc520b1490990ddb312f4244d\",\"name\":\"luiscarlosmattos44@gmail.com\",\"image\":{\"@type\":\"ImageObject\",\"inLanguage\":\"pt-PT\",\"@id\":\"https:\\\/\\\/secure.gravatar.com\\\/avatar\\\/3165018682ad5ebeb6c6303c432e2424711519c66b404df31f016c3cbaffbeb2?s=96&d=mm&r=g\",\"url\":\"https:\\\/\\\/secure.gravatar.com\\\/avatar\\\/3165018682ad5ebeb6c6303c432e2424711519c66b404df31f016c3cbaffbeb2?s=96&d=mm&r=g\",\"contentUrl\":\"https:\\\/\\\/secure.gravatar.com\\\/avatar\\\/3165018682ad5ebeb6c6303c432e2424711519c66b404df31f016c3cbaffbeb2?s=96&d=mm&r=g\",\"caption\":\"luiscarlosmattos44@gmail.com\"},\"sameAs\":[\"https:\\\/\\\/radioatalaiafmerechim.com.br\\\/portal\\\/\"],\"url\":\"https:\\\/\\\/radioatalaiafmerechim.com.br\\\/portal\\\/author\\\/luiscarlosmattos\\\/\"}]}<\/script>\n<!-- \/ Yoast SEO plugin. -->","yoast_head_json":{"title":"Dia do Padre! - R\u00e1dio Atalaia Fm Erechim","robots":{"index":"index","follow":"follow","max-snippet":"max-snippet:-1","max-image-preview":"max-image-preview:large","max-video-preview":"max-video-preview:-1"},"canonical":"https:\/\/radioatalaiafmerechim.com.br\/portal\/dia-do-padre\/","og_locale":"pt_PT","og_type":"article","og_title":"Dia do Padre! - R\u00e1dio Atalaia Fm Erechim","og_description":"O Dia do Padre \u00e9 comemorado anualmente em 4 de agosto no Brasil.O padre \u00e9 um dos membros do clero da Igreja Cat\u00f3lica. Ele \u00e9 um sacerdote consagrado por um bispo, cuja miss\u00e3o \u00e9 evangelizar, celebrar a Eucaristia (missa), ouvir confiss\u00f5es, ministrar o Batismo, o sacramento da cura, aben\u00e7oar os fi\u00e9is, etc.Historicamente, a figura do...","og_url":"https:\/\/radioatalaiafmerechim.com.br\/portal\/dia-do-padre\/","og_site_name":"R\u00e1dio Atalaia Fm Erechim","article_published_time":"2026-08-04T11:34:57+00:00","article_modified_time":"2026-08-04T11:34:59+00:00","og_image":[{"width":1400,"height":1050,"url":"https:\/\/conexaoerechim.com.br\/wp-content\/uploads\/2026\/08\/dia-do-padre.webp","type":"image\/webp"}],"author":"luiscarlosmattos44@gmail.com","twitter_card":"summary_large_image","twitter_misc":{"Escrito por":"luiscarlosmattos44@gmail.com","Tempo estimado de leitura":"2 minutos"},"schema":{"@context":"https:\/\/schema.org","@graph":[{"@type":"Article","@id":"https:\/\/radioatalaiafmerechim.com.br\/portal\/dia-do-padre\/#article","isPartOf":{"@id":"https:\/\/radioatalaiafmerechim.com.br\/portal\/dia-do-padre\/"},"author":{"name":"luiscarlosmattos44@gmail.com","@id":"https:\/\/radioatalaiafmerechim.com.br\/portal\/#\/schema\/person\/22dc9addc520b1490990ddb312f4244d"},"headline":"Dia do Padre!","datePublished":"2026-08-04T11:34:57+00:00","dateModified":"2026-08-04T11:34:59+00:00","mainEntityOfPage":{"@id":"https:\/\/radioatalaiafmerechim.com.br\/portal\/dia-do-padre\/"},"wordCount":183,"commentCount":0,"publisher":{"@id":"https:\/\/radioatalaiafmerechim.com.br\/portal\/#organization"},"image":{"@id":"https:\/\/radioatalaiafmerechim.com.br\/portal\/dia-do-padre\/#primaryimage"},"thumbnailUrl":"https:\/\/radioatalaiafmerechim.com.br\/portal\/wp-content\/uploads\/2026\/08\/dia-do-padre.webp","articleSection":["HIST\u00d3RIA","RELIGI\u00c3O"],"inLanguage":"pt-PT","potentialAction":[{"@type":"CommentAction","name":"Comment","target":["https:\/\/radioatalaiafmerechim.com.br\/portal\/dia-do-padre\/#respond"]}]},{"@type":"WebPage","@id":"https:\/\/radioatalaiafmerechim.com.br\/portal\/dia-do-padre\/","url":"https:\/\/radioatalaiafmerechim.com.br\/portal\/dia-do-padre\/","name":"Dia do Padre! - R\u00e1dio Atalaia Fm Erechim","isPartOf":{"@id":"https:\/\/radioatalaiafmerechim.com.br\/portal\/#website"},"primaryImageOfPage":{"@id":"https:\/\/radioatalaiafmerechim.com.br\/portal\/dia-do-padre\/#primaryimage"},"image":{"@id":"https:\/\/radioatalaiafmerechim.com.br\/portal\/dia-do-padre\/#primaryimage"},"thumbnailUrl":"https:\/\/radioatalaiafmerechim.com.br\/portal\/wp-content\/uploads\/2026\/08\/dia-do-padre.webp","datePublished":"2026-08-04T11:34:57+00:00","dateModified":"2026-08-04T11:34:59+00:00","breadcrumb":{"@id":"https:\/\/radioatalaiafmerechim.com.br\/portal\/dia-do-padre\/#breadcrumb"},"inLanguage":"pt-PT","potentialAction":[{"@type":"ReadAction","target":["https:\/\/radioatalaiafmerechim.com.br\/portal\/dia-do-padre\/"]}]},{"@type":"ImageObject","inLanguage":"pt-PT","@id":"https:\/\/radioatalaiafmerechim.com.br\/portal\/dia-do-padre\/#primaryimage","url":"https:\/\/radioatalaiafmerechim.com.br\/portal\/wp-content\/uploads\/2026\/08\/dia-do-padre.webp","contentUrl":"https:\/\/radioatalaiafmerechim.com.br\/portal\/wp-content\/uploads\/2026\/08\/dia-do-padre.webp","width":1400,"height":1050},{"@type":"BreadcrumbList","@id":"https:\/\/radioatalaiafmerechim.com.br\/portal\/dia-do-padre\/#breadcrumb","itemListElement":[{"@type":"ListItem","position":1,"name":"In\u00edcio","item":"https:\/\/radioatalaiafmerechim.com.br\/portal\/"},{"@type":"ListItem","position":2,"name":"Dia do Padre!"}]},{"@type":"WebSite","@id":"https:\/\/radioatalaiafmerechim.com.br\/portal\/#website","url":"https:\/\/radioatalaiafmerechim.com.br\/portal\/","name":"R\u00e1dio Atalaia Fm Erechim","description":"","publisher":{"@id":"https:\/\/radioatalaiafmerechim.com.br\/portal\/#organization"},"potentialAction":[{"@type":"SearchAction","target":{"@type":"EntryPoint","urlTemplate":"https:\/\/radioatalaiafmerechim.com.br\/portal\/?s={search_term_string}"},"query-input":{"@type":"PropertyValueSpecification","valueRequired":true,"valueName":"search_term_string"}}],"inLanguage":"pt-PT"},{"@type":"Organization","@id":"https:\/\/radioatalaiafmerechim.com.br\/portal\/#organization","name":"R\u00e1dio Atalaia Fm Erechim","url":"https:\/\/radioatalaiafmerechim.com.br\/portal\/","logo":{"@type":"ImageObject","inLanguage":"pt-PT","@id":"https:\/\/radioatalaiafmerechim.com.br\/portal\/#\/schema\/logo\/image\/","url":"https:\/\/radioatalaiafmerechim.com.br\/portal\/wp-content\/uploads\/2026\/08\/WhatsApp-Image-2026-08-20-at-19.15.33-2.jpeg","contentUrl":"https:\/\/radioatalaiafmerechim.com.br\/portal\/wp-content\/uploads\/2026\/08\/WhatsApp-Image-2026-08-20-at-19.15.33-2.jpeg","width":1536,"height":1024,"caption":"R\u00e1dio Atalaia Fm Erechim"},"image":{"@id":"https:\/\/radioatalaiafmerechim.com.br\/portal\/#\/schema\/logo\/image\/"}},{"@type":"Person","@id":"https:\/\/radioatalaiafmerechim.com.br\/portal\/#\/schema\/person\/22dc9addc520b1490990ddb312f4244d","name":"luiscarlosmattos44@gmail.com","image":{"@type":"ImageObject","inLanguage":"pt-PT","@id":"https:\/\/secure.gravatar.com\/avatar\/3165018682ad5ebeb6c6303c432e2424711519c66b404df31f016c3cbaffbeb2?s=96&d=mm&r=g","url":"https:\/\/secure.gravatar.com\/avatar\/3165018682ad5ebeb6c6303c432e2424711519c66b404df31f016c3cbaffbeb2?s=96&d=mm&r=g","contentUrl":"https:\/\/secure.gravatar.com\/avatar\/3165018682ad5ebeb6c6303c432e2424711519c66b404df31f016c3cbaffbeb2?s=96&d=mm&r=g","caption":"luiscarlosmattos44@gmail.com"},"sameAs":["https:\/\/radioatalaiafmerechim.com.br\/portal\/"],"url":"https:\/\/radioatalaiafmerechim.com.br\/portal\/author\/luiscarlosmattos\/"}]}},"_links":{"self":[{"href":"https:\/\/radioatalaiafmerechim.com.br\/portal\/wp-json\/wp\/v2\/posts\/12277","targetHints":{"allow":["GET"]}}],"collection":[{"href":"https:\/\/radioatalaiafmerechim.com.br\/portal\/wp-json\/wp\/v2\/posts"}],"about":[{"href":"https:\/\/radioatalaiafmerechim.com.br\/portal\/wp-json\/wp\/v2\/types\/post"}],"author":[{"embeddable":true,"href":"https:\/\/radioatalaiafmerechim.com.br\/portal\/wp-json\/wp\/v2\/users\/4"}],"replies":[{"embeddable":true,"href":"https:\/\/radioatalaiafmerechim.com.br\/portal\/wp-json\/wp\/v2\/comments?post=12277"}],"version-history":[{"count":1,"href":"https:\/\/radioatalaiafmerechim.com.br\/portal\/wp-json\/wp\/v2\/posts\/12277\/revisions"}],"predecessor-version":[{"id":12281,"href":"https:\/\/radioatalaiafmerechim.com.br\/portal\/wp-json\/wp\/v2\/posts\/12277\/revisions\/12281"}],"wp:featuredmedia":[{"embeddable":true,"href":"https:\/\/radioatalaiafmerechim.com.br\/portal\/wp-json\/wp\/v2\/media\/12280"}],"wp:attachment":[{"href":"https:\/\/radioatalaiafmerechim.com.br\/portal\/wp-json\/wp\/v2\/media?parent=12277"}],"wp:term":[{"taxonomy":"category","embeddable":true,"href":"https:\/\/radioatalaiafmerechim.com.br\/portal\/wp-json\/wp\/v2\/categories?post=12277"},{"taxonomy":"post_tag","embeddable":true,"href":"https:\/\/radioatalaiafmerechim.com.br\/portal\/wp-json\/wp\/v2\/tags?post=12277"}],"curies":[{"name":"wp","href":"https:\/\/api.w.org\/{rel}","templated":true}]}}