{"id":12256,"date":"2026-08-03T19:30:21","date_gmt":"2026-08-03T22:30:21","guid":{"rendered":"https:\/\/conexaoerechim.com.br\/?p=12256"},"modified":"2026-08-03T19:30:23","modified_gmt":"2026-08-03T22:30:23","slug":"venezuela7-milhoes-de-pessoas-marcham-para-jesus","status":"publish","type":"post","link":"https:\/\/radioatalaiafmerechim.com.br\/portal\/venezuela7-milhoes-de-pessoas-marcham-para-jesus\/","title":{"rendered":"Venezuela:7 milh\u00f5es de pessoas marcham para Jesus."},"content":{"rendered":"\n<p class=\"has-medium-font-size wp-block-paragraph\"><strong>No \u00faltimo s\u00e1bado (1), 7 milh\u00f5es de pessoas foram \u00e0s ruas da Venezuela para participar da Marcha para Jesus em 300 cidades.<\/strong><br>A mobiliza\u00e7\u00e3o principal aconteceu na capital Caracas. Simultaneamente, outras marchas aconteceram em todos os 24 estados do pa\u00eds.<br>Fam\u00edlias, pessoas de todas as idades e l\u00edderes crist\u00e3os caminharam pelas principais ruas da Venezuela, louvando a Deus, fazendo ora\u00e7\u00f5es e pregando o Evangelho.<br>\u201cQue grande presente foi marchar juntos e proclamar o amor de Deus. Isto n\u00e3o foi apenas um evento, foi o in\u00edcio de algo mais profundo. O melhor est\u00e1 por vir!\u201d, ressaltaram os organizadores da marcha.<br>\u201c<strong>A Venezuela vai tocar o manto de Cristo\u201d<\/strong><br>O evento tamb\u00e9m contou com momentos de intercess\u00e3o, grupos adorando a Deus com dan\u00e7as no meio da multid\u00e3o e cantores guiando o louvor durante o percurso.<br>Muitos l\u00edderes pregaram mensagens sobre o amor incondicional de Deus pela Venezuela e pelos venezuelanos.<\/p>\n\n\n\n<p class=\"wp-block-paragraph\"><a href=\"https:\/\/guiame.com.br\"><strong>https:\/\/guiame.com.br<\/strong><\/a><\/p>\n\n\n\n<p class=\"wp-block-paragraph\"><\/p>\n","protected":false},"excerpt":{"rendered":"<p>No \u00faltimo s\u00e1bado (1), 7 milh\u00f5es de pessoas foram \u00e0s ruas da Venezuela para participar da Marcha para Jesus em 300 cidades.A mobiliza\u00e7\u00e3o principal aconteceu na capital Caracas. Simultaneamente, outras marchas aconteceram em todos os 24 estados do pa\u00eds.Fam\u00edlias, pessoas de todas as idades e l\u00edderes crist\u00e3os caminharam pelas principais ruas da Venezuela, louvando a&#8230;<\/p>\n","protected":false},"author":4,"featured_media":12259,"comment_status":"open","ping_status":"open","sticky":false,"template":"","format":"standard","meta":{"pagelayer_contact_templates":[],"_pagelayer_content":"","footnotes":""},"categories":[46,64],"tags":[],"class_list":["post-12256","post","type-post","status-publish","format-standard","has-post-thumbnail","hentry","category-mundo","category-religiao"],"yoast_head":"<!-- This site is optimized with the Yoast SEO plugin v28.3 - https:\/\/yoast.com\/product\/yoast-seo-wordpress\/ -->\n<title>Venezuela:7 milh\u00f5es de pessoas marcham para Jesus. - R\u00e1dio Atalaia Fm Erechim<\/title>\n<meta name=\"robots\" content=\"index, follow, max-snippet:-1, max-image-preview:large, max-video-preview:-1\" \/>\n<link rel=\"canonical\" href=\"https:\/\/radioatalaiafmerechim.com.br\/portal\/venezuela7-milhoes-de-pessoas-marcham-para-jesus\/\" \/>\n<meta property=\"og:locale\" content=\"pt_PT\" \/>\n<meta property=\"og:type\" content=\"article\" \/>\n<meta property=\"og:title\" content=\"Venezuela:7 milh\u00f5es de pessoas marcham para Jesus. - R\u00e1dio Atalaia Fm Erechim\" \/>\n<meta property=\"og:description\" content=\"No \u00faltimo s\u00e1bado (1), 7 milh\u00f5es de pessoas foram \u00e0s ruas da Venezuela para participar da Marcha para Jesus em 300 cidades.A mobiliza\u00e7\u00e3o principal aconteceu na capital Caracas. Simultaneamente, outras marchas aconteceram em todos os 24 estados do pa\u00eds.Fam\u00edlias, pessoas de todas as idades e l\u00edderes crist\u00e3os caminharam pelas principais ruas da Venezuela, louvando a...\" \/>\n<meta property=\"og:url\" content=\"https:\/\/radioatalaiafmerechim.com.br\/portal\/venezuela7-milhoes-de-pessoas-marcham-para-jesus\/\" \/>\n<meta property=\"og:site_name\" content=\"R\u00e1dio Atalaia Fm Erechim\" \/>\n<meta property=\"article:published_time\" content=\"2026-08-03T22:30:21+00:00\" \/>\n<meta property=\"article:modified_time\" content=\"2026-08-03T22:30:23+00:00\" \/>\n<meta property=\"og:image\" content=\"https:\/\/conexaoerechim.com.br\/wp-content\/uploads\/2026\/08\/marcha-jesus.webp\" \/>\n\t<meta property=\"og:image:width\" content=\"840\" \/>\n\t<meta property=\"og:image:height\" content=\"500\" \/>\n\t<meta property=\"og:image:type\" content=\"image\/webp\" \/>\n<meta name=\"author\" content=\"luiscarlosmattos44@gmail.com\" \/>\n<meta name=\"twitter:card\" content=\"summary_large_image\" \/>\n<meta name=\"twitter:label1\" content=\"Escrito por\" \/>\n\t<meta name=\"twitter:data1\" content=\"luiscarlosmattos44@gmail.com\" \/>\n\t<meta name=\"twitter:label2\" content=\"Tempo estimado de leitura\" \/>\n\t<meta name=\"twitter:data2\" content=\"2 minutos\" \/>\n<script type=\"application\/ld+json\" class=\"yoast-schema-graph\">{\"@context\":\"https:\\\/\\\/schema.org\",\"@graph\":[{\"@type\":\"Article\",\"@id\":\"https:\\\/\\\/radioatalaiafmerechim.com.br\\\/portal\\\/venezuela7-milhoes-de-pessoas-marcham-para-jesus\\\/#article\",\"isPartOf\":{\"@id\":\"https:\\\/\\\/radioatalaiafmerechim.com.br\\\/portal\\\/venezuela7-milhoes-de-pessoas-marcham-para-jesus\\\/\"},\"author\":{\"name\":\"luiscarlosmattos44@gmail.com\",\"@id\":\"https:\\\/\\\/radioatalaiafmerechim.com.br\\\/portal\\\/#\\\/schema\\\/person\\\/22dc9addc520b1490990ddb312f4244d\"},\"headline\":\"Venezuela:7 milh\u00f5es de pessoas marcham para Jesus.\",\"datePublished\":\"2026-08-03T22:30:21+00:00\",\"dateModified\":\"2026-08-03T22:30:23+00:00\",\"mainEntityOfPage\":{\"@id\":\"https:\\\/\\\/radioatalaiafmerechim.com.br\\\/portal\\\/venezuela7-milhoes-de-pessoas-marcham-para-jesus\\\/\"},\"wordCount\":171,\"commentCount\":0,\"publisher\":{\"@id\":\"https:\\\/\\\/radioatalaiafmerechim.com.br\\\/portal\\\/#organization\"},\"image\":{\"@id\":\"https:\\\/\\\/radioatalaiafmerechim.com.br\\\/portal\\\/venezuela7-milhoes-de-pessoas-marcham-para-jesus\\\/#primaryimage\"},\"thumbnailUrl\":\"https:\\\/\\\/radioatalaiafmerechim.com.br\\\/portal\\\/wp-content\\\/uploads\\\/2026\\\/08\\\/marcha-jesus.webp\",\"articleSection\":[\"MUNDO\",\"RELIGI\u00c3O\"],\"inLanguage\":\"pt-PT\",\"potentialAction\":[{\"@type\":\"CommentAction\",\"name\":\"Comment\",\"target\":[\"https:\\\/\\\/radioatalaiafmerechim.com.br\\\/portal\\\/venezuela7-milhoes-de-pessoas-marcham-para-jesus\\\/#respond\"]}]},{\"@type\":\"WebPage\",\"@id\":\"https:\\\/\\\/radioatalaiafmerechim.com.br\\\/portal\\\/venezuela7-milhoes-de-pessoas-marcham-para-jesus\\\/\",\"url\":\"https:\\\/\\\/radioatalaiafmerechim.com.br\\\/portal\\\/venezuela7-milhoes-de-pessoas-marcham-para-jesus\\\/\",\"name\":\"Venezuela:7 milh\u00f5es de pessoas marcham para Jesus. - R\u00e1dio Atalaia Fm Erechim\",\"isPartOf\":{\"@id\":\"https:\\\/\\\/radioatalaiafmerechim.com.br\\\/portal\\\/#website\"},\"primaryImageOfPage\":{\"@id\":\"https:\\\/\\\/radioatalaiafmerechim.com.br\\\/portal\\\/venezuela7-milhoes-de-pessoas-marcham-para-jesus\\\/#primaryimage\"},\"image\":{\"@id\":\"https:\\\/\\\/radioatalaiafmerechim.com.br\\\/portal\\\/venezuela7-milhoes-de-pessoas-marcham-para-jesus\\\/#primaryimage\"},\"thumbnailUrl\":\"https:\\\/\\\/radioatalaiafmerechim.com.br\\\/portal\\\/wp-content\\\/uploads\\\/2026\\\/08\\\/marcha-jesus.webp\",\"datePublished\":\"2026-08-03T22:30:21+00:00\",\"dateModified\":\"2026-08-03T22:30:23+00:00\",\"breadcrumb\":{\"@id\":\"https:\\\/\\\/radioatalaiafmerechim.com.br\\\/portal\\\/venezuela7-milhoes-de-pessoas-marcham-para-jesus\\\/#breadcrumb\"},\"inLanguage\":\"pt-PT\",\"potentialAction\":[{\"@type\":\"ReadAction\",\"target\":[\"https:\\\/\\\/radioatalaiafmerechim.com.br\\\/portal\\\/venezuela7-milhoes-de-pessoas-marcham-para-jesus\\\/\"]}]},{\"@type\":\"ImageObject\",\"inLanguage\":\"pt-PT\",\"@id\":\"https:\\\/\\\/radioatalaiafmerechim.com.br\\\/portal\\\/venezuela7-milhoes-de-pessoas-marcham-para-jesus\\\/#primaryimage\",\"url\":\"https:\\\/\\\/radioatalaiafmerechim.com.br\\\/portal\\\/wp-content\\\/uploads\\\/2026\\\/08\\\/marcha-jesus.webp\",\"contentUrl\":\"https:\\\/\\\/radioatalaiafmerechim.com.br\\\/portal\\\/wp-content\\\/uploads\\\/2026\\\/08\\\/marcha-jesus.webp\",\"width\":840,\"height\":500},{\"@type\":\"BreadcrumbList\",\"@id\":\"https:\\\/\\\/radioatalaiafmerechim.com.br\\\/portal\\\/venezuela7-milhoes-de-pessoas-marcham-para-jesus\\\/#breadcrumb\",\"itemListElement\":[{\"@type\":\"ListItem\",\"position\":1,\"name\":\"In\u00edcio\",\"item\":\"https:\\\/\\\/radioatalaiafmerechim.com.br\\\/portal\\\/\"},{\"@type\":\"ListItem\",\"position\":2,\"name\":\"Venezuela:7 milh\u00f5es de pessoas marcham para Jesus.\"}]},{\"@type\":\"WebSite\",\"@id\":\"https:\\\/\\\/radioatalaiafmerechim.com.br\\\/portal\\\/#website\",\"url\":\"https:\\\/\\\/radioatalaiafmerechim.com.br\\\/portal\\\/\",\"name\":\"R\u00e1dio Atalaia Fm Erechim\",\"description\":\"\",\"publisher\":{\"@id\":\"https:\\\/\\\/radioatalaiafmerechim.com.br\\\/portal\\\/#organization\"},\"potentialAction\":[{\"@type\":\"SearchAction\",\"target\":{\"@type\":\"EntryPoint\",\"urlTemplate\":\"https:\\\/\\\/radioatalaiafmerechim.com.br\\\/portal\\\/?s={search_term_string}\"},\"query-input\":{\"@type\":\"PropertyValueSpecification\",\"valueRequired\":true,\"valueName\":\"search_term_string\"}}],\"inLanguage\":\"pt-PT\"},{\"@type\":\"Organization\",\"@id\":\"https:\\\/\\\/radioatalaiafmerechim.com.br\\\/portal\\\/#organization\",\"name\":\"R\u00e1dio Atalaia Fm Erechim\",\"url\":\"https:\\\/\\\/radioatalaiafmerechim.com.br\\\/portal\\\/\",\"logo\":{\"@type\":\"ImageObject\",\"inLanguage\":\"pt-PT\",\"@id\":\"https:\\\/\\\/radioatalaiafmerechim.com.br\\\/portal\\\/#\\\/schema\\\/logo\\\/image\\\/\",\"url\":\"https:\\\/\\\/radioatalaiafmerechim.com.br\\\/portal\\\/wp-content\\\/uploads\\\/2026\\\/08\\\/WhatsApp-Image-2026-08-20-at-19.15.33-2.jpeg\",\"contentUrl\":\"https:\\\/\\\/radioatalaiafmerechim.com.br\\\/portal\\\/wp-content\\\/uploads\\\/2026\\\/08\\\/WhatsApp-Image-2026-08-20-at-19.15.33-2.jpeg\",\"width\":1536,\"height\":1024,\"caption\":\"R\u00e1dio Atalaia Fm Erechim\"},\"image\":{\"@id\":\"https:\\\/\\\/radioatalaiafmerechim.com.br\\\/portal\\\/#\\\/schema\\\/logo\\\/image\\\/\"}},{\"@type\":\"Person\",\"@id\":\"https:\\\/\\\/radioatalaiafmerechim.com.br\\\/portal\\\/#\\\/schema\\\/person\\\/22dc9addc520b1490990ddb312f4244d\",\"name\":\"luiscarlosmattos44@gmail.com\",\"image\":{\"@type\":\"ImageObject\",\"inLanguage\":\"pt-PT\",\"@id\":\"https:\\\/\\\/secure.gravatar.com\\\/avatar\\\/3165018682ad5ebeb6c6303c432e2424711519c66b404df31f016c3cbaffbeb2?s=96&d=mm&r=g\",\"url\":\"https:\\\/\\\/secure.gravatar.com\\\/avatar\\\/3165018682ad5ebeb6c6303c432e2424711519c66b404df31f016c3cbaffbeb2?s=96&d=mm&r=g\",\"contentUrl\":\"https:\\\/\\\/secure.gravatar.com\\\/avatar\\\/3165018682ad5ebeb6c6303c432e2424711519c66b404df31f016c3cbaffbeb2?s=96&d=mm&r=g\",\"caption\":\"luiscarlosmattos44@gmail.com\"},\"sameAs\":[\"https:\\\/\\\/radioatalaiafmerechim.com.br\\\/portal\\\/\"],\"url\":\"https:\\\/\\\/radioatalaiafmerechim.com.br\\\/portal\\\/author\\\/luiscarlosmattos\\\/\"}]}<\/script>\n<!-- \/ Yoast SEO plugin. -->","yoast_head_json":{"title":"Venezuela:7 milh\u00f5es de pessoas marcham para Jesus. - R\u00e1dio Atalaia Fm Erechim","robots":{"index":"index","follow":"follow","max-snippet":"max-snippet:-1","max-image-preview":"max-image-preview:large","max-video-preview":"max-video-preview:-1"},"canonical":"https:\/\/radioatalaiafmerechim.com.br\/portal\/venezuela7-milhoes-de-pessoas-marcham-para-jesus\/","og_locale":"pt_PT","og_type":"article","og_title":"Venezuela:7 milh\u00f5es de pessoas marcham para Jesus. - R\u00e1dio Atalaia Fm Erechim","og_description":"No \u00faltimo s\u00e1bado (1), 7 milh\u00f5es de pessoas foram \u00e0s ruas da Venezuela para participar da Marcha para Jesus em 300 cidades.A mobiliza\u00e7\u00e3o principal aconteceu na capital Caracas. Simultaneamente, outras marchas aconteceram em todos os 24 estados do pa\u00eds.Fam\u00edlias, pessoas de todas as idades e l\u00edderes crist\u00e3os caminharam pelas principais ruas da Venezuela, louvando a...","og_url":"https:\/\/radioatalaiafmerechim.com.br\/portal\/venezuela7-milhoes-de-pessoas-marcham-para-jesus\/","og_site_name":"R\u00e1dio Atalaia Fm Erechim","article_published_time":"2026-08-03T22:30:21+00:00","article_modified_time":"2026-08-03T22:30:23+00:00","og_image":[{"width":840,"height":500,"url":"https:\/\/conexaoerechim.com.br\/wp-content\/uploads\/2026\/08\/marcha-jesus.webp","type":"image\/webp"}],"author":"luiscarlosmattos44@gmail.com","twitter_card":"summary_large_image","twitter_misc":{"Escrito por":"luiscarlosmattos44@gmail.com","Tempo estimado de leitura":"2 minutos"},"schema":{"@context":"https:\/\/schema.org","@graph":[{"@type":"Article","@id":"https:\/\/radioatalaiafmerechim.com.br\/portal\/venezuela7-milhoes-de-pessoas-marcham-para-jesus\/#article","isPartOf":{"@id":"https:\/\/radioatalaiafmerechim.com.br\/portal\/venezuela7-milhoes-de-pessoas-marcham-para-jesus\/"},"author":{"name":"luiscarlosmattos44@gmail.com","@id":"https:\/\/radioatalaiafmerechim.com.br\/portal\/#\/schema\/person\/22dc9addc520b1490990ddb312f4244d"},"headline":"Venezuela:7 milh\u00f5es de pessoas marcham para Jesus.","datePublished":"2026-08-03T22:30:21+00:00","dateModified":"2026-08-03T22:30:23+00:00","mainEntityOfPage":{"@id":"https:\/\/radioatalaiafmerechim.com.br\/portal\/venezuela7-milhoes-de-pessoas-marcham-para-jesus\/"},"wordCount":171,"commentCount":0,"publisher":{"@id":"https:\/\/radioatalaiafmerechim.com.br\/portal\/#organization"},"image":{"@id":"https:\/\/radioatalaiafmerechim.com.br\/portal\/venezuela7-milhoes-de-pessoas-marcham-para-jesus\/#primaryimage"},"thumbnailUrl":"https:\/\/radioatalaiafmerechim.com.br\/portal\/wp-content\/uploads\/2026\/08\/marcha-jesus.webp","articleSection":["MUNDO","RELIGI\u00c3O"],"inLanguage":"pt-PT","potentialAction":[{"@type":"CommentAction","name":"Comment","target":["https:\/\/radioatalaiafmerechim.com.br\/portal\/venezuela7-milhoes-de-pessoas-marcham-para-jesus\/#respond"]}]},{"@type":"WebPage","@id":"https:\/\/radioatalaiafmerechim.com.br\/portal\/venezuela7-milhoes-de-pessoas-marcham-para-jesus\/","url":"https:\/\/radioatalaiafmerechim.com.br\/portal\/venezuela7-milhoes-de-pessoas-marcham-para-jesus\/","name":"Venezuela:7 milh\u00f5es de pessoas marcham para Jesus. - R\u00e1dio Atalaia Fm Erechim","isPartOf":{"@id":"https:\/\/radioatalaiafmerechim.com.br\/portal\/#website"},"primaryImageOfPage":{"@id":"https:\/\/radioatalaiafmerechim.com.br\/portal\/venezuela7-milhoes-de-pessoas-marcham-para-jesus\/#primaryimage"},"image":{"@id":"https:\/\/radioatalaiafmerechim.com.br\/portal\/venezuela7-milhoes-de-pessoas-marcham-para-jesus\/#primaryimage"},"thumbnailUrl":"https:\/\/radioatalaiafmerechim.com.br\/portal\/wp-content\/uploads\/2026\/08\/marcha-jesus.webp","datePublished":"2026-08-03T22:30:21+00:00","dateModified":"2026-08-03T22:30:23+00:00","breadcrumb":{"@id":"https:\/\/radioatalaiafmerechim.com.br\/portal\/venezuela7-milhoes-de-pessoas-marcham-para-jesus\/#breadcrumb"},"inLanguage":"pt-PT","potentialAction":[{"@type":"ReadAction","target":["https:\/\/radioatalaiafmerechim.com.br\/portal\/venezuela7-milhoes-de-pessoas-marcham-para-jesus\/"]}]},{"@type":"ImageObject","inLanguage":"pt-PT","@id":"https:\/\/radioatalaiafmerechim.com.br\/portal\/venezuela7-milhoes-de-pessoas-marcham-para-jesus\/#primaryimage","url":"https:\/\/radioatalaiafmerechim.com.br\/portal\/wp-content\/uploads\/2026\/08\/marcha-jesus.webp","contentUrl":"https:\/\/radioatalaiafmerechim.com.br\/portal\/wp-content\/uploads\/2026\/08\/marcha-jesus.webp","width":840,"height":500},{"@type":"BreadcrumbList","@id":"https:\/\/radioatalaiafmerechim.com.br\/portal\/venezuela7-milhoes-de-pessoas-marcham-para-jesus\/#breadcrumb","itemListElement":[{"@type":"ListItem","position":1,"name":"In\u00edcio","item":"https:\/\/radioatalaiafmerechim.com.br\/portal\/"},{"@type":"ListItem","position":2,"name":"Venezuela:7 milh\u00f5es de pessoas marcham para Jesus."}]},{"@type":"WebSite","@id":"https:\/\/radioatalaiafmerechim.com.br\/portal\/#website","url":"https:\/\/radioatalaiafmerechim.com.br\/portal\/","name":"R\u00e1dio Atalaia Fm Erechim","description":"","publisher":{"@id":"https:\/\/radioatalaiafmerechim.com.br\/portal\/#organization"},"potentialAction":[{"@type":"SearchAction","target":{"@type":"EntryPoint","urlTemplate":"https:\/\/radioatalaiafmerechim.com.br\/portal\/?s={search_term_string}"},"query-input":{"@type":"PropertyValueSpecification","valueRequired":true,"valueName":"search_term_string"}}],"inLanguage":"pt-PT"},{"@type":"Organization","@id":"https:\/\/radioatalaiafmerechim.com.br\/portal\/#organization","name":"R\u00e1dio Atalaia Fm Erechim","url":"https:\/\/radioatalaiafmerechim.com.br\/portal\/","logo":{"@type":"ImageObject","inLanguage":"pt-PT","@id":"https:\/\/radioatalaiafmerechim.com.br\/portal\/#\/schema\/logo\/image\/","url":"https:\/\/radioatalaiafmerechim.com.br\/portal\/wp-content\/uploads\/2026\/08\/WhatsApp-Image-2026-08-20-at-19.15.33-2.jpeg","contentUrl":"https:\/\/radioatalaiafmerechim.com.br\/portal\/wp-content\/uploads\/2026\/08\/WhatsApp-Image-2026-08-20-at-19.15.33-2.jpeg","width":1536,"height":1024,"caption":"R\u00e1dio Atalaia Fm Erechim"},"image":{"@id":"https:\/\/radioatalaiafmerechim.com.br\/portal\/#\/schema\/logo\/image\/"}},{"@type":"Person","@id":"https:\/\/radioatalaiafmerechim.com.br\/portal\/#\/schema\/person\/22dc9addc520b1490990ddb312f4244d","name":"luiscarlosmattos44@gmail.com","image":{"@type":"ImageObject","inLanguage":"pt-PT","@id":"https:\/\/secure.gravatar.com\/avatar\/3165018682ad5ebeb6c6303c432e2424711519c66b404df31f016c3cbaffbeb2?s=96&d=mm&r=g","url":"https:\/\/secure.gravatar.com\/avatar\/3165018682ad5ebeb6c6303c432e2424711519c66b404df31f016c3cbaffbeb2?s=96&d=mm&r=g","contentUrl":"https:\/\/secure.gravatar.com\/avatar\/3165018682ad5ebeb6c6303c432e2424711519c66b404df31f016c3cbaffbeb2?s=96&d=mm&r=g","caption":"luiscarlosmattos44@gmail.com"},"sameAs":["https:\/\/radioatalaiafmerechim.com.br\/portal\/"],"url":"https:\/\/radioatalaiafmerechim.com.br\/portal\/author\/luiscarlosmattos\/"}]}},"_links":{"self":[{"href":"https:\/\/radioatalaiafmerechim.com.br\/portal\/wp-json\/wp\/v2\/posts\/12256","targetHints":{"allow":["GET"]}}],"collection":[{"href":"https:\/\/radioatalaiafmerechim.com.br\/portal\/wp-json\/wp\/v2\/posts"}],"about":[{"href":"https:\/\/radioatalaiafmerechim.com.br\/portal\/wp-json\/wp\/v2\/types\/post"}],"author":[{"embeddable":true,"href":"https:\/\/radioatalaiafmerechim.com.br\/portal\/wp-json\/wp\/v2\/users\/4"}],"replies":[{"embeddable":true,"href":"https:\/\/radioatalaiafmerechim.com.br\/portal\/wp-json\/wp\/v2\/comments?post=12256"}],"version-history":[{"count":1,"href":"https:\/\/radioatalaiafmerechim.com.br\/portal\/wp-json\/wp\/v2\/posts\/12256\/revisions"}],"predecessor-version":[{"id":12260,"href":"https:\/\/radioatalaiafmerechim.com.br\/portal\/wp-json\/wp\/v2\/posts\/12256\/revisions\/12260"}],"wp:featuredmedia":[{"embeddable":true,"href":"https:\/\/radioatalaiafmerechim.com.br\/portal\/wp-json\/wp\/v2\/media\/12259"}],"wp:attachment":[{"href":"https:\/\/radioatalaiafmerechim.com.br\/portal\/wp-json\/wp\/v2\/media?parent=12256"}],"wp:term":[{"taxonomy":"category","embeddable":true,"href":"https:\/\/radioatalaiafmerechim.com.br\/portal\/wp-json\/wp\/v2\/categories?post=12256"},{"taxonomy":"post_tag","embeddable":true,"href":"https:\/\/radioatalaiafmerechim.com.br\/portal\/wp-json\/wp\/v2\/tags?post=12256"}],"curies":[{"name":"wp","href":"https:\/\/api.w.org\/{rel}","templated":true}]}}