{"id":12242,"date":"2026-08-03T11:22:30","date_gmt":"2026-08-03T14:22:30","guid":{"rendered":"https:\/\/conexaoerechim.com.br\/?p=12242"},"modified":"2026-08-03T11:22:32","modified_gmt":"2026-08-03T14:22:32","slug":"a-vacina-que-mira-o-hiv","status":"publish","type":"post","link":"https:\/\/radioatalaiafmerechim.com.br\/portal\/a-vacina-que-mira-o-hiv\/","title":{"rendered":"A vacina que mira\u00a0o HIV?"},"content":{"rendered":"\n<p class=\"wp-block-paragraph\"><strong>A vacina que mira o &#8220;calcanhar de Aquiles&#8221; do HIV<\/strong>.<\/p>\n\n\n\n<p class=\"has-medium-font-size wp-block-paragraph\">Cada vez mais perto da cura. Um estudo publicado na revista Nature \u2014 e apresentado na Confer\u00eancia Internacional de Aids, no Rio de Janeiro \u2014 demonstrou uma nova estrat\u00e9gia de vacina que induziu anticorpos capazes de neutralizar m\u00faltiplas cepas do HIV em macacos.<br>O trabalho foi feito com 24 macacos-rhesus, que receberam de cinco a sete doses ao longo de mais de dois anos.<br><strong>Sobre a estrat\u00e9gia<\/strong><br>O obst\u00e1culo hist\u00f3rico \u00e9 a alt\u00edssima variabilidade gen\u00e9tica do HIV. O v\u00edrus muda tanto que a defesa treinada contra uma vers\u00e3o dele simplesmente n\u00e3o reconhece as outras.<br>A sa\u00edda testada se chama germline-targeting, que, na pr\u00e1tica, significa ensinar o sistema imunol\u00f3gico por etapas.<br><strong>A primeira dose recruta as rar\u00edssimas c\u00e9lulas de defesa capazes de gerar os anticorpos certos<\/strong>;<br>&#8211;<em>Os refor\u00e7os seguintes v\u00e3o ficando cada vez mais parecidos com cepas reais do v\u00edrus, guiando essas c\u00e9lulas at\u00e9 a maturidade<\/em>;<br>&#8211;<em>Ao final, nanopart\u00edculas com m\u00faltiplas c\u00f3pias do ant\u00edgeno convertem a resposta de mem\u00f3ria em anticorpos circulantes.<br>-O alvo \u00e9 o supers\u00edtio V3-glycan, uma regi\u00e3o do envelope viral que o HIV n\u00e3o consegue modificar com facilidade. \u00c9 como se fosse o \u201cponto cego\u201d dele.<\/em><br><strong>O que os resultados mostraram<\/strong><br>Em mais da metade dos animais, a vacina gerou anticorpos que bloquearam at\u00e9 67% das variantes do HIV testadas em laborat\u00f3rio.<br>Em 44% deles, esses anticorpos apareceram circulando no sangue, que \u00e9 onde precisam estar para barrar o v\u00edrus de verdade.<br>O animal com melhor resposta bloqueou 84% das variantes, n\u00edvel que os autores estimam equivaler a uma prote\u00e7\u00e3o de 75% a 90%.<br>Mas, embora os resultados sejam animadores, existem ressalvas. Os pr\u00f3prios pesquisadores reconhecem que sete doses ao longo de dois anos \u00e9 um cronograma invi\u00e1vel para uma vacina de uso amplo. Isso sem contar que a durabilidade da prote\u00e7\u00e3o ainda n\u00e3o foi avaliada.<\/p>\n\n\n\n<p class=\"wp-block-paragraph\"><strong>the news health<\/strong><\/p>\n\n\n\n<p class=\"wp-block-paragraph\"><\/p>\n\n\n\n<p class=\"wp-block-paragraph\"><\/p>\n","protected":false},"excerpt":{"rendered":"<p>A vacina que mira o &#8220;calcanhar de Aquiles&#8221; do HIV. Cada vez mais perto da cura. Um estudo publicado na revista Nature \u2014 e apresentado na Confer\u00eancia Internacional de Aids, no Rio de Janeiro \u2014 demonstrou uma nova estrat\u00e9gia de vacina que induziu anticorpos capazes de neutralizar m\u00faltiplas cepas do HIV em macacos.O trabalho foi&#8230;<\/p>\n","protected":false},"author":4,"featured_media":12245,"comment_status":"open","ping_status":"open","sticky":false,"template":"","format":"standard","meta":{"pagelayer_contact_templates":[],"_pagelayer_content":"","footnotes":""},"categories":[1],"tags":[],"class_list":["post-12242","post","type-post","status-publish","format-standard","has-post-thumbnail","hentry","category-estudo"],"yoast_head":"<!-- This site is optimized with the Yoast SEO plugin v28.3 - https:\/\/yoast.com\/product\/yoast-seo-wordpress\/ -->\n<title>A vacina que mira\u00a0o HIV? - R\u00e1dio Atalaia Fm Erechim<\/title>\n<meta name=\"robots\" content=\"index, follow, max-snippet:-1, max-image-preview:large, max-video-preview:-1\" \/>\n<link rel=\"canonical\" href=\"https:\/\/radioatalaiafmerechim.com.br\/portal\/a-vacina-que-mira-o-hiv\/\" \/>\n<meta property=\"og:locale\" content=\"pt_PT\" \/>\n<meta property=\"og:type\" content=\"article\" \/>\n<meta property=\"og:title\" content=\"A vacina que mira\u00a0o HIV? - R\u00e1dio Atalaia Fm Erechim\" \/>\n<meta property=\"og:description\" content=\"A vacina que mira o &#8220;calcanhar de Aquiles&#8221; do HIV. Cada vez mais perto da cura. Um estudo publicado na revista Nature \u2014 e apresentado na Confer\u00eancia Internacional de Aids, no Rio de Janeiro \u2014 demonstrou uma nova estrat\u00e9gia de vacina que induziu anticorpos capazes de neutralizar m\u00faltiplas cepas do HIV em macacos.O trabalho foi...\" \/>\n<meta property=\"og:url\" content=\"https:\/\/radioatalaiafmerechim.com.br\/portal\/a-vacina-que-mira-o-hiv\/\" \/>\n<meta property=\"og:site_name\" content=\"R\u00e1dio Atalaia Fm Erechim\" \/>\n<meta property=\"article:published_time\" content=\"2026-08-03T14:22:30+00:00\" \/>\n<meta property=\"article:modified_time\" content=\"2026-08-03T14:22:32+00:00\" \/>\n<meta property=\"og:image\" content=\"https:\/\/conexaoerechim.com.br\/wp-content\/uploads\/2026\/08\/vacinaaaa.png\" \/>\n\t<meta property=\"og:image:width\" content=\"1566\" \/>\n\t<meta property=\"og:image:height\" content=\"872\" \/>\n\t<meta property=\"og:image:type\" content=\"image\/png\" \/>\n<meta name=\"author\" content=\"luiscarlosmattos44@gmail.com\" \/>\n<meta name=\"twitter:card\" content=\"summary_large_image\" \/>\n<meta name=\"twitter:label1\" content=\"Escrito por\" \/>\n\t<meta name=\"twitter:data1\" content=\"luiscarlosmattos44@gmail.com\" \/>\n\t<meta name=\"twitter:label2\" content=\"Tempo estimado de leitura\" \/>\n\t<meta name=\"twitter:data2\" content=\"2 minutos\" \/>\n<script type=\"application\/ld+json\" class=\"yoast-schema-graph\">{\"@context\":\"https:\\\/\\\/schema.org\",\"@graph\":[{\"@type\":\"Article\",\"@id\":\"https:\\\/\\\/radioatalaiafmerechim.com.br\\\/portal\\\/a-vacina-que-mira-o-hiv\\\/#article\",\"isPartOf\":{\"@id\":\"https:\\\/\\\/radioatalaiafmerechim.com.br\\\/portal\\\/a-vacina-que-mira-o-hiv\\\/\"},\"author\":{\"name\":\"luiscarlosmattos44@gmail.com\",\"@id\":\"https:\\\/\\\/radioatalaiafmerechim.com.br\\\/portal\\\/#\\\/schema\\\/person\\\/22dc9addc520b1490990ddb312f4244d\"},\"headline\":\"A vacina que mira\u00a0o HIV?\",\"datePublished\":\"2026-08-03T14:22:30+00:00\",\"dateModified\":\"2026-08-03T14:22:32+00:00\",\"mainEntityOfPage\":{\"@id\":\"https:\\\/\\\/radioatalaiafmerechim.com.br\\\/portal\\\/a-vacina-que-mira-o-hiv\\\/\"},\"wordCount\":341,\"commentCount\":0,\"publisher\":{\"@id\":\"https:\\\/\\\/radioatalaiafmerechim.com.br\\\/portal\\\/#organization\"},\"image\":{\"@id\":\"https:\\\/\\\/radioatalaiafmerechim.com.br\\\/portal\\\/a-vacina-que-mira-o-hiv\\\/#primaryimage\"},\"thumbnailUrl\":\"https:\\\/\\\/radioatalaiafmerechim.com.br\\\/portal\\\/wp-content\\\/uploads\\\/2026\\\/08\\\/vacinaaaa.png\",\"articleSection\":[\"Estudo\"],\"inLanguage\":\"pt-PT\",\"potentialAction\":[{\"@type\":\"CommentAction\",\"name\":\"Comment\",\"target\":[\"https:\\\/\\\/radioatalaiafmerechim.com.br\\\/portal\\\/a-vacina-que-mira-o-hiv\\\/#respond\"]}]},{\"@type\":\"WebPage\",\"@id\":\"https:\\\/\\\/radioatalaiafmerechim.com.br\\\/portal\\\/a-vacina-que-mira-o-hiv\\\/\",\"url\":\"https:\\\/\\\/radioatalaiafmerechim.com.br\\\/portal\\\/a-vacina-que-mira-o-hiv\\\/\",\"name\":\"A vacina que mira\u00a0o HIV? - R\u00e1dio Atalaia Fm Erechim\",\"isPartOf\":{\"@id\":\"https:\\\/\\\/radioatalaiafmerechim.com.br\\\/portal\\\/#website\"},\"primaryImageOfPage\":{\"@id\":\"https:\\\/\\\/radioatalaiafmerechim.com.br\\\/portal\\\/a-vacina-que-mira-o-hiv\\\/#primaryimage\"},\"image\":{\"@id\":\"https:\\\/\\\/radioatalaiafmerechim.com.br\\\/portal\\\/a-vacina-que-mira-o-hiv\\\/#primaryimage\"},\"thumbnailUrl\":\"https:\\\/\\\/radioatalaiafmerechim.com.br\\\/portal\\\/wp-content\\\/uploads\\\/2026\\\/08\\\/vacinaaaa.png\",\"datePublished\":\"2026-08-03T14:22:30+00:00\",\"dateModified\":\"2026-08-03T14:22:32+00:00\",\"breadcrumb\":{\"@id\":\"https:\\\/\\\/radioatalaiafmerechim.com.br\\\/portal\\\/a-vacina-que-mira-o-hiv\\\/#breadcrumb\"},\"inLanguage\":\"pt-PT\",\"potentialAction\":[{\"@type\":\"ReadAction\",\"target\":[\"https:\\\/\\\/radioatalaiafmerechim.com.br\\\/portal\\\/a-vacina-que-mira-o-hiv\\\/\"]}]},{\"@type\":\"ImageObject\",\"inLanguage\":\"pt-PT\",\"@id\":\"https:\\\/\\\/radioatalaiafmerechim.com.br\\\/portal\\\/a-vacina-que-mira-o-hiv\\\/#primaryimage\",\"url\":\"https:\\\/\\\/radioatalaiafmerechim.com.br\\\/portal\\\/wp-content\\\/uploads\\\/2026\\\/08\\\/vacinaaaa.png\",\"contentUrl\":\"https:\\\/\\\/radioatalaiafmerechim.com.br\\\/portal\\\/wp-content\\\/uploads\\\/2026\\\/08\\\/vacinaaaa.png\",\"width\":1566,\"height\":872},{\"@type\":\"BreadcrumbList\",\"@id\":\"https:\\\/\\\/radioatalaiafmerechim.com.br\\\/portal\\\/a-vacina-que-mira-o-hiv\\\/#breadcrumb\",\"itemListElement\":[{\"@type\":\"ListItem\",\"position\":1,\"name\":\"In\u00edcio\",\"item\":\"https:\\\/\\\/radioatalaiafmerechim.com.br\\\/portal\\\/\"},{\"@type\":\"ListItem\",\"position\":2,\"name\":\"A vacina que mira\u00a0o HIV?\"}]},{\"@type\":\"WebSite\",\"@id\":\"https:\\\/\\\/radioatalaiafmerechim.com.br\\\/portal\\\/#website\",\"url\":\"https:\\\/\\\/radioatalaiafmerechim.com.br\\\/portal\\\/\",\"name\":\"R\u00e1dio Atalaia Fm Erechim\",\"description\":\"\",\"publisher\":{\"@id\":\"https:\\\/\\\/radioatalaiafmerechim.com.br\\\/portal\\\/#organization\"},\"potentialAction\":[{\"@type\":\"SearchAction\",\"target\":{\"@type\":\"EntryPoint\",\"urlTemplate\":\"https:\\\/\\\/radioatalaiafmerechim.com.br\\\/portal\\\/?s={search_term_string}\"},\"query-input\":{\"@type\":\"PropertyValueSpecification\",\"valueRequired\":true,\"valueName\":\"search_term_string\"}}],\"inLanguage\":\"pt-PT\"},{\"@type\":\"Organization\",\"@id\":\"https:\\\/\\\/radioatalaiafmerechim.com.br\\\/portal\\\/#organization\",\"name\":\"R\u00e1dio Atalaia Fm Erechim\",\"url\":\"https:\\\/\\\/radioatalaiafmerechim.com.br\\\/portal\\\/\",\"logo\":{\"@type\":\"ImageObject\",\"inLanguage\":\"pt-PT\",\"@id\":\"https:\\\/\\\/radioatalaiafmerechim.com.br\\\/portal\\\/#\\\/schema\\\/logo\\\/image\\\/\",\"url\":\"https:\\\/\\\/radioatalaiafmerechim.com.br\\\/portal\\\/wp-content\\\/uploads\\\/2026\\\/08\\\/WhatsApp-Image-2026-08-20-at-19.15.33-2.jpeg\",\"contentUrl\":\"https:\\\/\\\/radioatalaiafmerechim.com.br\\\/portal\\\/wp-content\\\/uploads\\\/2026\\\/08\\\/WhatsApp-Image-2026-08-20-at-19.15.33-2.jpeg\",\"width\":1536,\"height\":1024,\"caption\":\"R\u00e1dio Atalaia Fm Erechim\"},\"image\":{\"@id\":\"https:\\\/\\\/radioatalaiafmerechim.com.br\\\/portal\\\/#\\\/schema\\\/logo\\\/image\\\/\"}},{\"@type\":\"Person\",\"@id\":\"https:\\\/\\\/radioatalaiafmerechim.com.br\\\/portal\\\/#\\\/schema\\\/person\\\/22dc9addc520b1490990ddb312f4244d\",\"name\":\"luiscarlosmattos44@gmail.com\",\"image\":{\"@type\":\"ImageObject\",\"inLanguage\":\"pt-PT\",\"@id\":\"https:\\\/\\\/secure.gravatar.com\\\/avatar\\\/3165018682ad5ebeb6c6303c432e2424711519c66b404df31f016c3cbaffbeb2?s=96&d=mm&r=g\",\"url\":\"https:\\\/\\\/secure.gravatar.com\\\/avatar\\\/3165018682ad5ebeb6c6303c432e2424711519c66b404df31f016c3cbaffbeb2?s=96&d=mm&r=g\",\"contentUrl\":\"https:\\\/\\\/secure.gravatar.com\\\/avatar\\\/3165018682ad5ebeb6c6303c432e2424711519c66b404df31f016c3cbaffbeb2?s=96&d=mm&r=g\",\"caption\":\"luiscarlosmattos44@gmail.com\"},\"sameAs\":[\"https:\\\/\\\/radioatalaiafmerechim.com.br\\\/portal\\\/\"],\"url\":\"https:\\\/\\\/radioatalaiafmerechim.com.br\\\/portal\\\/author\\\/luiscarlosmattos\\\/\"}]}<\/script>\n<!-- \/ Yoast SEO plugin. -->","yoast_head_json":{"title":"A vacina que mira\u00a0o HIV? - R\u00e1dio Atalaia Fm Erechim","robots":{"index":"index","follow":"follow","max-snippet":"max-snippet:-1","max-image-preview":"max-image-preview:large","max-video-preview":"max-video-preview:-1"},"canonical":"https:\/\/radioatalaiafmerechim.com.br\/portal\/a-vacina-que-mira-o-hiv\/","og_locale":"pt_PT","og_type":"article","og_title":"A vacina que mira\u00a0o HIV? - R\u00e1dio Atalaia Fm Erechim","og_description":"A vacina que mira o &#8220;calcanhar de Aquiles&#8221; do HIV. Cada vez mais perto da cura. Um estudo publicado na revista Nature \u2014 e apresentado na Confer\u00eancia Internacional de Aids, no Rio de Janeiro \u2014 demonstrou uma nova estrat\u00e9gia de vacina que induziu anticorpos capazes de neutralizar m\u00faltiplas cepas do HIV em macacos.O trabalho foi...","og_url":"https:\/\/radioatalaiafmerechim.com.br\/portal\/a-vacina-que-mira-o-hiv\/","og_site_name":"R\u00e1dio Atalaia Fm Erechim","article_published_time":"2026-08-03T14:22:30+00:00","article_modified_time":"2026-08-03T14:22:32+00:00","og_image":[{"width":1566,"height":872,"url":"https:\/\/conexaoerechim.com.br\/wp-content\/uploads\/2026\/08\/vacinaaaa.png","type":"image\/png"}],"author":"luiscarlosmattos44@gmail.com","twitter_card":"summary_large_image","twitter_misc":{"Escrito por":"luiscarlosmattos44@gmail.com","Tempo estimado de leitura":"2 minutos"},"schema":{"@context":"https:\/\/schema.org","@graph":[{"@type":"Article","@id":"https:\/\/radioatalaiafmerechim.com.br\/portal\/a-vacina-que-mira-o-hiv\/#article","isPartOf":{"@id":"https:\/\/radioatalaiafmerechim.com.br\/portal\/a-vacina-que-mira-o-hiv\/"},"author":{"name":"luiscarlosmattos44@gmail.com","@id":"https:\/\/radioatalaiafmerechim.com.br\/portal\/#\/schema\/person\/22dc9addc520b1490990ddb312f4244d"},"headline":"A vacina que mira\u00a0o HIV?","datePublished":"2026-08-03T14:22:30+00:00","dateModified":"2026-08-03T14:22:32+00:00","mainEntityOfPage":{"@id":"https:\/\/radioatalaiafmerechim.com.br\/portal\/a-vacina-que-mira-o-hiv\/"},"wordCount":341,"commentCount":0,"publisher":{"@id":"https:\/\/radioatalaiafmerechim.com.br\/portal\/#organization"},"image":{"@id":"https:\/\/radioatalaiafmerechim.com.br\/portal\/a-vacina-que-mira-o-hiv\/#primaryimage"},"thumbnailUrl":"https:\/\/radioatalaiafmerechim.com.br\/portal\/wp-content\/uploads\/2026\/08\/vacinaaaa.png","articleSection":["Estudo"],"inLanguage":"pt-PT","potentialAction":[{"@type":"CommentAction","name":"Comment","target":["https:\/\/radioatalaiafmerechim.com.br\/portal\/a-vacina-que-mira-o-hiv\/#respond"]}]},{"@type":"WebPage","@id":"https:\/\/radioatalaiafmerechim.com.br\/portal\/a-vacina-que-mira-o-hiv\/","url":"https:\/\/radioatalaiafmerechim.com.br\/portal\/a-vacina-que-mira-o-hiv\/","name":"A vacina que mira\u00a0o HIV? - R\u00e1dio Atalaia Fm Erechim","isPartOf":{"@id":"https:\/\/radioatalaiafmerechim.com.br\/portal\/#website"},"primaryImageOfPage":{"@id":"https:\/\/radioatalaiafmerechim.com.br\/portal\/a-vacina-que-mira-o-hiv\/#primaryimage"},"image":{"@id":"https:\/\/radioatalaiafmerechim.com.br\/portal\/a-vacina-que-mira-o-hiv\/#primaryimage"},"thumbnailUrl":"https:\/\/radioatalaiafmerechim.com.br\/portal\/wp-content\/uploads\/2026\/08\/vacinaaaa.png","datePublished":"2026-08-03T14:22:30+00:00","dateModified":"2026-08-03T14:22:32+00:00","breadcrumb":{"@id":"https:\/\/radioatalaiafmerechim.com.br\/portal\/a-vacina-que-mira-o-hiv\/#breadcrumb"},"inLanguage":"pt-PT","potentialAction":[{"@type":"ReadAction","target":["https:\/\/radioatalaiafmerechim.com.br\/portal\/a-vacina-que-mira-o-hiv\/"]}]},{"@type":"ImageObject","inLanguage":"pt-PT","@id":"https:\/\/radioatalaiafmerechim.com.br\/portal\/a-vacina-que-mira-o-hiv\/#primaryimage","url":"https:\/\/radioatalaiafmerechim.com.br\/portal\/wp-content\/uploads\/2026\/08\/vacinaaaa.png","contentUrl":"https:\/\/radioatalaiafmerechim.com.br\/portal\/wp-content\/uploads\/2026\/08\/vacinaaaa.png","width":1566,"height":872},{"@type":"BreadcrumbList","@id":"https:\/\/radioatalaiafmerechim.com.br\/portal\/a-vacina-que-mira-o-hiv\/#breadcrumb","itemListElement":[{"@type":"ListItem","position":1,"name":"In\u00edcio","item":"https:\/\/radioatalaiafmerechim.com.br\/portal\/"},{"@type":"ListItem","position":2,"name":"A vacina que mira\u00a0o HIV?"}]},{"@type":"WebSite","@id":"https:\/\/radioatalaiafmerechim.com.br\/portal\/#website","url":"https:\/\/radioatalaiafmerechim.com.br\/portal\/","name":"R\u00e1dio Atalaia Fm Erechim","description":"","publisher":{"@id":"https:\/\/radioatalaiafmerechim.com.br\/portal\/#organization"},"potentialAction":[{"@type":"SearchAction","target":{"@type":"EntryPoint","urlTemplate":"https:\/\/radioatalaiafmerechim.com.br\/portal\/?s={search_term_string}"},"query-input":{"@type":"PropertyValueSpecification","valueRequired":true,"valueName":"search_term_string"}}],"inLanguage":"pt-PT"},{"@type":"Organization","@id":"https:\/\/radioatalaiafmerechim.com.br\/portal\/#organization","name":"R\u00e1dio Atalaia Fm Erechim","url":"https:\/\/radioatalaiafmerechim.com.br\/portal\/","logo":{"@type":"ImageObject","inLanguage":"pt-PT","@id":"https:\/\/radioatalaiafmerechim.com.br\/portal\/#\/schema\/logo\/image\/","url":"https:\/\/radioatalaiafmerechim.com.br\/portal\/wp-content\/uploads\/2026\/08\/WhatsApp-Image-2026-08-20-at-19.15.33-2.jpeg","contentUrl":"https:\/\/radioatalaiafmerechim.com.br\/portal\/wp-content\/uploads\/2026\/08\/WhatsApp-Image-2026-08-20-at-19.15.33-2.jpeg","width":1536,"height":1024,"caption":"R\u00e1dio Atalaia Fm Erechim"},"image":{"@id":"https:\/\/radioatalaiafmerechim.com.br\/portal\/#\/schema\/logo\/image\/"}},{"@type":"Person","@id":"https:\/\/radioatalaiafmerechim.com.br\/portal\/#\/schema\/person\/22dc9addc520b1490990ddb312f4244d","name":"luiscarlosmattos44@gmail.com","image":{"@type":"ImageObject","inLanguage":"pt-PT","@id":"https:\/\/secure.gravatar.com\/avatar\/3165018682ad5ebeb6c6303c432e2424711519c66b404df31f016c3cbaffbeb2?s=96&d=mm&r=g","url":"https:\/\/secure.gravatar.com\/avatar\/3165018682ad5ebeb6c6303c432e2424711519c66b404df31f016c3cbaffbeb2?s=96&d=mm&r=g","contentUrl":"https:\/\/secure.gravatar.com\/avatar\/3165018682ad5ebeb6c6303c432e2424711519c66b404df31f016c3cbaffbeb2?s=96&d=mm&r=g","caption":"luiscarlosmattos44@gmail.com"},"sameAs":["https:\/\/radioatalaiafmerechim.com.br\/portal\/"],"url":"https:\/\/radioatalaiafmerechim.com.br\/portal\/author\/luiscarlosmattos\/"}]}},"_links":{"self":[{"href":"https:\/\/radioatalaiafmerechim.com.br\/portal\/wp-json\/wp\/v2\/posts\/12242","targetHints":{"allow":["GET"]}}],"collection":[{"href":"https:\/\/radioatalaiafmerechim.com.br\/portal\/wp-json\/wp\/v2\/posts"}],"about":[{"href":"https:\/\/radioatalaiafmerechim.com.br\/portal\/wp-json\/wp\/v2\/types\/post"}],"author":[{"embeddable":true,"href":"https:\/\/radioatalaiafmerechim.com.br\/portal\/wp-json\/wp\/v2\/users\/4"}],"replies":[{"embeddable":true,"href":"https:\/\/radioatalaiafmerechim.com.br\/portal\/wp-json\/wp\/v2\/comments?post=12242"}],"version-history":[{"count":1,"href":"https:\/\/radioatalaiafmerechim.com.br\/portal\/wp-json\/wp\/v2\/posts\/12242\/revisions"}],"predecessor-version":[{"id":12246,"href":"https:\/\/radioatalaiafmerechim.com.br\/portal\/wp-json\/wp\/v2\/posts\/12242\/revisions\/12246"}],"wp:featuredmedia":[{"embeddable":true,"href":"https:\/\/radioatalaiafmerechim.com.br\/portal\/wp-json\/wp\/v2\/media\/12245"}],"wp:attachment":[{"href":"https:\/\/radioatalaiafmerechim.com.br\/portal\/wp-json\/wp\/v2\/media?parent=12242"}],"wp:term":[{"taxonomy":"category","embeddable":true,"href":"https:\/\/radioatalaiafmerechim.com.br\/portal\/wp-json\/wp\/v2\/categories?post=12242"},{"taxonomy":"post_tag","embeddable":true,"href":"https:\/\/radioatalaiafmerechim.com.br\/portal\/wp-json\/wp\/v2\/tags?post=12242"}],"curies":[{"name":"wp","href":"https:\/\/api.w.org\/{rel}","templated":true}]}}