{"id":12197,"date":"2026-07-31T10:05:36","date_gmt":"2026-07-31T13:05:36","guid":{"rendered":"https:\/\/conexaoerechim.com.br\/?p=12197"},"modified":"2026-07-31T10:05:38","modified_gmt":"2026-07-31T13:05:38","slug":"boicote-a-fifa","status":"publish","type":"post","link":"https:\/\/radioatalaiafmerechim.com.br\/portal\/boicote-a-fifa\/","title":{"rendered":"Boicote \u00e0 FIFA!"},"content":{"rendered":"\n<p class=\"has-medium-font-size wp-block-paragraph\">Tudo come\u00e7ou nessa quarta-feira, quando Gianni Infantino anunciou a cria\u00e7\u00e3o de uma empresa \u2014 Fifa Forward Enterprise (FFE) \u2014 para fazer a opera\u00e7\u00e3o das principais competi\u00e7\u00f5es da FIFA, incluindo a Copa do Mundo.<br>A ideia era vender participa\u00e7\u00f5es minorit\u00e1rias da Copa do Mundo para investidores privados.<br>A FIFA, inclusive, esperava arrecadar cerca de US$ 4,2 bilh\u00f5es (21,5 bilh\u00f5es de reais) com as vendas.<br>Infantino deu um prazo de resposta de 53 dias para as 211 federa\u00e7\u00f5es associadas \u00e0 FIFA, prometendo aumentar a quantia distribu\u00edda de R$ 41 milh\u00f5es para R$ 102 milh\u00f5es por federa\u00e7\u00e3o.<br>&#8220;<em>Nenhuma sele\u00e7\u00e3o da Uefa vai participar de competi\u00e7\u00f5es da Fifa enquanto estas propostas estiverem vivas, a n\u00e3o ser que ela seja inteiramente abandonada e haja garantias de que a Fifa nunca mais abrir\u00e1 sua governan\u00e7a ou suas competi\u00e7\u00f5es \u00e0 propriedade privada<\/em>&#8220;<br>Hoje, a AFC (\u00c1sia) tamb\u00e9m se posicionou e disse estar \u201cem solidariedade com UEFA e Concacaf\u201d, afirmando ainda que a FIFA precisa fazer \u201cuma revis\u00e3o urgente de sua governan\u00e7a\u201d.<br>De acordo com o jornalista Ben Jacobs, at\u00e9 mesmo o consultor s\u00eanior da FIFA se virou contra Gianni Infantino. O plano deve perder for\u00e7a nos pr\u00f3ximos dias.<\/p>\n\n\n\n<figure class=\"wp-block-image size-large\"><img  title=\"\" loading=\"lazy\" decoding=\"async\" width=\"1024\" height=\"256\" src=\"https:\/\/radioatalaiafmerechim.com.br\/portal\/wp-content\/uploads\/2026\/07\/image-14-1024x256.png\"  alt=\"image-14-1024x256 Boicote \u00e0 FIFA!\"  class=\"wp-image-12200\" srcset=\"https:\/\/radioatalaiafmerechim.com.br\/portal\/wp-content\/uploads\/2026\/07\/image-14-1024x256.png 1024w, https:\/\/radioatalaiafmerechim.com.br\/portal\/wp-content\/uploads\/2026\/07\/image-14-300x75.png 300w, https:\/\/radioatalaiafmerechim.com.br\/portal\/wp-content\/uploads\/2026\/07\/image-14-768x192.png 768w, https:\/\/radioatalaiafmerechim.com.br\/portal\/wp-content\/uploads\/2026\/07\/image-14-1536x384.png 1536w, https:\/\/radioatalaiafmerechim.com.br\/portal\/wp-content\/uploads\/2026\/07\/image-14.png 1920w\" sizes=\"auto, (max-width: 1024px) 100vw, 1024px\" \/><\/figure>\n","protected":false},"excerpt":{"rendered":"<p>Tudo come\u00e7ou nessa quarta-feira, quando Gianni Infantino anunciou a cria\u00e7\u00e3o de uma empresa \u2014 Fifa Forward Enterprise (FFE) \u2014 para fazer a opera\u00e7\u00e3o das principais competi\u00e7\u00f5es da FIFA, incluindo a Copa do Mundo.A ideia era vender participa\u00e7\u00f5es minorit\u00e1rias da Copa do Mundo para investidores privados.A FIFA, inclusive, esperava arrecadar cerca de US$ 4,2 bilh\u00f5es (21,5&#8230;<\/p>\n","protected":false},"author":4,"featured_media":12201,"comment_status":"open","ping_status":"open","sticky":false,"template":"","format":"standard","meta":{"pagelayer_contact_templates":[],"_pagelayer_content":"","footnotes":""},"categories":[48,46],"tags":[],"class_list":["post-12197","post","type-post","status-publish","format-standard","has-post-thumbnail","hentry","category-esporte","category-mundo"],"yoast_head":"<!-- This site is optimized with the Yoast SEO plugin v28.3 - https:\/\/yoast.com\/product\/yoast-seo-wordpress\/ -->\n<title>Boicote \u00e0 FIFA! - R\u00e1dio Atalaia Fm Erechim<\/title>\n<meta name=\"robots\" content=\"index, follow, max-snippet:-1, max-image-preview:large, max-video-preview:-1\" \/>\n<link rel=\"canonical\" href=\"https:\/\/radioatalaiafmerechim.com.br\/portal\/boicote-a-fifa\/\" \/>\n<meta property=\"og:locale\" content=\"pt_PT\" \/>\n<meta property=\"og:type\" content=\"article\" \/>\n<meta property=\"og:title\" content=\"Boicote \u00e0 FIFA! - R\u00e1dio Atalaia Fm Erechim\" \/>\n<meta property=\"og:description\" content=\"Tudo come\u00e7ou nessa quarta-feira, quando Gianni Infantino anunciou a cria\u00e7\u00e3o de uma empresa \u2014 Fifa Forward Enterprise (FFE) \u2014 para fazer a opera\u00e7\u00e3o das principais competi\u00e7\u00f5es da FIFA, incluindo a Copa do Mundo.A ideia era vender participa\u00e7\u00f5es minorit\u00e1rias da Copa do Mundo para investidores privados.A FIFA, inclusive, esperava arrecadar cerca de US$ 4,2 bilh\u00f5es (21,5...\" \/>\n<meta property=\"og:url\" content=\"https:\/\/radioatalaiafmerechim.com.br\/portal\/boicote-a-fifa\/\" \/>\n<meta property=\"og:site_name\" content=\"R\u00e1dio Atalaia Fm Erechim\" \/>\n<meta property=\"article:published_time\" content=\"2026-07-31T13:05:36+00:00\" \/>\n<meta property=\"article:modified_time\" content=\"2026-07-31T13:05:38+00:00\" \/>\n<meta property=\"og:image\" content=\"https:\/\/conexaoerechim.com.br\/wp-content\/uploads\/2026\/07\/FIFA.jpg\" \/>\n\t<meta property=\"og:image:width\" content=\"1000\" \/>\n\t<meta property=\"og:image:height\" content=\"687\" \/>\n\t<meta property=\"og:image:type\" content=\"image\/jpeg\" \/>\n<meta name=\"author\" content=\"luiscarlosmattos44@gmail.com\" \/>\n<meta name=\"twitter:card\" content=\"summary_large_image\" \/>\n<meta name=\"twitter:label1\" content=\"Escrito por\" \/>\n\t<meta name=\"twitter:data1\" content=\"luiscarlosmattos44@gmail.com\" \/>\n\t<meta name=\"twitter:label2\" content=\"Tempo estimado de leitura\" \/>\n\t<meta name=\"twitter:data2\" content=\"2 minutos\" \/>\n<script type=\"application\/ld+json\" class=\"yoast-schema-graph\">{\"@context\":\"https:\\\/\\\/schema.org\",\"@graph\":[{\"@type\":\"Article\",\"@id\":\"https:\\\/\\\/radioatalaiafmerechim.com.br\\\/portal\\\/boicote-a-fifa\\\/#article\",\"isPartOf\":{\"@id\":\"https:\\\/\\\/radioatalaiafmerechim.com.br\\\/portal\\\/boicote-a-fifa\\\/\"},\"author\":{\"name\":\"luiscarlosmattos44@gmail.com\",\"@id\":\"https:\\\/\\\/radioatalaiafmerechim.com.br\\\/portal\\\/#\\\/schema\\\/person\\\/22dc9addc520b1490990ddb312f4244d\"},\"headline\":\"Boicote \u00e0 FIFA!\",\"datePublished\":\"2026-07-31T13:05:36+00:00\",\"dateModified\":\"2026-07-31T13:05:38+00:00\",\"mainEntityOfPage\":{\"@id\":\"https:\\\/\\\/radioatalaiafmerechim.com.br\\\/portal\\\/boicote-a-fifa\\\/\"},\"wordCount\":207,\"commentCount\":0,\"publisher\":{\"@id\":\"https:\\\/\\\/radioatalaiafmerechim.com.br\\\/portal\\\/#organization\"},\"image\":{\"@id\":\"https:\\\/\\\/radioatalaiafmerechim.com.br\\\/portal\\\/boicote-a-fifa\\\/#primaryimage\"},\"thumbnailUrl\":\"https:\\\/\\\/radioatalaiafmerechim.com.br\\\/portal\\\/wp-content\\\/uploads\\\/2026\\\/07\\\/FIFA.jpg\",\"articleSection\":[\"ESPORTE\",\"MUNDO\"],\"inLanguage\":\"pt-PT\",\"potentialAction\":[{\"@type\":\"CommentAction\",\"name\":\"Comment\",\"target\":[\"https:\\\/\\\/radioatalaiafmerechim.com.br\\\/portal\\\/boicote-a-fifa\\\/#respond\"]}]},{\"@type\":\"WebPage\",\"@id\":\"https:\\\/\\\/radioatalaiafmerechim.com.br\\\/portal\\\/boicote-a-fifa\\\/\",\"url\":\"https:\\\/\\\/radioatalaiafmerechim.com.br\\\/portal\\\/boicote-a-fifa\\\/\",\"name\":\"Boicote \u00e0 FIFA! - R\u00e1dio Atalaia Fm Erechim\",\"isPartOf\":{\"@id\":\"https:\\\/\\\/radioatalaiafmerechim.com.br\\\/portal\\\/#website\"},\"primaryImageOfPage\":{\"@id\":\"https:\\\/\\\/radioatalaiafmerechim.com.br\\\/portal\\\/boicote-a-fifa\\\/#primaryimage\"},\"image\":{\"@id\":\"https:\\\/\\\/radioatalaiafmerechim.com.br\\\/portal\\\/boicote-a-fifa\\\/#primaryimage\"},\"thumbnailUrl\":\"https:\\\/\\\/radioatalaiafmerechim.com.br\\\/portal\\\/wp-content\\\/uploads\\\/2026\\\/07\\\/FIFA.jpg\",\"datePublished\":\"2026-07-31T13:05:36+00:00\",\"dateModified\":\"2026-07-31T13:05:38+00:00\",\"breadcrumb\":{\"@id\":\"https:\\\/\\\/radioatalaiafmerechim.com.br\\\/portal\\\/boicote-a-fifa\\\/#breadcrumb\"},\"inLanguage\":\"pt-PT\",\"potentialAction\":[{\"@type\":\"ReadAction\",\"target\":[\"https:\\\/\\\/radioatalaiafmerechim.com.br\\\/portal\\\/boicote-a-fifa\\\/\"]}]},{\"@type\":\"ImageObject\",\"inLanguage\":\"pt-PT\",\"@id\":\"https:\\\/\\\/radioatalaiafmerechim.com.br\\\/portal\\\/boicote-a-fifa\\\/#primaryimage\",\"url\":\"https:\\\/\\\/radioatalaiafmerechim.com.br\\\/portal\\\/wp-content\\\/uploads\\\/2026\\\/07\\\/FIFA.jpg\",\"contentUrl\":\"https:\\\/\\\/radioatalaiafmerechim.com.br\\\/portal\\\/wp-content\\\/uploads\\\/2026\\\/07\\\/FIFA.jpg\",\"width\":1000,\"height\":687},{\"@type\":\"BreadcrumbList\",\"@id\":\"https:\\\/\\\/radioatalaiafmerechim.com.br\\\/portal\\\/boicote-a-fifa\\\/#breadcrumb\",\"itemListElement\":[{\"@type\":\"ListItem\",\"position\":1,\"name\":\"In\u00edcio\",\"item\":\"https:\\\/\\\/radioatalaiafmerechim.com.br\\\/portal\\\/\"},{\"@type\":\"ListItem\",\"position\":2,\"name\":\"Boicote \u00e0 FIFA!\"}]},{\"@type\":\"WebSite\",\"@id\":\"https:\\\/\\\/radioatalaiafmerechim.com.br\\\/portal\\\/#website\",\"url\":\"https:\\\/\\\/radioatalaiafmerechim.com.br\\\/portal\\\/\",\"name\":\"R\u00e1dio Atalaia Fm Erechim\",\"description\":\"\",\"publisher\":{\"@id\":\"https:\\\/\\\/radioatalaiafmerechim.com.br\\\/portal\\\/#organization\"},\"potentialAction\":[{\"@type\":\"SearchAction\",\"target\":{\"@type\":\"EntryPoint\",\"urlTemplate\":\"https:\\\/\\\/radioatalaiafmerechim.com.br\\\/portal\\\/?s={search_term_string}\"},\"query-input\":{\"@type\":\"PropertyValueSpecification\",\"valueRequired\":true,\"valueName\":\"search_term_string\"}}],\"inLanguage\":\"pt-PT\"},{\"@type\":\"Organization\",\"@id\":\"https:\\\/\\\/radioatalaiafmerechim.com.br\\\/portal\\\/#organization\",\"name\":\"R\u00e1dio Atalaia Fm Erechim\",\"url\":\"https:\\\/\\\/radioatalaiafmerechim.com.br\\\/portal\\\/\",\"logo\":{\"@type\":\"ImageObject\",\"inLanguage\":\"pt-PT\",\"@id\":\"https:\\\/\\\/radioatalaiafmerechim.com.br\\\/portal\\\/#\\\/schema\\\/logo\\\/image\\\/\",\"url\":\"https:\\\/\\\/radioatalaiafmerechim.com.br\\\/portal\\\/wp-content\\\/uploads\\\/2026\\\/08\\\/WhatsApp-Image-2026-08-20-at-19.15.33-2.jpeg\",\"contentUrl\":\"https:\\\/\\\/radioatalaiafmerechim.com.br\\\/portal\\\/wp-content\\\/uploads\\\/2026\\\/08\\\/WhatsApp-Image-2026-08-20-at-19.15.33-2.jpeg\",\"width\":1536,\"height\":1024,\"caption\":\"R\u00e1dio Atalaia Fm Erechim\"},\"image\":{\"@id\":\"https:\\\/\\\/radioatalaiafmerechim.com.br\\\/portal\\\/#\\\/schema\\\/logo\\\/image\\\/\"}},{\"@type\":\"Person\",\"@id\":\"https:\\\/\\\/radioatalaiafmerechim.com.br\\\/portal\\\/#\\\/schema\\\/person\\\/22dc9addc520b1490990ddb312f4244d\",\"name\":\"luiscarlosmattos44@gmail.com\",\"image\":{\"@type\":\"ImageObject\",\"inLanguage\":\"pt-PT\",\"@id\":\"https:\\\/\\\/secure.gravatar.com\\\/avatar\\\/3165018682ad5ebeb6c6303c432e2424711519c66b404df31f016c3cbaffbeb2?s=96&d=mm&r=g\",\"url\":\"https:\\\/\\\/secure.gravatar.com\\\/avatar\\\/3165018682ad5ebeb6c6303c432e2424711519c66b404df31f016c3cbaffbeb2?s=96&d=mm&r=g\",\"contentUrl\":\"https:\\\/\\\/secure.gravatar.com\\\/avatar\\\/3165018682ad5ebeb6c6303c432e2424711519c66b404df31f016c3cbaffbeb2?s=96&d=mm&r=g\",\"caption\":\"luiscarlosmattos44@gmail.com\"},\"sameAs\":[\"https:\\\/\\\/radioatalaiafmerechim.com.br\\\/portal\\\/\"],\"url\":\"https:\\\/\\\/radioatalaiafmerechim.com.br\\\/portal\\\/author\\\/luiscarlosmattos\\\/\"}]}<\/script>\n<!-- \/ Yoast SEO plugin. -->","yoast_head_json":{"title":"Boicote \u00e0 FIFA! - R\u00e1dio Atalaia Fm Erechim","robots":{"index":"index","follow":"follow","max-snippet":"max-snippet:-1","max-image-preview":"max-image-preview:large","max-video-preview":"max-video-preview:-1"},"canonical":"https:\/\/radioatalaiafmerechim.com.br\/portal\/boicote-a-fifa\/","og_locale":"pt_PT","og_type":"article","og_title":"Boicote \u00e0 FIFA! - R\u00e1dio Atalaia Fm Erechim","og_description":"Tudo come\u00e7ou nessa quarta-feira, quando Gianni Infantino anunciou a cria\u00e7\u00e3o de uma empresa \u2014 Fifa Forward Enterprise (FFE) \u2014 para fazer a opera\u00e7\u00e3o das principais competi\u00e7\u00f5es da FIFA, incluindo a Copa do Mundo.A ideia era vender participa\u00e7\u00f5es minorit\u00e1rias da Copa do Mundo para investidores privados.A FIFA, inclusive, esperava arrecadar cerca de US$ 4,2 bilh\u00f5es (21,5...","og_url":"https:\/\/radioatalaiafmerechim.com.br\/portal\/boicote-a-fifa\/","og_site_name":"R\u00e1dio Atalaia Fm Erechim","article_published_time":"2026-07-31T13:05:36+00:00","article_modified_time":"2026-07-31T13:05:38+00:00","og_image":[{"width":1000,"height":687,"url":"https:\/\/conexaoerechim.com.br\/wp-content\/uploads\/2026\/07\/FIFA.jpg","type":"image\/jpeg"}],"author":"luiscarlosmattos44@gmail.com","twitter_card":"summary_large_image","twitter_misc":{"Escrito por":"luiscarlosmattos44@gmail.com","Tempo estimado de leitura":"2 minutos"},"schema":{"@context":"https:\/\/schema.org","@graph":[{"@type":"Article","@id":"https:\/\/radioatalaiafmerechim.com.br\/portal\/boicote-a-fifa\/#article","isPartOf":{"@id":"https:\/\/radioatalaiafmerechim.com.br\/portal\/boicote-a-fifa\/"},"author":{"name":"luiscarlosmattos44@gmail.com","@id":"https:\/\/radioatalaiafmerechim.com.br\/portal\/#\/schema\/person\/22dc9addc520b1490990ddb312f4244d"},"headline":"Boicote \u00e0 FIFA!","datePublished":"2026-07-31T13:05:36+00:00","dateModified":"2026-07-31T13:05:38+00:00","mainEntityOfPage":{"@id":"https:\/\/radioatalaiafmerechim.com.br\/portal\/boicote-a-fifa\/"},"wordCount":207,"commentCount":0,"publisher":{"@id":"https:\/\/radioatalaiafmerechim.com.br\/portal\/#organization"},"image":{"@id":"https:\/\/radioatalaiafmerechim.com.br\/portal\/boicote-a-fifa\/#primaryimage"},"thumbnailUrl":"https:\/\/radioatalaiafmerechim.com.br\/portal\/wp-content\/uploads\/2026\/07\/FIFA.jpg","articleSection":["ESPORTE","MUNDO"],"inLanguage":"pt-PT","potentialAction":[{"@type":"CommentAction","name":"Comment","target":["https:\/\/radioatalaiafmerechim.com.br\/portal\/boicote-a-fifa\/#respond"]}]},{"@type":"WebPage","@id":"https:\/\/radioatalaiafmerechim.com.br\/portal\/boicote-a-fifa\/","url":"https:\/\/radioatalaiafmerechim.com.br\/portal\/boicote-a-fifa\/","name":"Boicote \u00e0 FIFA! - R\u00e1dio Atalaia Fm Erechim","isPartOf":{"@id":"https:\/\/radioatalaiafmerechim.com.br\/portal\/#website"},"primaryImageOfPage":{"@id":"https:\/\/radioatalaiafmerechim.com.br\/portal\/boicote-a-fifa\/#primaryimage"},"image":{"@id":"https:\/\/radioatalaiafmerechim.com.br\/portal\/boicote-a-fifa\/#primaryimage"},"thumbnailUrl":"https:\/\/radioatalaiafmerechim.com.br\/portal\/wp-content\/uploads\/2026\/07\/FIFA.jpg","datePublished":"2026-07-31T13:05:36+00:00","dateModified":"2026-07-31T13:05:38+00:00","breadcrumb":{"@id":"https:\/\/radioatalaiafmerechim.com.br\/portal\/boicote-a-fifa\/#breadcrumb"},"inLanguage":"pt-PT","potentialAction":[{"@type":"ReadAction","target":["https:\/\/radioatalaiafmerechim.com.br\/portal\/boicote-a-fifa\/"]}]},{"@type":"ImageObject","inLanguage":"pt-PT","@id":"https:\/\/radioatalaiafmerechim.com.br\/portal\/boicote-a-fifa\/#primaryimage","url":"https:\/\/radioatalaiafmerechim.com.br\/portal\/wp-content\/uploads\/2026\/07\/FIFA.jpg","contentUrl":"https:\/\/radioatalaiafmerechim.com.br\/portal\/wp-content\/uploads\/2026\/07\/FIFA.jpg","width":1000,"height":687},{"@type":"BreadcrumbList","@id":"https:\/\/radioatalaiafmerechim.com.br\/portal\/boicote-a-fifa\/#breadcrumb","itemListElement":[{"@type":"ListItem","position":1,"name":"In\u00edcio","item":"https:\/\/radioatalaiafmerechim.com.br\/portal\/"},{"@type":"ListItem","position":2,"name":"Boicote \u00e0 FIFA!"}]},{"@type":"WebSite","@id":"https:\/\/radioatalaiafmerechim.com.br\/portal\/#website","url":"https:\/\/radioatalaiafmerechim.com.br\/portal\/","name":"R\u00e1dio Atalaia Fm Erechim","description":"","publisher":{"@id":"https:\/\/radioatalaiafmerechim.com.br\/portal\/#organization"},"potentialAction":[{"@type":"SearchAction","target":{"@type":"EntryPoint","urlTemplate":"https:\/\/radioatalaiafmerechim.com.br\/portal\/?s={search_term_string}"},"query-input":{"@type":"PropertyValueSpecification","valueRequired":true,"valueName":"search_term_string"}}],"inLanguage":"pt-PT"},{"@type":"Organization","@id":"https:\/\/radioatalaiafmerechim.com.br\/portal\/#organization","name":"R\u00e1dio Atalaia Fm Erechim","url":"https:\/\/radioatalaiafmerechim.com.br\/portal\/","logo":{"@type":"ImageObject","inLanguage":"pt-PT","@id":"https:\/\/radioatalaiafmerechim.com.br\/portal\/#\/schema\/logo\/image\/","url":"https:\/\/radioatalaiafmerechim.com.br\/portal\/wp-content\/uploads\/2026\/08\/WhatsApp-Image-2026-08-20-at-19.15.33-2.jpeg","contentUrl":"https:\/\/radioatalaiafmerechim.com.br\/portal\/wp-content\/uploads\/2026\/08\/WhatsApp-Image-2026-08-20-at-19.15.33-2.jpeg","width":1536,"height":1024,"caption":"R\u00e1dio Atalaia Fm Erechim"},"image":{"@id":"https:\/\/radioatalaiafmerechim.com.br\/portal\/#\/schema\/logo\/image\/"}},{"@type":"Person","@id":"https:\/\/radioatalaiafmerechim.com.br\/portal\/#\/schema\/person\/22dc9addc520b1490990ddb312f4244d","name":"luiscarlosmattos44@gmail.com","image":{"@type":"ImageObject","inLanguage":"pt-PT","@id":"https:\/\/secure.gravatar.com\/avatar\/3165018682ad5ebeb6c6303c432e2424711519c66b404df31f016c3cbaffbeb2?s=96&d=mm&r=g","url":"https:\/\/secure.gravatar.com\/avatar\/3165018682ad5ebeb6c6303c432e2424711519c66b404df31f016c3cbaffbeb2?s=96&d=mm&r=g","contentUrl":"https:\/\/secure.gravatar.com\/avatar\/3165018682ad5ebeb6c6303c432e2424711519c66b404df31f016c3cbaffbeb2?s=96&d=mm&r=g","caption":"luiscarlosmattos44@gmail.com"},"sameAs":["https:\/\/radioatalaiafmerechim.com.br\/portal\/"],"url":"https:\/\/radioatalaiafmerechim.com.br\/portal\/author\/luiscarlosmattos\/"}]}},"_links":{"self":[{"href":"https:\/\/radioatalaiafmerechim.com.br\/portal\/wp-json\/wp\/v2\/posts\/12197","targetHints":{"allow":["GET"]}}],"collection":[{"href":"https:\/\/radioatalaiafmerechim.com.br\/portal\/wp-json\/wp\/v2\/posts"}],"about":[{"href":"https:\/\/radioatalaiafmerechim.com.br\/portal\/wp-json\/wp\/v2\/types\/post"}],"author":[{"embeddable":true,"href":"https:\/\/radioatalaiafmerechim.com.br\/portal\/wp-json\/wp\/v2\/users\/4"}],"replies":[{"embeddable":true,"href":"https:\/\/radioatalaiafmerechim.com.br\/portal\/wp-json\/wp\/v2\/comments?post=12197"}],"version-history":[{"count":1,"href":"https:\/\/radioatalaiafmerechim.com.br\/portal\/wp-json\/wp\/v2\/posts\/12197\/revisions"}],"predecessor-version":[{"id":12202,"href":"https:\/\/radioatalaiafmerechim.com.br\/portal\/wp-json\/wp\/v2\/posts\/12197\/revisions\/12202"}],"wp:featuredmedia":[{"embeddable":true,"href":"https:\/\/radioatalaiafmerechim.com.br\/portal\/wp-json\/wp\/v2\/media\/12201"}],"wp:attachment":[{"href":"https:\/\/radioatalaiafmerechim.com.br\/portal\/wp-json\/wp\/v2\/media?parent=12197"}],"wp:term":[{"taxonomy":"category","embeddable":true,"href":"https:\/\/radioatalaiafmerechim.com.br\/portal\/wp-json\/wp\/v2\/categories?post=12197"},{"taxonomy":"post_tag","embeddable":true,"href":"https:\/\/radioatalaiafmerechim.com.br\/portal\/wp-json\/wp\/v2\/tags?post=12197"}],"curies":[{"name":"wp","href":"https:\/\/api.w.org\/{rel}","templated":true}]}}