{"id":12192,"date":"2026-07-31T08:58:01","date_gmt":"2026-07-31T11:58:01","guid":{"rendered":"https:\/\/conexaoerechim.com.br\/?p=12192"},"modified":"2026-07-31T08:58:03","modified_gmt":"2026-07-31T11:58:03","slug":"guarda-florestalhoje-e-seu-dia","status":"publish","type":"post","link":"https:\/\/radioatalaiafmerechim.com.br\/portal\/guarda-florestalhoje-e-seu-dia\/","title":{"rendered":"GUARDA FLORESTAL!!HOJE \u00c9 SEU DIA!!"},"content":{"rendered":"\n<p class=\"has-medium-font-size wp-block-paragraph\">No Brasil, o guarda florestal (muitas vezes chamado de guarda-parque ou agente ambiental) \u00e9 o funcion\u00e1rio civil respons\u00e1vel por proteger unidades de conserva\u00e7\u00e3o, monitorar a fauna e flora, e prevenir inc\u00eandios, diferindo da Pol\u00edcia Militar Ambiental. A profiss\u00e3o exige aprova\u00e7\u00e3o em concursos p\u00fablicos estaduais ou federais.<br><strong>O que faz o Guarda Floresta<\/strong>?<br><strong>Fiscaliza\u00e7\u00e3o<\/strong>: Monitora parques, reservas e florestas contra desmatamento e ca\u00e7a ilegal.Preven\u00e7\u00e3o de Inc\u00eandios:<br>Atua no combate direto ao fogo e na cria\u00e7\u00e3o de aceiros.<br><strong>Apoio ao P\u00fablico<\/strong>:<br>Recepciona visitantes, orienta regras de visita\u00e7\u00e3o e cuida de trilhas.Suporte Cient\u00edfico: Auxilia pesquisadores no registro de dados sobre a biodiversidade local.<br><strong>Como ingressar na carreiraConcurso P\u00fablico<\/strong>:<br>As vagas surgem conforme a abertura de editais por \u00f3rg\u00e3os estaduais de meio ambiente ou federais (como o ICMBio).<\/p>\n\n\n\n<p class=\"wp-block-paragraph\"><\/p>\n","protected":false},"excerpt":{"rendered":"<p>No Brasil, o guarda florestal (muitas vezes chamado de guarda-parque ou agente ambiental) \u00e9 o funcion\u00e1rio civil respons\u00e1vel por proteger unidades de conserva\u00e7\u00e3o, monitorar a fauna e flora, e prevenir inc\u00eandios, diferindo da Pol\u00edcia Militar Ambiental. A profiss\u00e3o exige aprova\u00e7\u00e3o em concursos p\u00fablicos estaduais ou federais.O que faz o Guarda Floresta?Fiscaliza\u00e7\u00e3o: Monitora parques, reservas e&#8230;<\/p>\n","protected":false},"author":4,"featured_media":12195,"comment_status":"open","ping_status":"open","sticky":false,"template":"","format":"standard","meta":{"pagelayer_contact_templates":[],"_pagelayer_content":"","footnotes":""},"categories":[61],"tags":[],"class_list":["post-12192","post","type-post","status-publish","format-standard","has-post-thumbnail","hentry","category-historia"],"yoast_head":"<!-- This site is optimized with the Yoast SEO plugin v28.3 - https:\/\/yoast.com\/product\/yoast-seo-wordpress\/ -->\n<title>GUARDA FLORESTAL!!HOJE \u00c9 SEU DIA!! - R\u00e1dio Atalaia Fm Erechim<\/title>\n<meta name=\"robots\" content=\"index, follow, max-snippet:-1, max-image-preview:large, max-video-preview:-1\" \/>\n<link rel=\"canonical\" href=\"https:\/\/radioatalaiafmerechim.com.br\/portal\/guarda-florestalhoje-e-seu-dia\/\" \/>\n<meta property=\"og:locale\" content=\"pt_PT\" \/>\n<meta property=\"og:type\" content=\"article\" \/>\n<meta property=\"og:title\" content=\"GUARDA FLORESTAL!!HOJE \u00c9 SEU DIA!! - R\u00e1dio Atalaia Fm Erechim\" \/>\n<meta property=\"og:description\" content=\"No Brasil, o guarda florestal (muitas vezes chamado de guarda-parque ou agente ambiental) \u00e9 o funcion\u00e1rio civil respons\u00e1vel por proteger unidades de conserva\u00e7\u00e3o, monitorar a fauna e flora, e prevenir inc\u00eandios, diferindo da Pol\u00edcia Militar Ambiental. A profiss\u00e3o exige aprova\u00e7\u00e3o em concursos p\u00fablicos estaduais ou federais.O que faz o Guarda Floresta?Fiscaliza\u00e7\u00e3o: Monitora parques, reservas e...\" \/>\n<meta property=\"og:url\" content=\"https:\/\/radioatalaiafmerechim.com.br\/portal\/guarda-florestalhoje-e-seu-dia\/\" \/>\n<meta property=\"og:site_name\" content=\"R\u00e1dio Atalaia Fm Erechim\" \/>\n<meta property=\"article:published_time\" content=\"2026-07-31T11:58:01+00:00\" \/>\n<meta property=\"article:modified_time\" content=\"2026-07-31T11:58:03+00:00\" \/>\n<meta property=\"og:image\" content=\"https:\/\/conexaoerechim.com.br\/wp-content\/uploads\/2026\/07\/FLORESTA.jpg\" \/>\n\t<meta property=\"og:image:width\" content=\"194\" \/>\n\t<meta property=\"og:image:height\" content=\"184\" \/>\n\t<meta property=\"og:image:type\" content=\"image\/jpeg\" \/>\n<meta name=\"author\" content=\"luiscarlosmattos44@gmail.com\" \/>\n<meta name=\"twitter:card\" content=\"summary_large_image\" \/>\n<meta name=\"twitter:label1\" content=\"Escrito por\" \/>\n\t<meta name=\"twitter:data1\" content=\"luiscarlosmattos44@gmail.com\" \/>\n\t<meta name=\"twitter:label2\" content=\"Tempo estimado de leitura\" \/>\n\t<meta name=\"twitter:data2\" content=\"1 minuto\" \/>\n<script type=\"application\/ld+json\" class=\"yoast-schema-graph\">{\"@context\":\"https:\\\/\\\/schema.org\",\"@graph\":[{\"@type\":\"Article\",\"@id\":\"https:\\\/\\\/radioatalaiafmerechim.com.br\\\/portal\\\/guarda-florestalhoje-e-seu-dia\\\/#article\",\"isPartOf\":{\"@id\":\"https:\\\/\\\/radioatalaiafmerechim.com.br\\\/portal\\\/guarda-florestalhoje-e-seu-dia\\\/\"},\"author\":{\"name\":\"luiscarlosmattos44@gmail.com\",\"@id\":\"https:\\\/\\\/radioatalaiafmerechim.com.br\\\/portal\\\/#\\\/schema\\\/person\\\/22dc9addc520b1490990ddb312f4244d\"},\"headline\":\"GUARDA FLORESTAL!!HOJE \u00c9 SEU DIA!!\",\"datePublished\":\"2026-07-31T11:58:01+00:00\",\"dateModified\":\"2026-07-31T11:58:03+00:00\",\"mainEntityOfPage\":{\"@id\":\"https:\\\/\\\/radioatalaiafmerechim.com.br\\\/portal\\\/guarda-florestalhoje-e-seu-dia\\\/\"},\"wordCount\":148,\"commentCount\":0,\"publisher\":{\"@id\":\"https:\\\/\\\/radioatalaiafmerechim.com.br\\\/portal\\\/#organization\"},\"image\":{\"@id\":\"https:\\\/\\\/radioatalaiafmerechim.com.br\\\/portal\\\/guarda-florestalhoje-e-seu-dia\\\/#primaryimage\"},\"thumbnailUrl\":\"https:\\\/\\\/radioatalaiafmerechim.com.br\\\/portal\\\/wp-content\\\/uploads\\\/2026\\\/07\\\/FLORESTA.jpg\",\"articleSection\":[\"HIST\u00d3RIA\"],\"inLanguage\":\"pt-PT\",\"potentialAction\":[{\"@type\":\"CommentAction\",\"name\":\"Comment\",\"target\":[\"https:\\\/\\\/radioatalaiafmerechim.com.br\\\/portal\\\/guarda-florestalhoje-e-seu-dia\\\/#respond\"]}]},{\"@type\":\"WebPage\",\"@id\":\"https:\\\/\\\/radioatalaiafmerechim.com.br\\\/portal\\\/guarda-florestalhoje-e-seu-dia\\\/\",\"url\":\"https:\\\/\\\/radioatalaiafmerechim.com.br\\\/portal\\\/guarda-florestalhoje-e-seu-dia\\\/\",\"name\":\"GUARDA FLORESTAL!!HOJE \u00c9 SEU DIA!! - R\u00e1dio Atalaia Fm Erechim\",\"isPartOf\":{\"@id\":\"https:\\\/\\\/radioatalaiafmerechim.com.br\\\/portal\\\/#website\"},\"primaryImageOfPage\":{\"@id\":\"https:\\\/\\\/radioatalaiafmerechim.com.br\\\/portal\\\/guarda-florestalhoje-e-seu-dia\\\/#primaryimage\"},\"image\":{\"@id\":\"https:\\\/\\\/radioatalaiafmerechim.com.br\\\/portal\\\/guarda-florestalhoje-e-seu-dia\\\/#primaryimage\"},\"thumbnailUrl\":\"https:\\\/\\\/radioatalaiafmerechim.com.br\\\/portal\\\/wp-content\\\/uploads\\\/2026\\\/07\\\/FLORESTA.jpg\",\"datePublished\":\"2026-07-31T11:58:01+00:00\",\"dateModified\":\"2026-07-31T11:58:03+00:00\",\"breadcrumb\":{\"@id\":\"https:\\\/\\\/radioatalaiafmerechim.com.br\\\/portal\\\/guarda-florestalhoje-e-seu-dia\\\/#breadcrumb\"},\"inLanguage\":\"pt-PT\",\"potentialAction\":[{\"@type\":\"ReadAction\",\"target\":[\"https:\\\/\\\/radioatalaiafmerechim.com.br\\\/portal\\\/guarda-florestalhoje-e-seu-dia\\\/\"]}]},{\"@type\":\"ImageObject\",\"inLanguage\":\"pt-PT\",\"@id\":\"https:\\\/\\\/radioatalaiafmerechim.com.br\\\/portal\\\/guarda-florestalhoje-e-seu-dia\\\/#primaryimage\",\"url\":\"https:\\\/\\\/radioatalaiafmerechim.com.br\\\/portal\\\/wp-content\\\/uploads\\\/2026\\\/07\\\/FLORESTA.jpg\",\"contentUrl\":\"https:\\\/\\\/radioatalaiafmerechim.com.br\\\/portal\\\/wp-content\\\/uploads\\\/2026\\\/07\\\/FLORESTA.jpg\",\"width\":194,\"height\":184},{\"@type\":\"BreadcrumbList\",\"@id\":\"https:\\\/\\\/radioatalaiafmerechim.com.br\\\/portal\\\/guarda-florestalhoje-e-seu-dia\\\/#breadcrumb\",\"itemListElement\":[{\"@type\":\"ListItem\",\"position\":1,\"name\":\"In\u00edcio\",\"item\":\"https:\\\/\\\/radioatalaiafmerechim.com.br\\\/portal\\\/\"},{\"@type\":\"ListItem\",\"position\":2,\"name\":\"GUARDA FLORESTAL!!HOJE \u00c9 SEU DIA!!\"}]},{\"@type\":\"WebSite\",\"@id\":\"https:\\\/\\\/radioatalaiafmerechim.com.br\\\/portal\\\/#website\",\"url\":\"https:\\\/\\\/radioatalaiafmerechim.com.br\\\/portal\\\/\",\"name\":\"R\u00e1dio Atalaia Fm Erechim\",\"description\":\"\",\"publisher\":{\"@id\":\"https:\\\/\\\/radioatalaiafmerechim.com.br\\\/portal\\\/#organization\"},\"potentialAction\":[{\"@type\":\"SearchAction\",\"target\":{\"@type\":\"EntryPoint\",\"urlTemplate\":\"https:\\\/\\\/radioatalaiafmerechim.com.br\\\/portal\\\/?s={search_term_string}\"},\"query-input\":{\"@type\":\"PropertyValueSpecification\",\"valueRequired\":true,\"valueName\":\"search_term_string\"}}],\"inLanguage\":\"pt-PT\"},{\"@type\":\"Organization\",\"@id\":\"https:\\\/\\\/radioatalaiafmerechim.com.br\\\/portal\\\/#organization\",\"name\":\"R\u00e1dio Atalaia Fm Erechim\",\"url\":\"https:\\\/\\\/radioatalaiafmerechim.com.br\\\/portal\\\/\",\"logo\":{\"@type\":\"ImageObject\",\"inLanguage\":\"pt-PT\",\"@id\":\"https:\\\/\\\/radioatalaiafmerechim.com.br\\\/portal\\\/#\\\/schema\\\/logo\\\/image\\\/\",\"url\":\"https:\\\/\\\/radioatalaiafmerechim.com.br\\\/portal\\\/wp-content\\\/uploads\\\/2026\\\/08\\\/WhatsApp-Image-2026-08-20-at-19.15.33-2.jpeg\",\"contentUrl\":\"https:\\\/\\\/radioatalaiafmerechim.com.br\\\/portal\\\/wp-content\\\/uploads\\\/2026\\\/08\\\/WhatsApp-Image-2026-08-20-at-19.15.33-2.jpeg\",\"width\":1536,\"height\":1024,\"caption\":\"R\u00e1dio Atalaia Fm Erechim\"},\"image\":{\"@id\":\"https:\\\/\\\/radioatalaiafmerechim.com.br\\\/portal\\\/#\\\/schema\\\/logo\\\/image\\\/\"}},{\"@type\":\"Person\",\"@id\":\"https:\\\/\\\/radioatalaiafmerechim.com.br\\\/portal\\\/#\\\/schema\\\/person\\\/22dc9addc520b1490990ddb312f4244d\",\"name\":\"luiscarlosmattos44@gmail.com\",\"image\":{\"@type\":\"ImageObject\",\"inLanguage\":\"pt-PT\",\"@id\":\"https:\\\/\\\/secure.gravatar.com\\\/avatar\\\/3165018682ad5ebeb6c6303c432e2424711519c66b404df31f016c3cbaffbeb2?s=96&d=mm&r=g\",\"url\":\"https:\\\/\\\/secure.gravatar.com\\\/avatar\\\/3165018682ad5ebeb6c6303c432e2424711519c66b404df31f016c3cbaffbeb2?s=96&d=mm&r=g\",\"contentUrl\":\"https:\\\/\\\/secure.gravatar.com\\\/avatar\\\/3165018682ad5ebeb6c6303c432e2424711519c66b404df31f016c3cbaffbeb2?s=96&d=mm&r=g\",\"caption\":\"luiscarlosmattos44@gmail.com\"},\"sameAs\":[\"https:\\\/\\\/radioatalaiafmerechim.com.br\\\/portal\\\/\"],\"url\":\"https:\\\/\\\/radioatalaiafmerechim.com.br\\\/portal\\\/author\\\/luiscarlosmattos\\\/\"}]}<\/script>\n<!-- \/ Yoast SEO plugin. -->","yoast_head_json":{"title":"GUARDA FLORESTAL!!HOJE \u00c9 SEU DIA!! - R\u00e1dio Atalaia Fm Erechim","robots":{"index":"index","follow":"follow","max-snippet":"max-snippet:-1","max-image-preview":"max-image-preview:large","max-video-preview":"max-video-preview:-1"},"canonical":"https:\/\/radioatalaiafmerechim.com.br\/portal\/guarda-florestalhoje-e-seu-dia\/","og_locale":"pt_PT","og_type":"article","og_title":"GUARDA FLORESTAL!!HOJE \u00c9 SEU DIA!! - R\u00e1dio Atalaia Fm Erechim","og_description":"No Brasil, o guarda florestal (muitas vezes chamado de guarda-parque ou agente ambiental) \u00e9 o funcion\u00e1rio civil respons\u00e1vel por proteger unidades de conserva\u00e7\u00e3o, monitorar a fauna e flora, e prevenir inc\u00eandios, diferindo da Pol\u00edcia Militar Ambiental. A profiss\u00e3o exige aprova\u00e7\u00e3o em concursos p\u00fablicos estaduais ou federais.O que faz o Guarda Floresta?Fiscaliza\u00e7\u00e3o: Monitora parques, reservas e...","og_url":"https:\/\/radioatalaiafmerechim.com.br\/portal\/guarda-florestalhoje-e-seu-dia\/","og_site_name":"R\u00e1dio Atalaia Fm Erechim","article_published_time":"2026-07-31T11:58:01+00:00","article_modified_time":"2026-07-31T11:58:03+00:00","og_image":[{"width":194,"height":184,"url":"https:\/\/conexaoerechim.com.br\/wp-content\/uploads\/2026\/07\/FLORESTA.jpg","type":"image\/jpeg"}],"author":"luiscarlosmattos44@gmail.com","twitter_card":"summary_large_image","twitter_misc":{"Escrito por":"luiscarlosmattos44@gmail.com","Tempo estimado de leitura":"1 minuto"},"schema":{"@context":"https:\/\/schema.org","@graph":[{"@type":"Article","@id":"https:\/\/radioatalaiafmerechim.com.br\/portal\/guarda-florestalhoje-e-seu-dia\/#article","isPartOf":{"@id":"https:\/\/radioatalaiafmerechim.com.br\/portal\/guarda-florestalhoje-e-seu-dia\/"},"author":{"name":"luiscarlosmattos44@gmail.com","@id":"https:\/\/radioatalaiafmerechim.com.br\/portal\/#\/schema\/person\/22dc9addc520b1490990ddb312f4244d"},"headline":"GUARDA FLORESTAL!!HOJE \u00c9 SEU DIA!!","datePublished":"2026-07-31T11:58:01+00:00","dateModified":"2026-07-31T11:58:03+00:00","mainEntityOfPage":{"@id":"https:\/\/radioatalaiafmerechim.com.br\/portal\/guarda-florestalhoje-e-seu-dia\/"},"wordCount":148,"commentCount":0,"publisher":{"@id":"https:\/\/radioatalaiafmerechim.com.br\/portal\/#organization"},"image":{"@id":"https:\/\/radioatalaiafmerechim.com.br\/portal\/guarda-florestalhoje-e-seu-dia\/#primaryimage"},"thumbnailUrl":"https:\/\/radioatalaiafmerechim.com.br\/portal\/wp-content\/uploads\/2026\/07\/FLORESTA.jpg","articleSection":["HIST\u00d3RIA"],"inLanguage":"pt-PT","potentialAction":[{"@type":"CommentAction","name":"Comment","target":["https:\/\/radioatalaiafmerechim.com.br\/portal\/guarda-florestalhoje-e-seu-dia\/#respond"]}]},{"@type":"WebPage","@id":"https:\/\/radioatalaiafmerechim.com.br\/portal\/guarda-florestalhoje-e-seu-dia\/","url":"https:\/\/radioatalaiafmerechim.com.br\/portal\/guarda-florestalhoje-e-seu-dia\/","name":"GUARDA FLORESTAL!!HOJE \u00c9 SEU DIA!! - R\u00e1dio Atalaia Fm Erechim","isPartOf":{"@id":"https:\/\/radioatalaiafmerechim.com.br\/portal\/#website"},"primaryImageOfPage":{"@id":"https:\/\/radioatalaiafmerechim.com.br\/portal\/guarda-florestalhoje-e-seu-dia\/#primaryimage"},"image":{"@id":"https:\/\/radioatalaiafmerechim.com.br\/portal\/guarda-florestalhoje-e-seu-dia\/#primaryimage"},"thumbnailUrl":"https:\/\/radioatalaiafmerechim.com.br\/portal\/wp-content\/uploads\/2026\/07\/FLORESTA.jpg","datePublished":"2026-07-31T11:58:01+00:00","dateModified":"2026-07-31T11:58:03+00:00","breadcrumb":{"@id":"https:\/\/radioatalaiafmerechim.com.br\/portal\/guarda-florestalhoje-e-seu-dia\/#breadcrumb"},"inLanguage":"pt-PT","potentialAction":[{"@type":"ReadAction","target":["https:\/\/radioatalaiafmerechim.com.br\/portal\/guarda-florestalhoje-e-seu-dia\/"]}]},{"@type":"ImageObject","inLanguage":"pt-PT","@id":"https:\/\/radioatalaiafmerechim.com.br\/portal\/guarda-florestalhoje-e-seu-dia\/#primaryimage","url":"https:\/\/radioatalaiafmerechim.com.br\/portal\/wp-content\/uploads\/2026\/07\/FLORESTA.jpg","contentUrl":"https:\/\/radioatalaiafmerechim.com.br\/portal\/wp-content\/uploads\/2026\/07\/FLORESTA.jpg","width":194,"height":184},{"@type":"BreadcrumbList","@id":"https:\/\/radioatalaiafmerechim.com.br\/portal\/guarda-florestalhoje-e-seu-dia\/#breadcrumb","itemListElement":[{"@type":"ListItem","position":1,"name":"In\u00edcio","item":"https:\/\/radioatalaiafmerechim.com.br\/portal\/"},{"@type":"ListItem","position":2,"name":"GUARDA FLORESTAL!!HOJE \u00c9 SEU DIA!!"}]},{"@type":"WebSite","@id":"https:\/\/radioatalaiafmerechim.com.br\/portal\/#website","url":"https:\/\/radioatalaiafmerechim.com.br\/portal\/","name":"R\u00e1dio Atalaia Fm Erechim","description":"","publisher":{"@id":"https:\/\/radioatalaiafmerechim.com.br\/portal\/#organization"},"potentialAction":[{"@type":"SearchAction","target":{"@type":"EntryPoint","urlTemplate":"https:\/\/radioatalaiafmerechim.com.br\/portal\/?s={search_term_string}"},"query-input":{"@type":"PropertyValueSpecification","valueRequired":true,"valueName":"search_term_string"}}],"inLanguage":"pt-PT"},{"@type":"Organization","@id":"https:\/\/radioatalaiafmerechim.com.br\/portal\/#organization","name":"R\u00e1dio Atalaia Fm Erechim","url":"https:\/\/radioatalaiafmerechim.com.br\/portal\/","logo":{"@type":"ImageObject","inLanguage":"pt-PT","@id":"https:\/\/radioatalaiafmerechim.com.br\/portal\/#\/schema\/logo\/image\/","url":"https:\/\/radioatalaiafmerechim.com.br\/portal\/wp-content\/uploads\/2026\/08\/WhatsApp-Image-2026-08-20-at-19.15.33-2.jpeg","contentUrl":"https:\/\/radioatalaiafmerechim.com.br\/portal\/wp-content\/uploads\/2026\/08\/WhatsApp-Image-2026-08-20-at-19.15.33-2.jpeg","width":1536,"height":1024,"caption":"R\u00e1dio Atalaia Fm Erechim"},"image":{"@id":"https:\/\/radioatalaiafmerechim.com.br\/portal\/#\/schema\/logo\/image\/"}},{"@type":"Person","@id":"https:\/\/radioatalaiafmerechim.com.br\/portal\/#\/schema\/person\/22dc9addc520b1490990ddb312f4244d","name":"luiscarlosmattos44@gmail.com","image":{"@type":"ImageObject","inLanguage":"pt-PT","@id":"https:\/\/secure.gravatar.com\/avatar\/3165018682ad5ebeb6c6303c432e2424711519c66b404df31f016c3cbaffbeb2?s=96&d=mm&r=g","url":"https:\/\/secure.gravatar.com\/avatar\/3165018682ad5ebeb6c6303c432e2424711519c66b404df31f016c3cbaffbeb2?s=96&d=mm&r=g","contentUrl":"https:\/\/secure.gravatar.com\/avatar\/3165018682ad5ebeb6c6303c432e2424711519c66b404df31f016c3cbaffbeb2?s=96&d=mm&r=g","caption":"luiscarlosmattos44@gmail.com"},"sameAs":["https:\/\/radioatalaiafmerechim.com.br\/portal\/"],"url":"https:\/\/radioatalaiafmerechim.com.br\/portal\/author\/luiscarlosmattos\/"}]}},"_links":{"self":[{"href":"https:\/\/radioatalaiafmerechim.com.br\/portal\/wp-json\/wp\/v2\/posts\/12192","targetHints":{"allow":["GET"]}}],"collection":[{"href":"https:\/\/radioatalaiafmerechim.com.br\/portal\/wp-json\/wp\/v2\/posts"}],"about":[{"href":"https:\/\/radioatalaiafmerechim.com.br\/portal\/wp-json\/wp\/v2\/types\/post"}],"author":[{"embeddable":true,"href":"https:\/\/radioatalaiafmerechim.com.br\/portal\/wp-json\/wp\/v2\/users\/4"}],"replies":[{"embeddable":true,"href":"https:\/\/radioatalaiafmerechim.com.br\/portal\/wp-json\/wp\/v2\/comments?post=12192"}],"version-history":[{"count":1,"href":"https:\/\/radioatalaiafmerechim.com.br\/portal\/wp-json\/wp\/v2\/posts\/12192\/revisions"}],"predecessor-version":[{"id":12196,"href":"https:\/\/radioatalaiafmerechim.com.br\/portal\/wp-json\/wp\/v2\/posts\/12192\/revisions\/12196"}],"wp:featuredmedia":[{"embeddable":true,"href":"https:\/\/radioatalaiafmerechim.com.br\/portal\/wp-json\/wp\/v2\/media\/12195"}],"wp:attachment":[{"href":"https:\/\/radioatalaiafmerechim.com.br\/portal\/wp-json\/wp\/v2\/media?parent=12192"}],"wp:term":[{"taxonomy":"category","embeddable":true,"href":"https:\/\/radioatalaiafmerechim.com.br\/portal\/wp-json\/wp\/v2\/categories?post=12192"},{"taxonomy":"post_tag","embeddable":true,"href":"https:\/\/radioatalaiafmerechim.com.br\/portal\/wp-json\/wp\/v2\/tags?post=12192"}],"curies":[{"name":"wp","href":"https:\/\/api.w.org\/{rel}","templated":true}]}}