{"id":12163,"date":"2026-07-30T09:31:04","date_gmt":"2026-07-30T12:31:04","guid":{"rendered":"https:\/\/conexaoerechim.com.br\/?p=12163"},"modified":"2026-07-30T09:31:06","modified_gmt":"2026-07-30T12:31:06","slug":"a-covid-19-infectou-os-noticiarios-novamente","status":"publish","type":"post","link":"https:\/\/radioatalaiafmerechim.com.br\/portal\/a-covid-19-infectou-os-noticiarios-novamente\/","title":{"rendered":"A COVID-19 infectou os notici\u00e1rios novamente."},"content":{"rendered":"\n<p class=\"has-medium-font-size wp-block-paragraph\"><strong>A pandemia voltou a ser tema no congresso americano.<\/strong> O doutor Anthony Fauci, respons\u00e1vel por liderar a resposta dos EUA \u00e0 pandemia, est\u00e1 sendo investigado por mentir sobre a origem do v\u00edrus da crise sanit\u00e1ria.<br><strong>Explicando<\/strong>: No \u00faltimo final de semana, um senador aliado de Trump divulgou +1.100 p\u00e1ginas de um di\u00e1rio do Dr. Fauci. Os textos, escritos de 2019 at\u00e9 2022, mostram duas teorias sobre a origem da COVID-19: causas naturais e um vazamento de laborat\u00f3rio.<br>&#8211;<em>Em anota\u00e7\u00f5es do in\u00edcio da pandemia, o m\u00e9dico diz que, durante uma reuni\u00e3o com seis cientistas renomados, quatro consideravam poss\u00edvel que o v\u00edrus tivesse surgido em laborat\u00f3rios.<\/em><br>&#8211;<em>No entanto, em seus posicionamentos como principal conselheiro m\u00e9dico de Joe Biden, o m\u00e9dico se mostrava convencido de que a origem era natural, refutando e desconsiderando outras hip\u00f3teses.<\/em><br><strong>Com a repercuss\u00e3o,<\/strong> Fauci foi intimado a depor no congresso ontem, recebendo questionamentos contundentes de parlamentares, principalmente republicanos. Ele invocou seu direito a ficar calado +100 vezes durante a audi\u00eancia de 3h.<br>Do outro lado, muitos dos democratas consideraram a sess\u00e3o retr\u00f3grada e tendenciosa, afirmando que a repercuss\u00e3o serve como cortina de fuma\u00e7a para o caso Epstein e para a Guerra do Ir\u00e3.<br>A press\u00e3o que o Dr. Fauci sofreu desde a pandemia fez Biden conceder um indulto preventivo para ele nos seus \u00faltimos dias de governo, protegendo-o de acusa\u00e7\u00f5es relacionadas a quaisquer coment\u00e1rios feitos em anos anteriores..(<strong>the news<\/strong>)<\/p>\n","protected":false},"excerpt":{"rendered":"<p>A pandemia voltou a ser tema no congresso americano. O doutor Anthony Fauci, respons\u00e1vel por liderar a resposta dos EUA \u00e0 pandemia, est\u00e1 sendo investigado por mentir sobre a origem do v\u00edrus da crise sanit\u00e1ria.Explicando: No \u00faltimo final de semana, um senador aliado de Trump divulgou +1.100 p\u00e1ginas de um di\u00e1rio do Dr. Fauci. Os&#8230;<\/p>\n","protected":false},"author":4,"featured_media":12166,"comment_status":"open","ping_status":"open","sticky":false,"template":"","format":"standard","meta":{"pagelayer_contact_templates":[],"_pagelayer_content":"","footnotes":""},"categories":[46,51],"tags":[],"class_list":["post-12163","post","type-post","status-publish","format-standard","has-post-thumbnail","hentry","category-mundo","category-saude"],"yoast_head":"<!-- This site is optimized with the Yoast SEO plugin v28.3 - https:\/\/yoast.com\/product\/yoast-seo-wordpress\/ -->\n<title>A COVID-19 infectou os notici\u00e1rios novamente. - R\u00e1dio Atalaia Fm Erechim<\/title>\n<meta name=\"robots\" content=\"index, follow, max-snippet:-1, max-image-preview:large, max-video-preview:-1\" \/>\n<link rel=\"canonical\" href=\"https:\/\/radioatalaiafmerechim.com.br\/portal\/a-covid-19-infectou-os-noticiarios-novamente\/\" \/>\n<meta property=\"og:locale\" content=\"pt_PT\" \/>\n<meta property=\"og:type\" content=\"article\" \/>\n<meta property=\"og:title\" content=\"A COVID-19 infectou os notici\u00e1rios novamente. - R\u00e1dio Atalaia Fm Erechim\" \/>\n<meta property=\"og:description\" content=\"A pandemia voltou a ser tema no congresso americano. O doutor Anthony Fauci, respons\u00e1vel por liderar a resposta dos EUA \u00e0 pandemia, est\u00e1 sendo investigado por mentir sobre a origem do v\u00edrus da crise sanit\u00e1ria.Explicando: No \u00faltimo final de semana, um senador aliado de Trump divulgou +1.100 p\u00e1ginas de um di\u00e1rio do Dr. Fauci. Os...\" \/>\n<meta property=\"og:url\" content=\"https:\/\/radioatalaiafmerechim.com.br\/portal\/a-covid-19-infectou-os-noticiarios-novamente\/\" \/>\n<meta property=\"og:site_name\" content=\"R\u00e1dio Atalaia Fm Erechim\" \/>\n<meta property=\"article:published_time\" content=\"2026-07-30T12:31:04+00:00\" \/>\n<meta property=\"article:modified_time\" content=\"2026-07-30T12:31:06+00:00\" \/>\n<meta property=\"og:image\" content=\"https:\/\/conexaoerechim.com.br\/wp-content\/uploads\/2026\/07\/COVID.jpg\" \/>\n\t<meta property=\"og:image:width\" content=\"1920\" \/>\n\t<meta property=\"og:image:height\" content=\"1365\" \/>\n\t<meta property=\"og:image:type\" content=\"image\/jpeg\" \/>\n<meta name=\"author\" content=\"luiscarlosmattos44@gmail.com\" \/>\n<meta name=\"twitter:card\" content=\"summary_large_image\" \/>\n<meta name=\"twitter:label1\" content=\"Escrito por\" \/>\n\t<meta name=\"twitter:data1\" content=\"luiscarlosmattos44@gmail.com\" \/>\n\t<meta name=\"twitter:label2\" content=\"Tempo estimado de leitura\" \/>\n\t<meta name=\"twitter:data2\" content=\"2 minutos\" \/>\n<script type=\"application\/ld+json\" class=\"yoast-schema-graph\">{\"@context\":\"https:\\\/\\\/schema.org\",\"@graph\":[{\"@type\":\"Article\",\"@id\":\"https:\\\/\\\/radioatalaiafmerechim.com.br\\\/portal\\\/a-covid-19-infectou-os-noticiarios-novamente\\\/#article\",\"isPartOf\":{\"@id\":\"https:\\\/\\\/radioatalaiafmerechim.com.br\\\/portal\\\/a-covid-19-infectou-os-noticiarios-novamente\\\/\"},\"author\":{\"name\":\"luiscarlosmattos44@gmail.com\",\"@id\":\"https:\\\/\\\/radioatalaiafmerechim.com.br\\\/portal\\\/#\\\/schema\\\/person\\\/22dc9addc520b1490990ddb312f4244d\"},\"headline\":\"A COVID-19 infectou os notici\u00e1rios novamente.\",\"datePublished\":\"2026-07-30T12:31:04+00:00\",\"dateModified\":\"2026-07-30T12:31:06+00:00\",\"mainEntityOfPage\":{\"@id\":\"https:\\\/\\\/radioatalaiafmerechim.com.br\\\/portal\\\/a-covid-19-infectou-os-noticiarios-novamente\\\/\"},\"wordCount\":259,\"commentCount\":0,\"publisher\":{\"@id\":\"https:\\\/\\\/radioatalaiafmerechim.com.br\\\/portal\\\/#organization\"},\"image\":{\"@id\":\"https:\\\/\\\/radioatalaiafmerechim.com.br\\\/portal\\\/a-covid-19-infectou-os-noticiarios-novamente\\\/#primaryimage\"},\"thumbnailUrl\":\"https:\\\/\\\/radioatalaiafmerechim.com.br\\\/portal\\\/wp-content\\\/uploads\\\/2026\\\/07\\\/COVID.jpg\",\"articleSection\":[\"MUNDO\",\"SA\u00daDE\"],\"inLanguage\":\"pt-PT\",\"potentialAction\":[{\"@type\":\"CommentAction\",\"name\":\"Comment\",\"target\":[\"https:\\\/\\\/radioatalaiafmerechim.com.br\\\/portal\\\/a-covid-19-infectou-os-noticiarios-novamente\\\/#respond\"]}]},{\"@type\":\"WebPage\",\"@id\":\"https:\\\/\\\/radioatalaiafmerechim.com.br\\\/portal\\\/a-covid-19-infectou-os-noticiarios-novamente\\\/\",\"url\":\"https:\\\/\\\/radioatalaiafmerechim.com.br\\\/portal\\\/a-covid-19-infectou-os-noticiarios-novamente\\\/\",\"name\":\"A COVID-19 infectou os notici\u00e1rios novamente. - R\u00e1dio Atalaia Fm Erechim\",\"isPartOf\":{\"@id\":\"https:\\\/\\\/radioatalaiafmerechim.com.br\\\/portal\\\/#website\"},\"primaryImageOfPage\":{\"@id\":\"https:\\\/\\\/radioatalaiafmerechim.com.br\\\/portal\\\/a-covid-19-infectou-os-noticiarios-novamente\\\/#primaryimage\"},\"image\":{\"@id\":\"https:\\\/\\\/radioatalaiafmerechim.com.br\\\/portal\\\/a-covid-19-infectou-os-noticiarios-novamente\\\/#primaryimage\"},\"thumbnailUrl\":\"https:\\\/\\\/radioatalaiafmerechim.com.br\\\/portal\\\/wp-content\\\/uploads\\\/2026\\\/07\\\/COVID.jpg\",\"datePublished\":\"2026-07-30T12:31:04+00:00\",\"dateModified\":\"2026-07-30T12:31:06+00:00\",\"breadcrumb\":{\"@id\":\"https:\\\/\\\/radioatalaiafmerechim.com.br\\\/portal\\\/a-covid-19-infectou-os-noticiarios-novamente\\\/#breadcrumb\"},\"inLanguage\":\"pt-PT\",\"potentialAction\":[{\"@type\":\"ReadAction\",\"target\":[\"https:\\\/\\\/radioatalaiafmerechim.com.br\\\/portal\\\/a-covid-19-infectou-os-noticiarios-novamente\\\/\"]}]},{\"@type\":\"ImageObject\",\"inLanguage\":\"pt-PT\",\"@id\":\"https:\\\/\\\/radioatalaiafmerechim.com.br\\\/portal\\\/a-covid-19-infectou-os-noticiarios-novamente\\\/#primaryimage\",\"url\":\"https:\\\/\\\/radioatalaiafmerechim.com.br\\\/portal\\\/wp-content\\\/uploads\\\/2026\\\/07\\\/COVID.jpg\",\"contentUrl\":\"https:\\\/\\\/radioatalaiafmerechim.com.br\\\/portal\\\/wp-content\\\/uploads\\\/2026\\\/07\\\/COVID.jpg\",\"width\":1920,\"height\":1365},{\"@type\":\"BreadcrumbList\",\"@id\":\"https:\\\/\\\/radioatalaiafmerechim.com.br\\\/portal\\\/a-covid-19-infectou-os-noticiarios-novamente\\\/#breadcrumb\",\"itemListElement\":[{\"@type\":\"ListItem\",\"position\":1,\"name\":\"In\u00edcio\",\"item\":\"https:\\\/\\\/radioatalaiafmerechim.com.br\\\/portal\\\/\"},{\"@type\":\"ListItem\",\"position\":2,\"name\":\"A COVID-19 infectou os notici\u00e1rios novamente.\"}]},{\"@type\":\"WebSite\",\"@id\":\"https:\\\/\\\/radioatalaiafmerechim.com.br\\\/portal\\\/#website\",\"url\":\"https:\\\/\\\/radioatalaiafmerechim.com.br\\\/portal\\\/\",\"name\":\"R\u00e1dio Atalaia Fm Erechim\",\"description\":\"\",\"publisher\":{\"@id\":\"https:\\\/\\\/radioatalaiafmerechim.com.br\\\/portal\\\/#organization\"},\"potentialAction\":[{\"@type\":\"SearchAction\",\"target\":{\"@type\":\"EntryPoint\",\"urlTemplate\":\"https:\\\/\\\/radioatalaiafmerechim.com.br\\\/portal\\\/?s={search_term_string}\"},\"query-input\":{\"@type\":\"PropertyValueSpecification\",\"valueRequired\":true,\"valueName\":\"search_term_string\"}}],\"inLanguage\":\"pt-PT\"},{\"@type\":\"Organization\",\"@id\":\"https:\\\/\\\/radioatalaiafmerechim.com.br\\\/portal\\\/#organization\",\"name\":\"R\u00e1dio Atalaia Fm Erechim\",\"url\":\"https:\\\/\\\/radioatalaiafmerechim.com.br\\\/portal\\\/\",\"logo\":{\"@type\":\"ImageObject\",\"inLanguage\":\"pt-PT\",\"@id\":\"https:\\\/\\\/radioatalaiafmerechim.com.br\\\/portal\\\/#\\\/schema\\\/logo\\\/image\\\/\",\"url\":\"https:\\\/\\\/radioatalaiafmerechim.com.br\\\/portal\\\/wp-content\\\/uploads\\\/2026\\\/08\\\/WhatsApp-Image-2026-08-20-at-19.15.33-2.jpeg\",\"contentUrl\":\"https:\\\/\\\/radioatalaiafmerechim.com.br\\\/portal\\\/wp-content\\\/uploads\\\/2026\\\/08\\\/WhatsApp-Image-2026-08-20-at-19.15.33-2.jpeg\",\"width\":1536,\"height\":1024,\"caption\":\"R\u00e1dio Atalaia Fm Erechim\"},\"image\":{\"@id\":\"https:\\\/\\\/radioatalaiafmerechim.com.br\\\/portal\\\/#\\\/schema\\\/logo\\\/image\\\/\"}},{\"@type\":\"Person\",\"@id\":\"https:\\\/\\\/radioatalaiafmerechim.com.br\\\/portal\\\/#\\\/schema\\\/person\\\/22dc9addc520b1490990ddb312f4244d\",\"name\":\"luiscarlosmattos44@gmail.com\",\"image\":{\"@type\":\"ImageObject\",\"inLanguage\":\"pt-PT\",\"@id\":\"https:\\\/\\\/secure.gravatar.com\\\/avatar\\\/3165018682ad5ebeb6c6303c432e2424711519c66b404df31f016c3cbaffbeb2?s=96&d=mm&r=g\",\"url\":\"https:\\\/\\\/secure.gravatar.com\\\/avatar\\\/3165018682ad5ebeb6c6303c432e2424711519c66b404df31f016c3cbaffbeb2?s=96&d=mm&r=g\",\"contentUrl\":\"https:\\\/\\\/secure.gravatar.com\\\/avatar\\\/3165018682ad5ebeb6c6303c432e2424711519c66b404df31f016c3cbaffbeb2?s=96&d=mm&r=g\",\"caption\":\"luiscarlosmattos44@gmail.com\"},\"sameAs\":[\"https:\\\/\\\/radioatalaiafmerechim.com.br\\\/portal\\\/\"],\"url\":\"https:\\\/\\\/radioatalaiafmerechim.com.br\\\/portal\\\/author\\\/luiscarlosmattos\\\/\"}]}<\/script>\n<!-- \/ Yoast SEO plugin. -->","yoast_head_json":{"title":"A COVID-19 infectou os notici\u00e1rios novamente. - R\u00e1dio Atalaia Fm Erechim","robots":{"index":"index","follow":"follow","max-snippet":"max-snippet:-1","max-image-preview":"max-image-preview:large","max-video-preview":"max-video-preview:-1"},"canonical":"https:\/\/radioatalaiafmerechim.com.br\/portal\/a-covid-19-infectou-os-noticiarios-novamente\/","og_locale":"pt_PT","og_type":"article","og_title":"A COVID-19 infectou os notici\u00e1rios novamente. - R\u00e1dio Atalaia Fm Erechim","og_description":"A pandemia voltou a ser tema no congresso americano. O doutor Anthony Fauci, respons\u00e1vel por liderar a resposta dos EUA \u00e0 pandemia, est\u00e1 sendo investigado por mentir sobre a origem do v\u00edrus da crise sanit\u00e1ria.Explicando: No \u00faltimo final de semana, um senador aliado de Trump divulgou +1.100 p\u00e1ginas de um di\u00e1rio do Dr. Fauci. Os...","og_url":"https:\/\/radioatalaiafmerechim.com.br\/portal\/a-covid-19-infectou-os-noticiarios-novamente\/","og_site_name":"R\u00e1dio Atalaia Fm Erechim","article_published_time":"2026-07-30T12:31:04+00:00","article_modified_time":"2026-07-30T12:31:06+00:00","og_image":[{"width":1920,"height":1365,"url":"https:\/\/conexaoerechim.com.br\/wp-content\/uploads\/2026\/07\/COVID.jpg","type":"image\/jpeg"}],"author":"luiscarlosmattos44@gmail.com","twitter_card":"summary_large_image","twitter_misc":{"Escrito por":"luiscarlosmattos44@gmail.com","Tempo estimado de leitura":"2 minutos"},"schema":{"@context":"https:\/\/schema.org","@graph":[{"@type":"Article","@id":"https:\/\/radioatalaiafmerechim.com.br\/portal\/a-covid-19-infectou-os-noticiarios-novamente\/#article","isPartOf":{"@id":"https:\/\/radioatalaiafmerechim.com.br\/portal\/a-covid-19-infectou-os-noticiarios-novamente\/"},"author":{"name":"luiscarlosmattos44@gmail.com","@id":"https:\/\/radioatalaiafmerechim.com.br\/portal\/#\/schema\/person\/22dc9addc520b1490990ddb312f4244d"},"headline":"A COVID-19 infectou os notici\u00e1rios novamente.","datePublished":"2026-07-30T12:31:04+00:00","dateModified":"2026-07-30T12:31:06+00:00","mainEntityOfPage":{"@id":"https:\/\/radioatalaiafmerechim.com.br\/portal\/a-covid-19-infectou-os-noticiarios-novamente\/"},"wordCount":259,"commentCount":0,"publisher":{"@id":"https:\/\/radioatalaiafmerechim.com.br\/portal\/#organization"},"image":{"@id":"https:\/\/radioatalaiafmerechim.com.br\/portal\/a-covid-19-infectou-os-noticiarios-novamente\/#primaryimage"},"thumbnailUrl":"https:\/\/radioatalaiafmerechim.com.br\/portal\/wp-content\/uploads\/2026\/07\/COVID.jpg","articleSection":["MUNDO","SA\u00daDE"],"inLanguage":"pt-PT","potentialAction":[{"@type":"CommentAction","name":"Comment","target":["https:\/\/radioatalaiafmerechim.com.br\/portal\/a-covid-19-infectou-os-noticiarios-novamente\/#respond"]}]},{"@type":"WebPage","@id":"https:\/\/radioatalaiafmerechim.com.br\/portal\/a-covid-19-infectou-os-noticiarios-novamente\/","url":"https:\/\/radioatalaiafmerechim.com.br\/portal\/a-covid-19-infectou-os-noticiarios-novamente\/","name":"A COVID-19 infectou os notici\u00e1rios novamente. - R\u00e1dio Atalaia Fm Erechim","isPartOf":{"@id":"https:\/\/radioatalaiafmerechim.com.br\/portal\/#website"},"primaryImageOfPage":{"@id":"https:\/\/radioatalaiafmerechim.com.br\/portal\/a-covid-19-infectou-os-noticiarios-novamente\/#primaryimage"},"image":{"@id":"https:\/\/radioatalaiafmerechim.com.br\/portal\/a-covid-19-infectou-os-noticiarios-novamente\/#primaryimage"},"thumbnailUrl":"https:\/\/radioatalaiafmerechim.com.br\/portal\/wp-content\/uploads\/2026\/07\/COVID.jpg","datePublished":"2026-07-30T12:31:04+00:00","dateModified":"2026-07-30T12:31:06+00:00","breadcrumb":{"@id":"https:\/\/radioatalaiafmerechim.com.br\/portal\/a-covid-19-infectou-os-noticiarios-novamente\/#breadcrumb"},"inLanguage":"pt-PT","potentialAction":[{"@type":"ReadAction","target":["https:\/\/radioatalaiafmerechim.com.br\/portal\/a-covid-19-infectou-os-noticiarios-novamente\/"]}]},{"@type":"ImageObject","inLanguage":"pt-PT","@id":"https:\/\/radioatalaiafmerechim.com.br\/portal\/a-covid-19-infectou-os-noticiarios-novamente\/#primaryimage","url":"https:\/\/radioatalaiafmerechim.com.br\/portal\/wp-content\/uploads\/2026\/07\/COVID.jpg","contentUrl":"https:\/\/radioatalaiafmerechim.com.br\/portal\/wp-content\/uploads\/2026\/07\/COVID.jpg","width":1920,"height":1365},{"@type":"BreadcrumbList","@id":"https:\/\/radioatalaiafmerechim.com.br\/portal\/a-covid-19-infectou-os-noticiarios-novamente\/#breadcrumb","itemListElement":[{"@type":"ListItem","position":1,"name":"In\u00edcio","item":"https:\/\/radioatalaiafmerechim.com.br\/portal\/"},{"@type":"ListItem","position":2,"name":"A COVID-19 infectou os notici\u00e1rios novamente."}]},{"@type":"WebSite","@id":"https:\/\/radioatalaiafmerechim.com.br\/portal\/#website","url":"https:\/\/radioatalaiafmerechim.com.br\/portal\/","name":"R\u00e1dio Atalaia Fm Erechim","description":"","publisher":{"@id":"https:\/\/radioatalaiafmerechim.com.br\/portal\/#organization"},"potentialAction":[{"@type":"SearchAction","target":{"@type":"EntryPoint","urlTemplate":"https:\/\/radioatalaiafmerechim.com.br\/portal\/?s={search_term_string}"},"query-input":{"@type":"PropertyValueSpecification","valueRequired":true,"valueName":"search_term_string"}}],"inLanguage":"pt-PT"},{"@type":"Organization","@id":"https:\/\/radioatalaiafmerechim.com.br\/portal\/#organization","name":"R\u00e1dio Atalaia Fm Erechim","url":"https:\/\/radioatalaiafmerechim.com.br\/portal\/","logo":{"@type":"ImageObject","inLanguage":"pt-PT","@id":"https:\/\/radioatalaiafmerechim.com.br\/portal\/#\/schema\/logo\/image\/","url":"https:\/\/radioatalaiafmerechim.com.br\/portal\/wp-content\/uploads\/2026\/08\/WhatsApp-Image-2026-08-20-at-19.15.33-2.jpeg","contentUrl":"https:\/\/radioatalaiafmerechim.com.br\/portal\/wp-content\/uploads\/2026\/08\/WhatsApp-Image-2026-08-20-at-19.15.33-2.jpeg","width":1536,"height":1024,"caption":"R\u00e1dio Atalaia Fm Erechim"},"image":{"@id":"https:\/\/radioatalaiafmerechim.com.br\/portal\/#\/schema\/logo\/image\/"}},{"@type":"Person","@id":"https:\/\/radioatalaiafmerechim.com.br\/portal\/#\/schema\/person\/22dc9addc520b1490990ddb312f4244d","name":"luiscarlosmattos44@gmail.com","image":{"@type":"ImageObject","inLanguage":"pt-PT","@id":"https:\/\/secure.gravatar.com\/avatar\/3165018682ad5ebeb6c6303c432e2424711519c66b404df31f016c3cbaffbeb2?s=96&d=mm&r=g","url":"https:\/\/secure.gravatar.com\/avatar\/3165018682ad5ebeb6c6303c432e2424711519c66b404df31f016c3cbaffbeb2?s=96&d=mm&r=g","contentUrl":"https:\/\/secure.gravatar.com\/avatar\/3165018682ad5ebeb6c6303c432e2424711519c66b404df31f016c3cbaffbeb2?s=96&d=mm&r=g","caption":"luiscarlosmattos44@gmail.com"},"sameAs":["https:\/\/radioatalaiafmerechim.com.br\/portal\/"],"url":"https:\/\/radioatalaiafmerechim.com.br\/portal\/author\/luiscarlosmattos\/"}]}},"_links":{"self":[{"href":"https:\/\/radioatalaiafmerechim.com.br\/portal\/wp-json\/wp\/v2\/posts\/12163","targetHints":{"allow":["GET"]}}],"collection":[{"href":"https:\/\/radioatalaiafmerechim.com.br\/portal\/wp-json\/wp\/v2\/posts"}],"about":[{"href":"https:\/\/radioatalaiafmerechim.com.br\/portal\/wp-json\/wp\/v2\/types\/post"}],"author":[{"embeddable":true,"href":"https:\/\/radioatalaiafmerechim.com.br\/portal\/wp-json\/wp\/v2\/users\/4"}],"replies":[{"embeddable":true,"href":"https:\/\/radioatalaiafmerechim.com.br\/portal\/wp-json\/wp\/v2\/comments?post=12163"}],"version-history":[{"count":1,"href":"https:\/\/radioatalaiafmerechim.com.br\/portal\/wp-json\/wp\/v2\/posts\/12163\/revisions"}],"predecessor-version":[{"id":12167,"href":"https:\/\/radioatalaiafmerechim.com.br\/portal\/wp-json\/wp\/v2\/posts\/12163\/revisions\/12167"}],"wp:featuredmedia":[{"embeddable":true,"href":"https:\/\/radioatalaiafmerechim.com.br\/portal\/wp-json\/wp\/v2\/media\/12166"}],"wp:attachment":[{"href":"https:\/\/radioatalaiafmerechim.com.br\/portal\/wp-json\/wp\/v2\/media?parent=12163"}],"wp:term":[{"taxonomy":"category","embeddable":true,"href":"https:\/\/radioatalaiafmerechim.com.br\/portal\/wp-json\/wp\/v2\/categories?post=12163"},{"taxonomy":"post_tag","embeddable":true,"href":"https:\/\/radioatalaiafmerechim.com.br\/portal\/wp-json\/wp\/v2\/tags?post=12163"}],"curies":[{"name":"wp","href":"https:\/\/api.w.org\/{rel}","templated":true}]}}