{"id":12154,"date":"2026-07-30T08:47:36","date_gmt":"2026-07-30T11:47:36","guid":{"rendered":"https:\/\/conexaoerechim.com.br\/?p=12154"},"modified":"2026-07-30T08:47:39","modified_gmt":"2026-07-30T11:47:39","slug":"dia-internacional-da-amizade","status":"publish","type":"post","link":"https:\/\/radioatalaiafmerechim.com.br\/portal\/dia-internacional-da-amizade\/","title":{"rendered":"Dia Internacional da Amizade."},"content":{"rendered":"\n<p class=\"has-medium-font-size wp-block-paragraph\">O Dia Internacional da Amizade \u00e9 comemorado anualmente no dia 30 de julho em v\u00e1rios pa\u00edses do mundo.<br>Esta data foi institu\u00edda pela ONU em 27 de abril de 2011. O seu objetivo \u00e9 promover a cultura da paz entre todos os povos, celebrando assim a diversidade cultural e o respeito m\u00fatuo.<br>A ideia para a cria\u00e7\u00e3o desta data foi do m\u00e9dico paraguaio Ram\u00f3n Artemio Bracho, que fundou a Cruzada Mundial da Amizade, um programa que promovia a boa conviv\u00eancia entre os diversos povos.<br>Nesta data, os amigos costumam trocar mensagens de carinho, afeto e agradecer todo o companheirismo e dedica\u00e7\u00e3o.<br>A comemora\u00e7\u00e3o em abril n\u00e3o \u00e9 oficial, mas ficou bastante popular entre os brasileiros. J\u00e1 o dia 20 de julho teve origem na Argentina e se espalhou um pouco por todo o mundo.<\/p>\n\n\n\n<p class=\"wp-block-paragraph\"><strong>Calendarr\/Brasil<\/strong><\/p>\n","protected":false},"excerpt":{"rendered":"<p>O Dia Internacional da Amizade \u00e9 comemorado anualmente no dia 30 de julho em v\u00e1rios pa\u00edses do mundo.Esta data foi institu\u00edda pela ONU em 27 de abril de 2011. O seu objetivo \u00e9 promover a cultura da paz entre todos os povos, celebrando assim a diversidade cultural e o respeito m\u00fatuo.A ideia para a cria\u00e7\u00e3o&#8230;<\/p>\n","protected":false},"author":4,"featured_media":12157,"comment_status":"open","ping_status":"open","sticky":false,"template":"","format":"standard","meta":{"pagelayer_contact_templates":[],"_pagelayer_content":"","footnotes":""},"categories":[61],"tags":[],"class_list":["post-12154","post","type-post","status-publish","format-standard","has-post-thumbnail","hentry","category-historia"],"yoast_head":"<!-- This site is optimized with the Yoast SEO plugin v28.3 - https:\/\/yoast.com\/product\/yoast-seo-wordpress\/ -->\n<title>Dia Internacional da Amizade. - R\u00e1dio Atalaia Fm Erechim<\/title>\n<meta name=\"robots\" content=\"index, follow, max-snippet:-1, max-image-preview:large, max-video-preview:-1\" \/>\n<link rel=\"canonical\" href=\"https:\/\/radioatalaiafmerechim.com.br\/portal\/dia-internacional-da-amizade\/\" \/>\n<meta property=\"og:locale\" content=\"pt_PT\" \/>\n<meta property=\"og:type\" content=\"article\" \/>\n<meta property=\"og:title\" content=\"Dia Internacional da Amizade. - R\u00e1dio Atalaia Fm Erechim\" \/>\n<meta property=\"og:description\" content=\"O Dia Internacional da Amizade \u00e9 comemorado anualmente no dia 30 de julho em v\u00e1rios pa\u00edses do mundo.Esta data foi institu\u00edda pela ONU em 27 de abril de 2011. O seu objetivo \u00e9 promover a cultura da paz entre todos os povos, celebrando assim a diversidade cultural e o respeito m\u00fatuo.A ideia para a cria\u00e7\u00e3o...\" \/>\n<meta property=\"og:url\" content=\"https:\/\/radioatalaiafmerechim.com.br\/portal\/dia-internacional-da-amizade\/\" \/>\n<meta property=\"og:site_name\" content=\"R\u00e1dio Atalaia Fm Erechim\" \/>\n<meta property=\"article:published_time\" content=\"2026-07-30T11:47:36+00:00\" \/>\n<meta property=\"article:modified_time\" content=\"2026-07-30T11:47:39+00:00\" \/>\n<meta property=\"og:image\" content=\"https:\/\/conexaoerechim.com.br\/wp-content\/uploads\/2026\/07\/dia-do-amigo-e-internacional-da-amizade-1.webp\" \/>\n\t<meta property=\"og:image:width\" content=\"1400\" \/>\n\t<meta property=\"og:image:height\" content=\"1050\" \/>\n\t<meta property=\"og:image:type\" content=\"image\/webp\" \/>\n<meta name=\"author\" content=\"luiscarlosmattos44@gmail.com\" \/>\n<meta name=\"twitter:card\" content=\"summary_large_image\" \/>\n<meta name=\"twitter:label1\" content=\"Escrito por\" \/>\n\t<meta name=\"twitter:data1\" content=\"luiscarlosmattos44@gmail.com\" \/>\n\t<meta name=\"twitter:label2\" content=\"Tempo estimado de leitura\" \/>\n\t<meta name=\"twitter:data2\" content=\"1 minuto\" \/>\n<script type=\"application\/ld+json\" class=\"yoast-schema-graph\">{\"@context\":\"https:\\\/\\\/schema.org\",\"@graph\":[{\"@type\":\"Article\",\"@id\":\"https:\\\/\\\/radioatalaiafmerechim.com.br\\\/portal\\\/dia-internacional-da-amizade\\\/#article\",\"isPartOf\":{\"@id\":\"https:\\\/\\\/radioatalaiafmerechim.com.br\\\/portal\\\/dia-internacional-da-amizade\\\/\"},\"author\":{\"name\":\"luiscarlosmattos44@gmail.com\",\"@id\":\"https:\\\/\\\/radioatalaiafmerechim.com.br\\\/portal\\\/#\\\/schema\\\/person\\\/22dc9addc520b1490990ddb312f4244d\"},\"headline\":\"Dia Internacional da Amizade.\",\"datePublished\":\"2026-07-30T11:47:36+00:00\",\"dateModified\":\"2026-07-30T11:47:39+00:00\",\"mainEntityOfPage\":{\"@id\":\"https:\\\/\\\/radioatalaiafmerechim.com.br\\\/portal\\\/dia-internacional-da-amizade\\\/\"},\"wordCount\":144,\"commentCount\":0,\"publisher\":{\"@id\":\"https:\\\/\\\/radioatalaiafmerechim.com.br\\\/portal\\\/#organization\"},\"image\":{\"@id\":\"https:\\\/\\\/radioatalaiafmerechim.com.br\\\/portal\\\/dia-internacional-da-amizade\\\/#primaryimage\"},\"thumbnailUrl\":\"https:\\\/\\\/radioatalaiafmerechim.com.br\\\/portal\\\/wp-content\\\/uploads\\\/2026\\\/07\\\/dia-do-amigo-e-internacional-da-amizade-1.webp\",\"articleSection\":[\"HIST\u00d3RIA\"],\"inLanguage\":\"pt-PT\",\"potentialAction\":[{\"@type\":\"CommentAction\",\"name\":\"Comment\",\"target\":[\"https:\\\/\\\/radioatalaiafmerechim.com.br\\\/portal\\\/dia-internacional-da-amizade\\\/#respond\"]}]},{\"@type\":\"WebPage\",\"@id\":\"https:\\\/\\\/radioatalaiafmerechim.com.br\\\/portal\\\/dia-internacional-da-amizade\\\/\",\"url\":\"https:\\\/\\\/radioatalaiafmerechim.com.br\\\/portal\\\/dia-internacional-da-amizade\\\/\",\"name\":\"Dia Internacional da Amizade. - R\u00e1dio Atalaia Fm Erechim\",\"isPartOf\":{\"@id\":\"https:\\\/\\\/radioatalaiafmerechim.com.br\\\/portal\\\/#website\"},\"primaryImageOfPage\":{\"@id\":\"https:\\\/\\\/radioatalaiafmerechim.com.br\\\/portal\\\/dia-internacional-da-amizade\\\/#primaryimage\"},\"image\":{\"@id\":\"https:\\\/\\\/radioatalaiafmerechim.com.br\\\/portal\\\/dia-internacional-da-amizade\\\/#primaryimage\"},\"thumbnailUrl\":\"https:\\\/\\\/radioatalaiafmerechim.com.br\\\/portal\\\/wp-content\\\/uploads\\\/2026\\\/07\\\/dia-do-amigo-e-internacional-da-amizade-1.webp\",\"datePublished\":\"2026-07-30T11:47:36+00:00\",\"dateModified\":\"2026-07-30T11:47:39+00:00\",\"breadcrumb\":{\"@id\":\"https:\\\/\\\/radioatalaiafmerechim.com.br\\\/portal\\\/dia-internacional-da-amizade\\\/#breadcrumb\"},\"inLanguage\":\"pt-PT\",\"potentialAction\":[{\"@type\":\"ReadAction\",\"target\":[\"https:\\\/\\\/radioatalaiafmerechim.com.br\\\/portal\\\/dia-internacional-da-amizade\\\/\"]}]},{\"@type\":\"ImageObject\",\"inLanguage\":\"pt-PT\",\"@id\":\"https:\\\/\\\/radioatalaiafmerechim.com.br\\\/portal\\\/dia-internacional-da-amizade\\\/#primaryimage\",\"url\":\"https:\\\/\\\/radioatalaiafmerechim.com.br\\\/portal\\\/wp-content\\\/uploads\\\/2026\\\/07\\\/dia-do-amigo-e-internacional-da-amizade-1.webp\",\"contentUrl\":\"https:\\\/\\\/radioatalaiafmerechim.com.br\\\/portal\\\/wp-content\\\/uploads\\\/2026\\\/07\\\/dia-do-amigo-e-internacional-da-amizade-1.webp\",\"width\":1400,\"height\":1050},{\"@type\":\"BreadcrumbList\",\"@id\":\"https:\\\/\\\/radioatalaiafmerechim.com.br\\\/portal\\\/dia-internacional-da-amizade\\\/#breadcrumb\",\"itemListElement\":[{\"@type\":\"ListItem\",\"position\":1,\"name\":\"In\u00edcio\",\"item\":\"https:\\\/\\\/radioatalaiafmerechim.com.br\\\/portal\\\/\"},{\"@type\":\"ListItem\",\"position\":2,\"name\":\"Dia Internacional da Amizade.\"}]},{\"@type\":\"WebSite\",\"@id\":\"https:\\\/\\\/radioatalaiafmerechim.com.br\\\/portal\\\/#website\",\"url\":\"https:\\\/\\\/radioatalaiafmerechim.com.br\\\/portal\\\/\",\"name\":\"R\u00e1dio Atalaia Fm Erechim\",\"description\":\"\",\"publisher\":{\"@id\":\"https:\\\/\\\/radioatalaiafmerechim.com.br\\\/portal\\\/#organization\"},\"potentialAction\":[{\"@type\":\"SearchAction\",\"target\":{\"@type\":\"EntryPoint\",\"urlTemplate\":\"https:\\\/\\\/radioatalaiafmerechim.com.br\\\/portal\\\/?s={search_term_string}\"},\"query-input\":{\"@type\":\"PropertyValueSpecification\",\"valueRequired\":true,\"valueName\":\"search_term_string\"}}],\"inLanguage\":\"pt-PT\"},{\"@type\":\"Organization\",\"@id\":\"https:\\\/\\\/radioatalaiafmerechim.com.br\\\/portal\\\/#organization\",\"name\":\"R\u00e1dio Atalaia Fm Erechim\",\"url\":\"https:\\\/\\\/radioatalaiafmerechim.com.br\\\/portal\\\/\",\"logo\":{\"@type\":\"ImageObject\",\"inLanguage\":\"pt-PT\",\"@id\":\"https:\\\/\\\/radioatalaiafmerechim.com.br\\\/portal\\\/#\\\/schema\\\/logo\\\/image\\\/\",\"url\":\"https:\\\/\\\/radioatalaiafmerechim.com.br\\\/portal\\\/wp-content\\\/uploads\\\/2026\\\/08\\\/WhatsApp-Image-2026-08-20-at-19.15.33-2.jpeg\",\"contentUrl\":\"https:\\\/\\\/radioatalaiafmerechim.com.br\\\/portal\\\/wp-content\\\/uploads\\\/2026\\\/08\\\/WhatsApp-Image-2026-08-20-at-19.15.33-2.jpeg\",\"width\":1536,\"height\":1024,\"caption\":\"R\u00e1dio Atalaia Fm Erechim\"},\"image\":{\"@id\":\"https:\\\/\\\/radioatalaiafmerechim.com.br\\\/portal\\\/#\\\/schema\\\/logo\\\/image\\\/\"}},{\"@type\":\"Person\",\"@id\":\"https:\\\/\\\/radioatalaiafmerechim.com.br\\\/portal\\\/#\\\/schema\\\/person\\\/22dc9addc520b1490990ddb312f4244d\",\"name\":\"luiscarlosmattos44@gmail.com\",\"image\":{\"@type\":\"ImageObject\",\"inLanguage\":\"pt-PT\",\"@id\":\"https:\\\/\\\/secure.gravatar.com\\\/avatar\\\/3165018682ad5ebeb6c6303c432e2424711519c66b404df31f016c3cbaffbeb2?s=96&d=mm&r=g\",\"url\":\"https:\\\/\\\/secure.gravatar.com\\\/avatar\\\/3165018682ad5ebeb6c6303c432e2424711519c66b404df31f016c3cbaffbeb2?s=96&d=mm&r=g\",\"contentUrl\":\"https:\\\/\\\/secure.gravatar.com\\\/avatar\\\/3165018682ad5ebeb6c6303c432e2424711519c66b404df31f016c3cbaffbeb2?s=96&d=mm&r=g\",\"caption\":\"luiscarlosmattos44@gmail.com\"},\"sameAs\":[\"https:\\\/\\\/radioatalaiafmerechim.com.br\\\/portal\\\/\"],\"url\":\"https:\\\/\\\/radioatalaiafmerechim.com.br\\\/portal\\\/author\\\/luiscarlosmattos\\\/\"}]}<\/script>\n<!-- \/ Yoast SEO plugin. -->","yoast_head_json":{"title":"Dia Internacional da Amizade. - R\u00e1dio Atalaia Fm Erechim","robots":{"index":"index","follow":"follow","max-snippet":"max-snippet:-1","max-image-preview":"max-image-preview:large","max-video-preview":"max-video-preview:-1"},"canonical":"https:\/\/radioatalaiafmerechim.com.br\/portal\/dia-internacional-da-amizade\/","og_locale":"pt_PT","og_type":"article","og_title":"Dia Internacional da Amizade. - R\u00e1dio Atalaia Fm Erechim","og_description":"O Dia Internacional da Amizade \u00e9 comemorado anualmente no dia 30 de julho em v\u00e1rios pa\u00edses do mundo.Esta data foi institu\u00edda pela ONU em 27 de abril de 2011. O seu objetivo \u00e9 promover a cultura da paz entre todos os povos, celebrando assim a diversidade cultural e o respeito m\u00fatuo.A ideia para a cria\u00e7\u00e3o...","og_url":"https:\/\/radioatalaiafmerechim.com.br\/portal\/dia-internacional-da-amizade\/","og_site_name":"R\u00e1dio Atalaia Fm Erechim","article_published_time":"2026-07-30T11:47:36+00:00","article_modified_time":"2026-07-30T11:47:39+00:00","og_image":[{"width":1400,"height":1050,"url":"https:\/\/conexaoerechim.com.br\/wp-content\/uploads\/2026\/07\/dia-do-amigo-e-internacional-da-amizade-1.webp","type":"image\/webp"}],"author":"luiscarlosmattos44@gmail.com","twitter_card":"summary_large_image","twitter_misc":{"Escrito por":"luiscarlosmattos44@gmail.com","Tempo estimado de leitura":"1 minuto"},"schema":{"@context":"https:\/\/schema.org","@graph":[{"@type":"Article","@id":"https:\/\/radioatalaiafmerechim.com.br\/portal\/dia-internacional-da-amizade\/#article","isPartOf":{"@id":"https:\/\/radioatalaiafmerechim.com.br\/portal\/dia-internacional-da-amizade\/"},"author":{"name":"luiscarlosmattos44@gmail.com","@id":"https:\/\/radioatalaiafmerechim.com.br\/portal\/#\/schema\/person\/22dc9addc520b1490990ddb312f4244d"},"headline":"Dia Internacional da Amizade.","datePublished":"2026-07-30T11:47:36+00:00","dateModified":"2026-07-30T11:47:39+00:00","mainEntityOfPage":{"@id":"https:\/\/radioatalaiafmerechim.com.br\/portal\/dia-internacional-da-amizade\/"},"wordCount":144,"commentCount":0,"publisher":{"@id":"https:\/\/radioatalaiafmerechim.com.br\/portal\/#organization"},"image":{"@id":"https:\/\/radioatalaiafmerechim.com.br\/portal\/dia-internacional-da-amizade\/#primaryimage"},"thumbnailUrl":"https:\/\/radioatalaiafmerechim.com.br\/portal\/wp-content\/uploads\/2026\/07\/dia-do-amigo-e-internacional-da-amizade-1.webp","articleSection":["HIST\u00d3RIA"],"inLanguage":"pt-PT","potentialAction":[{"@type":"CommentAction","name":"Comment","target":["https:\/\/radioatalaiafmerechim.com.br\/portal\/dia-internacional-da-amizade\/#respond"]}]},{"@type":"WebPage","@id":"https:\/\/radioatalaiafmerechim.com.br\/portal\/dia-internacional-da-amizade\/","url":"https:\/\/radioatalaiafmerechim.com.br\/portal\/dia-internacional-da-amizade\/","name":"Dia Internacional da Amizade. - R\u00e1dio Atalaia Fm Erechim","isPartOf":{"@id":"https:\/\/radioatalaiafmerechim.com.br\/portal\/#website"},"primaryImageOfPage":{"@id":"https:\/\/radioatalaiafmerechim.com.br\/portal\/dia-internacional-da-amizade\/#primaryimage"},"image":{"@id":"https:\/\/radioatalaiafmerechim.com.br\/portal\/dia-internacional-da-amizade\/#primaryimage"},"thumbnailUrl":"https:\/\/radioatalaiafmerechim.com.br\/portal\/wp-content\/uploads\/2026\/07\/dia-do-amigo-e-internacional-da-amizade-1.webp","datePublished":"2026-07-30T11:47:36+00:00","dateModified":"2026-07-30T11:47:39+00:00","breadcrumb":{"@id":"https:\/\/radioatalaiafmerechim.com.br\/portal\/dia-internacional-da-amizade\/#breadcrumb"},"inLanguage":"pt-PT","potentialAction":[{"@type":"ReadAction","target":["https:\/\/radioatalaiafmerechim.com.br\/portal\/dia-internacional-da-amizade\/"]}]},{"@type":"ImageObject","inLanguage":"pt-PT","@id":"https:\/\/radioatalaiafmerechim.com.br\/portal\/dia-internacional-da-amizade\/#primaryimage","url":"https:\/\/radioatalaiafmerechim.com.br\/portal\/wp-content\/uploads\/2026\/07\/dia-do-amigo-e-internacional-da-amizade-1.webp","contentUrl":"https:\/\/radioatalaiafmerechim.com.br\/portal\/wp-content\/uploads\/2026\/07\/dia-do-amigo-e-internacional-da-amizade-1.webp","width":1400,"height":1050},{"@type":"BreadcrumbList","@id":"https:\/\/radioatalaiafmerechim.com.br\/portal\/dia-internacional-da-amizade\/#breadcrumb","itemListElement":[{"@type":"ListItem","position":1,"name":"In\u00edcio","item":"https:\/\/radioatalaiafmerechim.com.br\/portal\/"},{"@type":"ListItem","position":2,"name":"Dia Internacional da Amizade."}]},{"@type":"WebSite","@id":"https:\/\/radioatalaiafmerechim.com.br\/portal\/#website","url":"https:\/\/radioatalaiafmerechim.com.br\/portal\/","name":"R\u00e1dio Atalaia Fm Erechim","description":"","publisher":{"@id":"https:\/\/radioatalaiafmerechim.com.br\/portal\/#organization"},"potentialAction":[{"@type":"SearchAction","target":{"@type":"EntryPoint","urlTemplate":"https:\/\/radioatalaiafmerechim.com.br\/portal\/?s={search_term_string}"},"query-input":{"@type":"PropertyValueSpecification","valueRequired":true,"valueName":"search_term_string"}}],"inLanguage":"pt-PT"},{"@type":"Organization","@id":"https:\/\/radioatalaiafmerechim.com.br\/portal\/#organization","name":"R\u00e1dio Atalaia Fm Erechim","url":"https:\/\/radioatalaiafmerechim.com.br\/portal\/","logo":{"@type":"ImageObject","inLanguage":"pt-PT","@id":"https:\/\/radioatalaiafmerechim.com.br\/portal\/#\/schema\/logo\/image\/","url":"https:\/\/radioatalaiafmerechim.com.br\/portal\/wp-content\/uploads\/2026\/08\/WhatsApp-Image-2026-08-20-at-19.15.33-2.jpeg","contentUrl":"https:\/\/radioatalaiafmerechim.com.br\/portal\/wp-content\/uploads\/2026\/08\/WhatsApp-Image-2026-08-20-at-19.15.33-2.jpeg","width":1536,"height":1024,"caption":"R\u00e1dio Atalaia Fm Erechim"},"image":{"@id":"https:\/\/radioatalaiafmerechim.com.br\/portal\/#\/schema\/logo\/image\/"}},{"@type":"Person","@id":"https:\/\/radioatalaiafmerechim.com.br\/portal\/#\/schema\/person\/22dc9addc520b1490990ddb312f4244d","name":"luiscarlosmattos44@gmail.com","image":{"@type":"ImageObject","inLanguage":"pt-PT","@id":"https:\/\/secure.gravatar.com\/avatar\/3165018682ad5ebeb6c6303c432e2424711519c66b404df31f016c3cbaffbeb2?s=96&d=mm&r=g","url":"https:\/\/secure.gravatar.com\/avatar\/3165018682ad5ebeb6c6303c432e2424711519c66b404df31f016c3cbaffbeb2?s=96&d=mm&r=g","contentUrl":"https:\/\/secure.gravatar.com\/avatar\/3165018682ad5ebeb6c6303c432e2424711519c66b404df31f016c3cbaffbeb2?s=96&d=mm&r=g","caption":"luiscarlosmattos44@gmail.com"},"sameAs":["https:\/\/radioatalaiafmerechim.com.br\/portal\/"],"url":"https:\/\/radioatalaiafmerechim.com.br\/portal\/author\/luiscarlosmattos\/"}]}},"_links":{"self":[{"href":"https:\/\/radioatalaiafmerechim.com.br\/portal\/wp-json\/wp\/v2\/posts\/12154","targetHints":{"allow":["GET"]}}],"collection":[{"href":"https:\/\/radioatalaiafmerechim.com.br\/portal\/wp-json\/wp\/v2\/posts"}],"about":[{"href":"https:\/\/radioatalaiafmerechim.com.br\/portal\/wp-json\/wp\/v2\/types\/post"}],"author":[{"embeddable":true,"href":"https:\/\/radioatalaiafmerechim.com.br\/portal\/wp-json\/wp\/v2\/users\/4"}],"replies":[{"embeddable":true,"href":"https:\/\/radioatalaiafmerechim.com.br\/portal\/wp-json\/wp\/v2\/comments?post=12154"}],"version-history":[{"count":1,"href":"https:\/\/radioatalaiafmerechim.com.br\/portal\/wp-json\/wp\/v2\/posts\/12154\/revisions"}],"predecessor-version":[{"id":12158,"href":"https:\/\/radioatalaiafmerechim.com.br\/portal\/wp-json\/wp\/v2\/posts\/12154\/revisions\/12158"}],"wp:featuredmedia":[{"embeddable":true,"href":"https:\/\/radioatalaiafmerechim.com.br\/portal\/wp-json\/wp\/v2\/media\/12157"}],"wp:attachment":[{"href":"https:\/\/radioatalaiafmerechim.com.br\/portal\/wp-json\/wp\/v2\/media?parent=12154"}],"wp:term":[{"taxonomy":"category","embeddable":true,"href":"https:\/\/radioatalaiafmerechim.com.br\/portal\/wp-json\/wp\/v2\/categories?post=12154"},{"taxonomy":"post_tag","embeddable":true,"href":"https:\/\/radioatalaiafmerechim.com.br\/portal\/wp-json\/wp\/v2\/tags?post=12154"}],"curies":[{"name":"wp","href":"https:\/\/api.w.org\/{rel}","templated":true}]}}